{"id":31296,"date":"2025-10-26T07:45:12","date_gmt":"2025-10-26T07:45:12","guid":{"rendered":"https:\/\/www.europesays.com\/lv\/31296\/"},"modified":"2025-10-26T07:45:12","modified_gmt":"2025-10-26T07:45:12","slug":"es-apspriez-alkohola-antiseptisko-lidzeklu-aizliegumu-to-etanola-satura-del","status":"publish","type":"post","link":"https:\/\/www.europesays.com\/lv\/31296\/","title":{"rendered":"ES apsprie\u017e alkohola antiseptisko l\u012bdzek\u013cu aizliegumu to etanola satura d\u0113\u013c"},"content":{"rendered":"<p>Eiropas Savien\u012bba apsver iesp\u0113ju klasific\u0113t etanolu k\u0101 potenci\u0101li b\u012bstamu vielu, kas palielina v\u0113\u017ea un gr\u016btniec\u012bbas komplik\u0101ciju risku. Par to raksta Financial Times.<\/p>\n<p>Ja \u0161\u0101ds l\u0113mums tiks pie\u0146emts, tas faktiski aizliegs daudzus roku antiseptiskos l\u012bdzek\u013cus un mazg\u0101\u0161anas l\u012bdzek\u013cus, kas tiek izmantoti slimn\u012bc\u0101s.<\/p>\n<p>\u0160obr\u012bd alkohola b\u0101zes antiseptiskie l\u012bdzek\u013ci tiek uzskat\u012bti par dro\u0161iem un kop\u0161 1990. gadiem ir iek\u013cauti Pasaules Vesel\u012bbas organiz\u0101cijas svar\u012bgo z\u0101\u013cu sarakst\u0101.<\/p>\n<ol start=\"10\">\n<li>oktobr\u012b viena no Eiropas \u0137\u012bmisko vielu a\u0123ent\u016bras (ECHA) darba grup\u0101m public\u0113ja iek\u0161\u0113ju ieteikumu, kur\u0101 etanols tika nosaukts par toksisku vielu, kas palielina v\u0113\u017ea un gr\u016btniec\u012bbas probl\u0113mu risku.<\/li>\n<\/ol>\n<p>Jaut\u0101jums tiks gal\u012bgi izskat\u012bts ECHA bioc\u012bdu komitejas s\u0113d\u0113 no 24. l\u012bdz 27. novembrim, p\u0113c kuras ieteikumi tiks nos\u016bt\u012bti Eiropas Komisijai, kas pie\u0146ems gal\u012bgo l\u0113mumu.<\/p>\n<p>Medic\u012bnas jomas p\u0101rst\u0101vji jau ir izteiku\u0161i ba\u017eas, jo antiseptiskie l\u012bdzek\u013ci ar etanolu nov\u0113r\u0161 apm\u0113ram 16 miljonus infekciju katru gadu. Vi\u0146i nor\u0101da, ka alternat\u012bva etanolam \u2013 izopropanols \u2013 tiek uzskat\u012bta par v\u0113l toksisk\u0101ku.<\/p>\n<p>Turkl\u0101t, vi\u0146upr\u0101t, tikai ziepju un \u016bdens izmanto\u0161ana prasa vair\u0101k laika un kait\u0113 medi\u0137u \u0101dai.<\/p>\n<p>ECHA preciz\u0113ja, ka pat ja etanols tiks atz\u012bts par kancerog\u0113nu, to joproj\u0101m var\u0113tu at\u013caut noteikt\u0101m bioc\u012bdu lietojumam, ja ekspoz\u012bcija tiek uzskat\u012bta par dro\u0161u vai ja nav atrasta alternat\u012bva.<\/p>\n","protected":false},"excerpt":{"rendered":"Eiropas Savien\u012bba apsver iesp\u0113ju klasific\u0113t etanolu k\u0101 potenci\u0101li b\u012bstamu vielu, kas palielina v\u0113\u017ea un gr\u016btniec\u012bbas komplik\u0101ciju risku. Par&hellip;\n","protected":false},"author":2,"featured_media":31297,"comment_status":"","ping_status":"","sticky":false,"template":"","format":"standard","meta":{"footnotes":""},"categories":[14],"tags":[23,57,28,29,32,33,22,30,31,35,39,38,36,37,34,40,20,26,27,24,25,54,55,56,21,58],"class_list":{"0":"post-31296","1":"post","2":"type-post","3":"status-publish","4":"format-standard","5":"has-post-thumbnail","7":"category-zinas-no-arvalstim","8":"tag-aktualitates","9":"tag-arvalstim","10":"tag-breaking-news","11":"tag-breakingnews","12":"tag-featured-news","13":"tag-featurednews","14":"tag-headlines","15":"tag-latest-news","16":"tag-latestnews","17":"tag-latvia","18":"tag-latvian","19":"tag-latviesu","20":"tag-latviesu-valoda","21":"tag-latviesuvaloda","22":"tag-latvija","23":"tag-lv","24":"tag-news","25":"tag-popularakas-zinas","26":"tag-popularakaszinas","27":"tag-top-stories","28":"tag-topstories","29":"tag-world","30":"tag-world-news","31":"tag-worldnews","32":"tag-zinas","33":"tag-zinas-no-arvalstim"},"share_on_mastodon":{"url":"https:\/\/pubeurope.com\/@lv\/115439358757958799","error":""},"_links":{"self":[{"href":"https:\/\/www.europesays.com\/lv\/wp-json\/wp\/v2\/posts\/31296","targetHints":{"allow":["GET"]}}],"collection":[{"href":"https:\/\/www.europesays.com\/lv\/wp-json\/wp\/v2\/posts"}],"about":[{"href":"https:\/\/www.europesays.com\/lv\/wp-json\/wp\/v2\/types\/post"}],"author":[{"embeddable":true,"href":"https:\/\/www.europesays.com\/lv\/wp-json\/wp\/v2\/users\/2"}],"replies":[{"embeddable":true,"href":"https:\/\/www.europesays.com\/lv\/wp-json\/wp\/v2\/comments?post=31296"}],"version-history":[{"count":0,"href":"https:\/\/www.europesays.com\/lv\/wp-json\/wp\/v2\/posts\/31296\/revisions"}],"wp:featuredmedia":[{"embeddable":true,"href":"https:\/\/www.europesays.com\/lv\/wp-json\/wp\/v2\/media\/31297"}],"wp:attachment":[{"href":"https:\/\/www.europesays.com\/lv\/wp-json\/wp\/v2\/media?parent=31296"}],"wp:term":[{"taxonomy":"category","embeddable":true,"href":"https:\/\/www.europesays.com\/lv\/wp-json\/wp\/v2\/categories?post=31296"},{"taxonomy":"post_tag","embeddable":true,"href":"https:\/\/www.europesays.com\/lv\/wp-json\/wp\/v2\/tags?post=31296"}],"curies":[{"name":"wp","href":"https:\/\/api.w.org\/{rel}","templated":true}]}}