{"id":31304,"date":"2025-10-26T07:51:08","date_gmt":"2025-10-26T07:51:08","guid":{"rendered":"https:\/\/www.europesays.com\/lv\/31304\/"},"modified":"2025-10-26T07:51:08","modified_gmt":"2025-10-26T07:51:08","slug":"video-%e2%9f%a9-krievijas-dronu-uzbrukumos-kijiva-nogalinati-tris-cilveki","status":"publish","type":"post","link":"https:\/\/www.europesays.com\/lv\/31304\/","title":{"rendered":"VIDEO \u27e9 Krievijas dronu uzbrukumos Kijiv\u0101 nogalin\u0101ti tr\u012bs cilv\u0113ki"},"content":{"rendered":"<p>Platform\u0101 &#8220;Telegram&#8221; Kli\u010dko inform\u0113ja, ka se\u0161i no ievainotajiem ir b\u0113rni.<\/p>\n<p>Kli\u010dko st\u0101st\u012bja, ka bezpilota lidapar\u0101ta atl\u016bzas uzkrita devi\u0146u st\u0101vu dz\u012bvojamai \u0113kai Kijivas zieme\u013caustrumos un izrais\u012bja ugunsgr\u0113ku dz\u012bvok\u013cos vair\u0101kos st\u0101vos.<\/p>\n<blockquote class=\"twitter-tweet\">\n<p lang=\"en\" dir=\"ltr\">Response efforts are ongoing in Kyiv following the Russian attack. All the necessary emergency services are working at the sites. Last night, Russia launched more than 100 drones against us. Ordinary apartment buildings in several districts of the city have been damaged.\u2026 <a href=\"https:\/\/t.co\/oFJMUYf46Y\" rel=\"nofollow\">pic.twitter.com\/oFJMUYf46Y<\/a><\/p>\n<p>\u2014 Volodymyr Zelenskyy \/ \u0412\u043e\u043b\u043e\u0434\u0438\u043c\u0438\u0440 \u0417\u0435\u043b\u0435\u043d\u0441\u044c\u043a\u0438\u0439 (@ZelenskyyUa) <a href=\"https:\/\/twitter.com\/ZelenskyyUa\/status\/1982346431949152330?ref_src=twsrc%5Etfw\" rel=\"nofollow noopener\" target=\"_blank\">October 26, 2025<\/a><\/p><\/blockquote>\n<p>Taj\u0101 pa\u0161\u0101 apkaim\u0113 drona atl\u016bzu d\u0113\u013c no citas devi\u0146u st\u0101vu dz\u012bvojam\u0101s m\u0101jas tika izgl\u0101bti pieci cilv\u0113ki.<\/p>\n<p>Kijivas zieme\u013cos drona atl\u016bzas nodar\u012bja post\u012bjumus dz\u012bvoklim k\u0101d\u0101 16 st\u0101vu m\u0101j\u0101.<\/p>\n<p>Iepriek\u0161\u0113j\u0101 dien\u0101 Krievijas bezpilota lidapar\u0101tu un ra\u0137e\u0161u triecienos Kijiv\u0101 tika nogalin\u0101ti \u010detri cilv\u0113ki un ievainoti ap 20, liecina Ukrainas amatpersonu sniegt\u0101 inform\u0101cija.<\/p>\n<p><script async src=\"https:\/\/platform.twitter.com\/widgets.js\" charset=\"utf-8\"><\/script><\/p>\n","protected":false},"excerpt":{"rendered":"Platform\u0101 &#8220;Telegram&#8221; Kli\u010dko inform\u0113ja, ka se\u0161i no ievainotajiem ir b\u0113rni. Kli\u010dko st\u0101st\u012bja, ka bezpilota lidapar\u0101ta atl\u016bzas uzkrita devi\u0146u&hellip;\n","protected":false},"author":2,"featured_media":31305,"comment_status":"","ping_status":"","sticky":false,"template":"","format":"standard","meta":{"footnotes":""},"categories":[14],"tags":[23,57,28,29,32,33,22,74,30,31,35,39,38,36,37,34,40,20,26,27,24,25,276,54,55,56,21,58],"class_list":{"0":"post-31304","1":"post","2":"type-post","3":"status-publish","4":"format-standard","5":"has-post-thumbnail","7":"category-zinas-no-arvalstim","8":"tag-aktualitates","9":"tag-arvalstim","10":"tag-breaking-news","11":"tag-breakingnews","12":"tag-featured-news","13":"tag-featurednews","14":"tag-headlines","15":"tag-krievijas-iebrukums-ukraina","16":"tag-latest-news","17":"tag-latestnews","18":"tag-latvia","19":"tag-latvian","20":"tag-latviesu","21":"tag-latviesu-valoda","22":"tag-latviesuvaloda","23":"tag-latvija","24":"tag-lv","25":"tag-news","26":"tag-popularakas-zinas","27":"tag-popularakaszinas","28":"tag-top-stories","29":"tag-topstories","30":"tag-ukraina","31":"tag-world","32":"tag-world-news","33":"tag-worldnews","34":"tag-zinas","35":"tag-zinas-no-arvalstim"},"share_on_mastodon":{"url":"https:\/\/pubeurope.com\/@lv\/115439382244591000","error":""},"_links":{"self":[{"href":"https:\/\/www.europesays.com\/lv\/wp-json\/wp\/v2\/posts\/31304","targetHints":{"allow":["GET"]}}],"collection":[{"href":"https:\/\/www.europesays.com\/lv\/wp-json\/wp\/v2\/posts"}],"about":[{"href":"https:\/\/www.europesays.com\/lv\/wp-json\/wp\/v2\/types\/post"}],"author":[{"embeddable":true,"href":"https:\/\/www.europesays.com\/lv\/wp-json\/wp\/v2\/users\/2"}],"replies":[{"embeddable":true,"href":"https:\/\/www.europesays.com\/lv\/wp-json\/wp\/v2\/comments?post=31304"}],"version-history":[{"count":0,"href":"https:\/\/www.europesays.com\/lv\/wp-json\/wp\/v2\/posts\/31304\/revisions"}],"wp:featuredmedia":[{"embeddable":true,"href":"https:\/\/www.europesays.com\/lv\/wp-json\/wp\/v2\/media\/31305"}],"wp:attachment":[{"href":"https:\/\/www.europesays.com\/lv\/wp-json\/wp\/v2\/media?parent=31304"}],"wp:term":[{"taxonomy":"category","embeddable":true,"href":"https:\/\/www.europesays.com\/lv\/wp-json\/wp\/v2\/categories?post=31304"},{"taxonomy":"post_tag","embeddable":true,"href":"https:\/\/www.europesays.com\/lv\/wp-json\/wp\/v2\/tags?post=31304"}],"curies":[{"name":"wp","href":"https:\/\/api.w.org\/{rel}","templated":true}]}}