{"id":3139,"date":"2025-09-23T16:59:12","date_gmt":"2025-09-23T16:59:12","guid":{"rendered":"https:\/\/www.europesays.com\/lv\/3139\/"},"modified":"2025-09-23T16:59:12","modified_gmt":"2025-09-23T16:59:12","slug":"desmitiem-tukstosu-pasazieru-saskaras-ar-kavejumiem-lente-lv","status":"publish","type":"post","link":"https:\/\/www.europesays.com\/lv\/3139\/","title":{"rendered":"desmitiem t\u016bksto\u0161u pasa\u017eieru saskaras ar kav\u0113jumiem\u00a0\u2014\u00a0Lente.lv"},"content":{"rendered":"<p>Sist\u0113mu trauc\u0113jumi turpin\u0101s p\u0113c piektdienas uzbrukuma<\/p>\n<p>Pasa\u017eieri vis\u0101 Eirop\u0101 joproj\u0101m saskaras ar iev\u0113rojamiem ce\u013co\u0161anas trauc\u0113jumiem, jo vair\u0101k\u0101s lidost\u0101s turpin\u0101s lidojumu kav\u0113\u0161an\u0101s. \u0160\u012b situ\u0101cija ir tie\u0161a sekas kiberuzbrukumam, kas notika piektdienas vakar\u0101 un izrais\u012bja nopietnus IT sist\u0113mu trauc\u0113jumus. Lai gan uzbrukuma prec\u012bzais raksturs un m\u0113r\u0137is v\u0113l tiek skaidrots, t\u0101 ietekme uz avi\u0101cijas nozari ir j\u016btama, radot haosu un nezi\u0146u t\u016bksto\u0161iem ce\u013cot\u0101ju.<\/p>\n<p>Pla\u0161\u0101ka probl\u0113mu aina un ietekme uz pasa\u017eieriem<\/p>\n<p>Sv\u0113tdien daudzas lidostas zi\u0146oja par turpm\u0101k\u0101m kav\u0113\u0161an\u0101s, un atsevi\u0161\u0137os gad\u012bjumos pat par reisu atcel\u0161anu. \u0160\u012b probl\u0113ma nav ierobe\u017eota vien\u0101 valst\u012b vai re\u0123ion\u0101, bet gan skar vair\u0101kas lidostas vis\u0101 kontinent\u0101. Pasa\u017eieri, kas pl\u0101noju\u0161i ce\u013cojumus ned\u0113\u013cas nogal\u0113 vai agr\u012bn\u0101s ned\u0113\u013cas s\u0101kum\u0101, saskaras ar vil\u0161anos un ne\u0113rt\u012bb\u0101m, gaidot inform\u0101ciju par savu lidojumu statusu. Daudzi ir spiesti pavad\u012bt papildu laiku lidost\u0101s, mekl\u0113jot alternat\u012bvus risin\u0101jumus vai vienk\u0101r\u0161i gaidot, kad sist\u0113mas tiks atjaunotas un lidojumi ats\u0101ksies.<\/p>\n<p>Tehnisk\u0101s probl\u0113mas un dro\u0161\u012bbas pas\u0101kumi<\/p>\n<p>Kiberuzbrukuma d\u0113\u013c tika trauc\u0113ta vair\u0101ku lidostu IT infrastrukt\u016bra, kas atbild par vit\u0101li svar\u012bgiem procesiem, piem\u0113ram, re\u0123istr\u0101ciju, bag\u0101\u017eas apstr\u0101di un lidojumu koordin\u0101ciju. Lai gan ofici\u0101li avoti nevair\u0101s sniegt detaliz\u0113tu inform\u0101ciju par uzbrukuma tehniskajiem aspektiem, ir skaidrs, ka hakeriem izdev\u0101s iek\u013c\u016bt sist\u0113m\u0101s un rad\u012bt nopietnus trauc\u0113jumus. Lidostu administr\u0101cijas un avi\u0101cijas dro\u0161\u012bbas speci\u0101listi str\u0101d\u0101 nep\u0101rtraukti, lai nov\u0113rstu sekas un stiprin\u0101tu sist\u0113mu aizsardz\u012bbu pret turpm\u0101kiem uzbrukumiem. \u0160obr\u012bd dro\u0161\u012bbas pas\u0101kumi ir pastiprin\u0101ti, lai nepie\u013cautu l\u012bdz\u012bgu incidentu atk\u0101rto\u0161anos.<\/p>\n<p>Starptautisk\u0101 reakcija un izmekl\u0113\u0161ana<\/p>\n<p>\u0160is incidenti ir izrais\u012bjis pla\u0161u starptautisko uzman\u012bbu, un vair\u0101kas valstis ir s\u0101ku\u0161as savas izmekl\u0113\u0161anas. Avi\u0101cijas dro\u0161\u012bbas a\u0123ent\u016bras un kibernoziegumu apkaro\u0161anas vien\u012bbas sadarbojas, lai identific\u0113tu uzbrukuma veic\u0113jus un izprastu uzbrukuma mot\u012bvus. \u0160\u0101di uzbrukumi ir ne tikai finansi\u0101li d\u0101rgi, bet ar\u012b rada nopietnus draudus gaisa satiksmes dro\u0161\u012bbai un sabiedr\u012bbas uztic\u012bbai avi\u0101cijas sist\u0113m\u0101m. Lidostu un aviokomp\u0101niju reput\u0101cija cie\u0161, un pasa\u017eieriem tiek rad\u012bts papildu stress un finansi\u0101li zaud\u0113jumi.<\/p>\n<p>N\u0101kotnes perspekt\u012bvas un ieteikumi pasa\u017eieriem<\/p>\n<p>Lai gan prec\u012bzs laiks, kad sist\u0113mas piln\u012bb\u0101 tiks atjaunotas, v\u0113l nav zin\u0101ms, lidostu p\u0101rst\u0101vji aicina pasa\u017eierus b\u016bt paciet\u012bgiem un regul\u0101ri p\u0101rbaud\u012bt savu lidojumu statusu. Tiem, kuriem ir pl\u0101noti steidzami ce\u013cojumi, ieteicams sazin\u0101ties ar sav\u0101m aviokomp\u0101nij\u0101m, lai noskaidrotu alternat\u012bvus mar\u0161rutus vai p\u0101rpl\u0101notu lidojumus. Eksperti prognoz\u0113, ka \u0161\u0101di kiberuzbrukumi var k\u013c\u016bt par arvien bie\u017e\u0101ku par\u0101d\u012bbu, t\u0101p\u0113c avi\u0101cijas nozarei j\u0101iegulda vair\u0101k resursu kiberaizsardz\u012bb\u0101. Lai gan ir noticis nopietns trauc\u0113jums, svar\u012bgi ir saglab\u0101t mieru un sekot ofici\u0101lajai inform\u0101cijai, lai minimiz\u0113tu ne\u0113rt\u012bbas.<\/p>\n","protected":false},"excerpt":{"rendered":"Sist\u0113mu trauc\u0113jumi turpin\u0101s p\u0113c piektdienas uzbrukuma Pasa\u017eieri vis\u0101 Eirop\u0101 joproj\u0101m saskaras ar iev\u0113rojamiem ce\u013co\u0161anas trauc\u0113jumiem, jo vair\u0101k\u0101s lidost\u0101s&hellip;\n","protected":false},"author":2,"featured_media":3140,"comment_status":"","ping_status":"","sticky":false,"template":"","format":"standard","meta":{"footnotes":""},"categories":[5],"tags":[23,1133,28,29,334,32,33,22,428,30,31,35,39,38,36,37,34,1594,1593,40,20,26,27,24,25,21],"class_list":{"0":"post-3139","1":"post","2":"type-post","3":"status-publish","4":"format-standard","5":"has-post-thumbnail","7":"category-aktualitates","8":"tag-aktualitates","9":"tag-aviacija","10":"tag-breaking-news","11":"tag-breakingnews","12":"tag-drosiba","13":"tag-featured-news","14":"tag-featurednews","15":"tag-headlines","16":"tag-kiberuzbrukums","17":"tag-latest-news","18":"tag-latestnews","19":"tag-latvia","20":"tag-latvian","21":"tag-latviesu","22":"tag-latviesu-valoda","23":"tag-latviesuvaloda","24":"tag-latvija","25":"tag-lidojumu-kavesanas","26":"tag-lidostas","27":"tag-lv","28":"tag-news","29":"tag-popularakas-zinas","30":"tag-popularakaszinas","31":"tag-top-stories","32":"tag-topstories","33":"tag-zinas"},"share_on_mastodon":{"url":"","error":""},"_links":{"self":[{"href":"https:\/\/www.europesays.com\/lv\/wp-json\/wp\/v2\/posts\/3139","targetHints":{"allow":["GET"]}}],"collection":[{"href":"https:\/\/www.europesays.com\/lv\/wp-json\/wp\/v2\/posts"}],"about":[{"href":"https:\/\/www.europesays.com\/lv\/wp-json\/wp\/v2\/types\/post"}],"author":[{"embeddable":true,"href":"https:\/\/www.europesays.com\/lv\/wp-json\/wp\/v2\/users\/2"}],"replies":[{"embeddable":true,"href":"https:\/\/www.europesays.com\/lv\/wp-json\/wp\/v2\/comments?post=3139"}],"version-history":[{"count":0,"href":"https:\/\/www.europesays.com\/lv\/wp-json\/wp\/v2\/posts\/3139\/revisions"}],"wp:featuredmedia":[{"embeddable":true,"href":"https:\/\/www.europesays.com\/lv\/wp-json\/wp\/v2\/media\/3140"}],"wp:attachment":[{"href":"https:\/\/www.europesays.com\/lv\/wp-json\/wp\/v2\/media?parent=3139"}],"wp:term":[{"taxonomy":"category","embeddable":true,"href":"https:\/\/www.europesays.com\/lv\/wp-json\/wp\/v2\/categories?post=3139"},{"taxonomy":"post_tag","embeddable":true,"href":"https:\/\/www.europesays.com\/lv\/wp-json\/wp\/v2\/tags?post=3139"}],"curies":[{"name":"wp","href":"https:\/\/api.w.org\/{rel}","templated":true}]}}