{"id":31405,"date":"2025-10-26T10:11:08","date_gmt":"2025-10-26T10:11:08","guid":{"rendered":"https:\/\/www.europesays.com\/lv\/31405\/"},"modified":"2025-10-26T10:11:08","modified_gmt":"2025-10-26T10:11:08","slug":"svetdien-vietam-islaicigi-lis","status":"publish","type":"post","link":"https:\/\/www.europesays.com\/lv\/31405\/","title":{"rendered":"Sv\u0113tdien viet\u0101m \u012bslaic\u012bgi l\u012bs"},"content":{"rendered":"<p>Dien\u0101 gaid\u0101ms liel\u0101koties m\u0101ko\u0146ains laiks, vien r\u012bta un priek\u0161pusdienas stund\u0101s viet\u0101m uzsp\u012bd\u0113s saule. No r\u012bta un priek\u0161pusdien\u0101 gal\u0113jos zieme\u013caustrumu rajonos v\u0113l b\u016bs lietains laiks, un jauna nokri\u0161\u0146u zona no dienvidrietumiem dienas laik\u0101 nes\u012bs \u012bslaic\u012bgu lietu ar\u012b citviet Latvij\u0101.<\/p>\n<p>Domin\u0113s m\u0113rens dienvidu puses v\u0113j\u0161, dienas vid\u016b j\u016bras piekrast\u0113 dienvidu, dienvidrietumu v\u0113j\u0161 b\u016bs br\u0101zmains. Gaiss dienas laik\u0101 uzsils vien par da\u017eiem gr\u0101diem, sasniedzot +7\u2026+11 gr\u0101dus.<\/p>\n<p>R\u012bg\u0101 no r\u012bta gaid\u0101ms main\u012bgs m\u0101ko\u0146u daudzums, tom\u0113r p\u0113cpusdien\u0101 m\u0101ko\u0146u b\u016bs vair\u0101k, k\u0101 ar\u012b tie br\u012b\u017eiem nes\u012bs lietu. P\u016bt\u012bs l\u0113ns l\u012bdz m\u0113rens dienvidrietumu v\u0113j\u0161, gaiss iesils l\u012bdz +9\u2026+10 gr\u0101diem.<\/p>\n","protected":false},"excerpt":{"rendered":"Dien\u0101 gaid\u0101ms liel\u0101koties m\u0101ko\u0146ains laiks, vien r\u012bta un priek\u0161pusdienas stund\u0101s viet\u0101m uzsp\u012bd\u0113s saule. No r\u012bta un priek\u0161pusdien\u0101 gal\u0113jos&hellip;\n","protected":false},"author":2,"featured_media":31406,"comment_status":"","ping_status":"","sticky":false,"template":"","format":"standard","meta":{"footnotes":""},"categories":[12],"tags":[23,28,29,32,33,22,1811,396,397,30,31,35,39,38,36,37,34,40,20,26,27,24,25,21],"class_list":{"0":"post-31405","1":"post","2":"type-post","3":"status-publish","4":"format-standard","5":"has-post-thumbnail","7":"category-latvija","8":"tag-aktualitates","9":"tag-breaking-news","10":"tag-breakingnews","11":"tag-featured-news","12":"tag-featurednews","13":"tag-headlines","14":"tag-laika-zina","15":"tag-laika-zinas","16":"tag-laikapstakli","17":"tag-latest-news","18":"tag-latestnews","19":"tag-latvia","20":"tag-latvian","21":"tag-latviesu","22":"tag-latviesu-valoda","23":"tag-latviesuvaloda","24":"tag-latvija","25":"tag-lv","26":"tag-news","27":"tag-popularakas-zinas","28":"tag-popularakaszinas","29":"tag-top-stories","30":"tag-topstories","31":"tag-zinas"},"share_on_mastodon":{"url":"https:\/\/pubeurope.com\/@lv\/115439933176441507","error":""},"_links":{"self":[{"href":"https:\/\/www.europesays.com\/lv\/wp-json\/wp\/v2\/posts\/31405","targetHints":{"allow":["GET"]}}],"collection":[{"href":"https:\/\/www.europesays.com\/lv\/wp-json\/wp\/v2\/posts"}],"about":[{"href":"https:\/\/www.europesays.com\/lv\/wp-json\/wp\/v2\/types\/post"}],"author":[{"embeddable":true,"href":"https:\/\/www.europesays.com\/lv\/wp-json\/wp\/v2\/users\/2"}],"replies":[{"embeddable":true,"href":"https:\/\/www.europesays.com\/lv\/wp-json\/wp\/v2\/comments?post=31405"}],"version-history":[{"count":0,"href":"https:\/\/www.europesays.com\/lv\/wp-json\/wp\/v2\/posts\/31405\/revisions"}],"wp:featuredmedia":[{"embeddable":true,"href":"https:\/\/www.europesays.com\/lv\/wp-json\/wp\/v2\/media\/31406"}],"wp:attachment":[{"href":"https:\/\/www.europesays.com\/lv\/wp-json\/wp\/v2\/media?parent=31405"}],"wp:term":[{"taxonomy":"category","embeddable":true,"href":"https:\/\/www.europesays.com\/lv\/wp-json\/wp\/v2\/categories?post=31405"},{"taxonomy":"post_tag","embeddable":true,"href":"https:\/\/www.europesays.com\/lv\/wp-json\/wp\/v2\/tags?post=31405"}],"curies":[{"name":"wp","href":"https:\/\/api.w.org\/{rel}","templated":true}]}}