{"id":31413,"date":"2025-10-26T10:22:08","date_gmt":"2025-10-26T10:22:08","guid":{"rendered":"https:\/\/www.europesays.com\/lv\/31413\/"},"modified":"2025-10-26T10:22:08","modified_gmt":"2025-10-26T10:22:08","slug":"luvras-dargumu-zadzibas-lieta-aresteti-divi-viriesi-viens-no-viniem-gatavojas-iekapt-lidmasina","status":"publish","type":"post","link":"https:\/\/www.europesays.com\/lv\/31413\/","title":{"rendered":"Luvras d\u0101rgumu z\u0101dz\u012bbas liet\u0101 arest\u0113ti divi v\u012brie\u0161i \u2013 viens no vi\u0146iem gatavoj\u0101s iek\u0101pt lidma\u0161\u012bn\u0101"},"content":{"rendered":"<p>Viens no v\u012brie\u0161iem tika arest\u0113ts \u0160arla de Golla lidost\u0101, kad vi\u0146\u0161 gatavoj\u0101s iek\u0101pt lidma\u0161\u012bn\u0101 uz Al\u017e\u012briju, zi\u0146o raidsabiedr\u012bbas CNN fili\u0101le BFMTV, atsaucoties uz avotiem.<\/p>\n<p>Saska\u0146\u0101 ar BFMTV sniegto inform\u0101ciju, aizdom\u0101s tur\u0113tie ir aptuveni tr\u012bsdesmit gadus veci un policijai jau bija zin\u0101mi.<\/p>\n<p>Jau zi\u0146ots, ka aizvad\u012btaj\u0101 sv\u0113tdien\u0101 \u010detri cilv\u0113ki mask\u0101s ielauz\u0101s Luvr\u0101, nozaga d\u0101rglietas un aizb\u0113ga, izmantojot motorollerus. Z\u0101dz\u012bba ilga vien da\u017eas min\u016btes un notika gai\u0161\u0101 dienas laik\u0101, kad muzej\u0101 jau atrad\u0101s pirmie apmekl\u0113t\u0101ji.<\/p>\n<p>No Luvras sv\u0113tdien tika nozagti devi\u0146i priek\u0161meti, no kuriem viens &#8211; imperatores Ei\u017eenijas kronis &#8211; v\u0113l\u0101k tika atrasts net\u0101lu no muzeja. Zag\u013ci ac\u012bmredzot to pazaud\u0113ja b\u0113g\u0161anas laik\u0101. Kronis, ko rot\u0101 1354 dimanti un 56 smaragdi, z\u0101dz\u012bbas laik\u0101 tika boj\u0101ts.<\/p>\n<p>Zag\u013ciem izdev\u0101s aizb\u0113gt ar asto\u0146iem priek\u0161metiem, kas dat\u0113ti ar 19. gadsimtu, tai skait\u0101 smaragdu un dimantu kaklarotu, ko Napoleons d\u0101vin\u0101ja savai otrajai sievai Marijai Lu\u012bzei.<\/p>\n<p>Tika nozagta ar\u012b diad\u0113ma, kas reiz pieder\u0113ja imperatorei Ei\u017eenijai un kas rot\u0101ta ar gandr\u012bz 2000 dimantu, un kaklarota, kas reiz pieder\u0113ja p\u0113d\u0113jai Francijas karalienei Marijai Am\u0101lijai. Kaklarota inkrust\u0113ta ar asto\u0146iem saf\u012briem un 631 dimantu, teikts Luvras t\u012bmek\u013ca vietn\u0113.<\/p>\n<p>Francijas iek\u0161lietu ministrs Lor\u0101ns Nunjess iepriek\u0161 nor\u0101d\u012bja, ka z\u0101dz\u012bba ilga septi\u0146as min\u016btes un to, visticam\u0101k, pastr\u0101d\u0101ja pieredz\u0113jusi komanda, iesp\u0113jams, \u0101rzemnieki.<\/p>\n<p>Francijas prezidents Emanuels Makrons sol\u012bjis, ka tiks dar\u012bts viss iesp\u0113jamais, lai notvertu zag\u013cus un atg\u016btu no Luvras nozagtos d\u0101rgumus.<\/p>\n<p>Nozagto d\u0101rglietu v\u0113rt\u012bba tiek l\u0113sta 88 miljonu eiro apm\u0113r\u0101, otrdien pav\u0113st\u012bja Par\u012bzes prokurore Laura Beko, nor\u0101dot, ka apl\u0113ses naud\u0101 neatkl\u0101j nozagto d\u0101rglietu v\u0113sturisko v\u0113rt\u012bbu Francijai.<\/p>\n","protected":false},"excerpt":{"rendered":"Viens no v\u012brie\u0161iem tika arest\u0113ts \u0160arla de Golla lidost\u0101, kad vi\u0146\u0161 gatavoj\u0101s iek\u0101pt lidma\u0161\u012bn\u0101 uz Al\u017e\u012briju, zi\u0146o raidsabiedr\u012bbas&hellip;\n","protected":false},"author":2,"featured_media":27993,"comment_status":"","ping_status":"","sticky":false,"template":"","format":"standard","meta":{"footnotes":""},"categories":[14],"tags":[23,57,28,29,32,33,22,30,31,35,39,38,36,37,34,7894,40,20,26,27,24,25,54,55,56,21,58],"class_list":{"0":"post-31413","1":"post","2":"type-post","3":"status-publish","4":"format-standard","5":"has-post-thumbnail","7":"category-zinas-no-arvalstim","8":"tag-aktualitates","9":"tag-arvalstim","10":"tag-breaking-news","11":"tag-breakingnews","12":"tag-featured-news","13":"tag-featurednews","14":"tag-headlines","15":"tag-latest-news","16":"tag-latestnews","17":"tag-latvia","18":"tag-latvian","19":"tag-latviesu","20":"tag-latviesu-valoda","21":"tag-latviesuvaloda","22":"tag-latvija","23":"tag-luvra","24":"tag-lv","25":"tag-news","26":"tag-popularakas-zinas","27":"tag-popularakaszinas","28":"tag-top-stories","29":"tag-topstories","30":"tag-world","31":"tag-world-news","32":"tag-worldnews","33":"tag-zinas","34":"tag-zinas-no-arvalstim"},"share_on_mastodon":{"url":"https:\/\/pubeurope.com\/@lv\/115439976072490030","error":""},"_links":{"self":[{"href":"https:\/\/www.europesays.com\/lv\/wp-json\/wp\/v2\/posts\/31413","targetHints":{"allow":["GET"]}}],"collection":[{"href":"https:\/\/www.europesays.com\/lv\/wp-json\/wp\/v2\/posts"}],"about":[{"href":"https:\/\/www.europesays.com\/lv\/wp-json\/wp\/v2\/types\/post"}],"author":[{"embeddable":true,"href":"https:\/\/www.europesays.com\/lv\/wp-json\/wp\/v2\/users\/2"}],"replies":[{"embeddable":true,"href":"https:\/\/www.europesays.com\/lv\/wp-json\/wp\/v2\/comments?post=31413"}],"version-history":[{"count":0,"href":"https:\/\/www.europesays.com\/lv\/wp-json\/wp\/v2\/posts\/31413\/revisions"}],"wp:featuredmedia":[{"embeddable":true,"href":"https:\/\/www.europesays.com\/lv\/wp-json\/wp\/v2\/media\/27993"}],"wp:attachment":[{"href":"https:\/\/www.europesays.com\/lv\/wp-json\/wp\/v2\/media?parent=31413"}],"wp:term":[{"taxonomy":"category","embeddable":true,"href":"https:\/\/www.europesays.com\/lv\/wp-json\/wp\/v2\/categories?post=31413"},{"taxonomy":"post_tag","embeddable":true,"href":"https:\/\/www.europesays.com\/lv\/wp-json\/wp\/v2\/tags?post=31413"}],"curies":[{"name":"wp","href":"https:\/\/api.w.org\/{rel}","templated":true}]}}