{"id":31416,"date":"2025-10-26T10:24:08","date_gmt":"2025-10-26T10:24:08","guid":{"rendered":"https:\/\/www.europesays.com\/lv\/31416\/"},"modified":"2025-10-26T10:24:08","modified_gmt":"2025-10-26T10:24:08","slug":"okupantu-dronu-triecienos-kijiva-tris-nogalinati-bet-vel-vismaz-31-cilveks-ievainots-tv3-lv","status":"publish","type":"post","link":"https:\/\/www.europesays.com\/lv\/31416\/","title":{"rendered":"Okupantu dronu triecienos Kijiv\u0101 tr\u012bs nogalin\u0101ti, bet v\u0113l vismaz 31 cilv\u0113ks ievainots &#8211; tv3.lv"},"content":{"rendered":"<ol>\n<li><a href=\"https:\/\/news.google.com\/rss\/articles\/CBMitwFBVV95cUxOUm1VZUNvRkVjUEVucVpQeEJ4VmdGcnA2dDZKQXhXNmpsbkIzeGhSS09XdjktQ0Fpb01iRDh2ME5KSFNFcjFnbnNsbk8tcFB0QXNUbThoT0lKUloxZHYwZU1CM3JGV1F6Nl9ob2h3SzR2UHJiWTR4Ym5KR3hnUEJDS0Z2QUV5WEhuLUJFRmlLRjdDT2ZSc3VMQXdQTU85czdpMmZwcURXWXdvT3NGQS03YVJHQVA4czQ?oc=5\" target=\"_blank\" rel=\"nofollow noopener\">Okupantu dronu triecienos Kijiv\u0101 tr\u012bs nogalin\u0101ti, bet v\u0113l vismaz 31 cilv\u0113ks ievainots<\/a>&nbsp;&nbsp;tv3.lv<\/li>\n<li><a href=\"https:\/\/news.google.com\/rss\/articles\/CBMiqgFBVV95cUxQMVE4aG00eXV6cDU4SHNOc2xIMmlDQUtHazR4S2hoSUJXUWp6QWd2NlhLanBrbzhuNlM1b2NDLXlsN1ZjY3FZUVc5czBlT3g4Z1NvdTRjTjhqUExzRVB6M2o3eWw4Q3FQTmZWTGhlTDhtUC1GLTA0VW5Ya1lpeWtPM0JBdDMzUlhPdC0zX1A5elpHY1dKSk1EMERrQjR4U2ZKdGpHN2NkZDdmdw?oc=5\" target=\"_blank\" rel=\"nofollow noopener\">Zi\u0146as vieglaj\u0101 valod\u0101 25. oktobr\u012b \/ Raksts<\/a>&nbsp;&nbsp;LSM<\/li>\n<li><a href=\"https:\/\/news.google.com\/rss\/articles\/CBMiogFBVV95cUxNUTk5c2ZONUUwN0ZFekgyWXY3X2dWSVFpQ0Nib3ZEU01rUkhRTWNJUTh5alA3bnE4bmRqZ3dIdXY2WFBqUUNkSXN0TEZuMlRtc0EwTEdjNzRZSk9ydmVrUjcxVTVFbndTemozWHl6NG5iLWFRNWtMbWw1cjZIQXVRVUQ0X3lCZVFoLVZqUURVZVJ0Z21ZcDdObXNaNWU2Z2hNN3c?oc=5\" target=\"_blank\" rel=\"nofollow noopener\">Kijiv\u0101 krievu ra\u0137e\u0161u uzbrukumos nogalin\u0101ti divi un ievainoti 12 cilv\u0113ki<\/a>&nbsp;&nbsp;TVNET<\/li>\n<li><a href=\"https:\/\/news.google.com\/rss\/articles\/CBMiuwFBVV95cUxPWGxCVTJQZ09pQzZiOGhsX1Y3QjNKMUxYMjdRUlFIamE5OGNoUHBTNEdaUzFaZ24yelFOY0pTZUFSZUxkOEZvcHNkWkp6NzBsUjlqbjc1M0YxamVXcEU5YjU5Z2VjSGNhM1NnN195d0owbmV3S3hidTRWLV9Dc2JHRnR6eHdqbFZZWFQzWW1EeFNSck44OTFFR0l4YmVaUTdYNENBZW1vYlR6UC1KejQxeC10UHhBblc2cXk0?oc=5\" target=\"_blank\" rel=\"nofollow noopener\">Ukrai\u0146i \u0161auj pa Maskavu! Krievija zi\u0146o, ka piedz\u012bvojusi liel\u0101ko uzbrukumu kop\u0161 kara s\u0101kuma pret Ukrainu<\/a>&nbsp;&nbsp;LA.LV<\/li>\n<li><a href=\"https:\/\/news.google.com\/rss\/articles\/CBMipwFBVV95cUxNdUFpcHgwSEljLTVqWHpubTR6SlBEc0xFZW1EZHVpT0FETi1wLS1pNEc2cGVqdTE2dG1UY2FScndILXZtNXN0LTM4VDR0ai1KTXA4TWtlSjJIbnpENnhCa0gzWC1zeE9BdGdLZkhGS3FGSkpQUk1uSkJ4aTdXMzBHTlQ1cWdfSVZLSHJvdUduNEpWSWp6ZmRPOFNWVjlhXy1STEdCTF9MTQ?oc=5\" target=\"_blank\" rel=\"nofollow noopener\">Kijiva bombard\u0113ta ar devi\u0146\u0101m ra\u0137et\u0113m un desmitiem dronu, pazi\u0146o Zelenskis<\/a>&nbsp;&nbsp;tv3.lv<\/li>\n<\/ol>\n","protected":false},"excerpt":{"rendered":"Okupantu dronu triecienos Kijiv\u0101 tr\u012bs nogalin\u0101ti, bet v\u0113l vismaz 31 cilv\u0113ks ievainots&nbsp;&nbsp;tv3.lv Zi\u0146as vieglaj\u0101 valod\u0101 25. oktobr\u012b \/&hellip;\n","protected":false},"author":2,"featured_media":31417,"comment_status":"","ping_status":"","sticky":false,"template":"","format":"standard","meta":{"footnotes":""},"categories":[5],"tags":[23,28,29,32,33,22,3354,30,31,35,39,38,36,37,34,40,20,26,27,24,25,21],"class_list":{"0":"post-31416","1":"post","2":"type-post","3":"status-publish","4":"format-standard","5":"has-post-thumbnail","7":"category-aktualitates","8":"tag-aktualitates","9":"tag-breaking-news","10":"tag-breakingnews","11":"tag-featured-news","12":"tag-featurednews","13":"tag-headlines","14":"tag-kars-ukraina","15":"tag-latest-news","16":"tag-latestnews","17":"tag-latvia","18":"tag-latvian","19":"tag-latviesu","20":"tag-latviesu-valoda","21":"tag-latviesuvaloda","22":"tag-latvija","23":"tag-lv","24":"tag-news","25":"tag-popularakas-zinas","26":"tag-popularakaszinas","27":"tag-top-stories","28":"tag-topstories","29":"tag-zinas"},"share_on_mastodon":{"url":"https:\/\/pubeurope.com\/@lv\/115439983872201810","error":""},"_links":{"self":[{"href":"https:\/\/www.europesays.com\/lv\/wp-json\/wp\/v2\/posts\/31416","targetHints":{"allow":["GET"]}}],"collection":[{"href":"https:\/\/www.europesays.com\/lv\/wp-json\/wp\/v2\/posts"}],"about":[{"href":"https:\/\/www.europesays.com\/lv\/wp-json\/wp\/v2\/types\/post"}],"author":[{"embeddable":true,"href":"https:\/\/www.europesays.com\/lv\/wp-json\/wp\/v2\/users\/2"}],"replies":[{"embeddable":true,"href":"https:\/\/www.europesays.com\/lv\/wp-json\/wp\/v2\/comments?post=31416"}],"version-history":[{"count":0,"href":"https:\/\/www.europesays.com\/lv\/wp-json\/wp\/v2\/posts\/31416\/revisions"}],"wp:featuredmedia":[{"embeddable":true,"href":"https:\/\/www.europesays.com\/lv\/wp-json\/wp\/v2\/media\/31417"}],"wp:attachment":[{"href":"https:\/\/www.europesays.com\/lv\/wp-json\/wp\/v2\/media?parent=31416"}],"wp:term":[{"taxonomy":"category","embeddable":true,"href":"https:\/\/www.europesays.com\/lv\/wp-json\/wp\/v2\/categories?post=31416"},{"taxonomy":"post_tag","embeddable":true,"href":"https:\/\/www.europesays.com\/lv\/wp-json\/wp\/v2\/tags?post=31416"}],"curies":[{"name":"wp","href":"https:\/\/api.w.org\/{rel}","templated":true}]}}