{"id":31430,"date":"2025-10-26T11:01:06","date_gmt":"2025-10-26T11:01:06","guid":{"rendered":"https:\/\/www.europesays.com\/lv\/31430\/"},"modified":"2025-10-26T11:01:06","modified_gmt":"2025-10-26T11:01:06","slug":"gangsteru-estetika-un-mirkla-vertiba-lente-lv","status":"publish","type":"post","link":"https:\/\/www.europesays.com\/lv\/31430\/","title":{"rendered":"Gangsteru est\u0113tika un mirk\u013ca v\u0113rt\u012bba\u00a0\u2014\u00a0Lente.lv"},"content":{"rendered":"<p>\u00abSub Scriptum\u00bb iepaz\u012bstina ar jaunu videoklipu gangsteru est\u0113tik\u0101<\/p>\n<p>Latvie\u0161u m\u016bzikas grupa \u00abSub Scriptum\u00bb ir laidusi klaj\u0101 savu jaun\u0101ko muzik\u0101lo darbu \u2013 dziesmu &#8220;tev, tev, tev, tev&#8221;, ko papildina vizu\u0101li iespaid\u012bgs videoklips. \u0160is jaunais projekts ir ne tikai muzik\u0101ls izpausmes veids, bet ar\u012b r\u016bp\u012bgi veidota \u012bsfilma, kas ar savu unik\u0101lo retro kino est\u0113tiku jau no pirmaj\u0101m sekund\u0113m aizrauj skat\u012bt\u0101ju. Videoklips ir veidots k\u0101 neliela \u012bsfilma, kas skat\u012bt\u0101ju no pirmaj\u0101m sekund\u0113m ievelk intri\u0123\u0113jo\u0161\u0101 st\u0101st\u0101. T\u0113rpi, lok\u0101cijas un film\u0113\u0161anas maniere atsauc atmi\u0146\u0101 20. gadsimta s\u0101kuma gangsteru filmas, pie\u0161\u0137irot video gan autentisku izskatu, gan spilgtu vizu\u0101lo st\u0101st\u012bjumu. \u0160\u012b rado\u0161\u0101 pieeja padara videoklipu par vizu\u0101lu baud\u012bjumu, saglab\u0101jot intrigu l\u012bdz pat klipa beig\u0101m un aicinot skat\u012bt\u0101jus noskat\u012bties to l\u012bdz pa\u0161\u0101m beig\u0101m.<\/p>\n<p>Rado\u0161ais process un filozofiskais v\u0113st\u012bjums<\/p>\n<p>Videoklips tapis &#8220;Cinevilla Studio&#8221; telp\u0101s, un t\u0101 veidot\u0101ji \u2013 re\u017eisors Ritvars Bluka kop\u0101 ar J\u0101ni Sk\u0101bo \u2013 ir apzin\u0101ti izv\u0113l\u0113ju\u0161ies rado\u0161u improviz\u0101cijas pieeju. \u0160\u0101da br\u012bva rad\u012b\u0161anas metode \u013c\u0101vusi st\u0101stam un vizu\u0101laj\u0101m idej\u0101m piln\u012bb\u0101 atkl\u0101ties pa\u0161\u0101 film\u0113\u0161anas proces\u0101, mekl\u0113jot ori\u0123in\u0101lus risin\u0101jumus un eksperiment\u0113jot ar kadriem. Re\u017eisors Ritvars Bluka pau\u017e gandar\u012bjumu par grupas uztic\u0113\u0161anos un kop\u012bgo rado\u0161o procesu, uzsverot, ka klips rad\u012bts, atkl\u0101jot jaunus risin\u0101jumus tie\u0161i film\u0113\u0161anas laik\u0101. Vi\u0146\u0161 piebilst: \u201cPaldies grupai par uztic\u0113\u0161anos un kop\u012bgo improviz\u0101ciju. Klips tapa, eksperiment\u0113jot un mekl\u0113jot risin\u0101jumus uz vietas. Kadri pa\u0161i par sevi st\u0101sta, un izmantots skaidrs vizu\u0101lais v\u0113st\u012bjums, kas ir viegli uztverams, bet vienlaikus atmi\u0146\u0101 palieko\u0161s un iespaid\u012bgs.\u201d Dziesmas v\u0101rdu autors ir grupas solists Kristers Rudz\u012btis, kur\u0161 dal\u0101s ar dzi\u013cdom\u012bgu atzi\u0146u: &#8220;T\u0101da \u012bst\u0101 laika un vietas nav, viss, kas mums pieder, ir tagad un tepat.&#8221; \u0160ie v\u0101rdi ir aicin\u0101jums piev\u0113rsties mirklim \u201c\u0161eit un tagad\u201d, kas ar\u012b atspogu\u013cojas jaun\u0101 darba kop\u0113j\u0101 v\u0113st\u012bjum\u0101, mudinot nov\u0113rt\u0113t katru mirkli. \u0160\u012b filozofisk\u0101 atzi\u0146a pie\u0161\u0137ir dziesmai dzi\u013c\u0101ku noz\u012bmi, aicinot klaus\u012bt\u0101jus un skat\u012bt\u0101jus apzin\u0101ties kl\u0101tb\u016btnes v\u0113rt\u012bbu.<\/p>\n<p>Muzik\u0101lais un vizu\u0101lais baud\u012bjums<\/p>\n<p>M\u016bziku dziesmai produc\u0113jis un miks\u0113jis pieredz\u0113ju\u0161ais Arnis Ra\u010dinskis. Klipa centr\u0101laj\u0101 t\u0113l\u0101 \u2013 nosl\u0113pumainaj\u0101 z\u012blniec\u0113 \u2013 iejutusies talant\u012bg\u0101 aktrise Ausma Anna Celmarauga. Grupa \u00abSub Scriptum\u00bb sast\u0101v\u0101 muzic\u0113 Kristers Rudz\u012btis (vok\u0101ls), Maikls Drobins (bas\u0123it\u0101ra), Alvis Kozuls (solo \u0123it\u0101ra) un Armands Runcis (bungas). Kopum\u0101 jaun\u0101 dziesma un t\u0101s videoklips iez\u012bm\u0113 v\u0113l vienu spilgtu pieturas punktu grupas rado\u0161aj\u0101 darb\u012bb\u0101, apliecinot v\u0113lmi apvienot sp\u0113c\u012bgu muzik\u0101lo v\u0113st\u012bjumu ar vizu\u0101lu st\u0101stu, kas iedvesmo piev\u0113rsties mirklim \u201c\u0161eit un tagad\u201d. Katrs kadrs ir r\u016bp\u012bgi izstr\u0101d\u0101ts, radot neaizmirstamu un iespaid\u012bgu vizu\u0101lo pieredzi, kas lieliski saskan ar dziesmas emocion\u0101lo pies\u0101tin\u0101jumu. <\/p>\n<p>Komandas un atbalst\u012bt\u0101ju ieguld\u012bjums<\/p>\n<p>Videoklipa tap\u0161an\u0101 pal\u012bdz\u0113ju\u0161i ar\u012b vair\u0101ki atbalst\u012bt\u0101ji. \u012apa\u0161s paldies tiek teikts &#8220;Cinevilla Studio&#8221; un Andrejam \u0112\u0137im. T\u0113rpu nomai &#8220;Sers&#8221; tiek izteikta pateic\u012bba par lieliskiem t\u0113rpiem, fotogr\u0101fam R\u016bdolfam Tuti\u0146am par aizkadra fotogr\u0101fij\u0101m, k\u0101 ar\u012b Keitai Nikolai Rasai par atbalstu film\u0113\u0161anas laukum\u0101. \u0160\u012b pla\u0161\u0101 atbalsta t\u012bkla kl\u0101tb\u016btne apliecina projekta noz\u012bm\u012bgumu un komandas sp\u0113ju apvienot da\u017e\u0101dus talantus, lai rad\u012btu kvalitat\u012bvu un unik\u0101lu m\u0101kslas darbu.<\/p>\n","protected":false},"excerpt":{"rendered":"\u00abSub Scriptum\u00bb iepaz\u012bstina ar jaunu videoklipu gangsteru est\u0113tik\u0101 Latvie\u0161u m\u016bzikas grupa \u00abSub Scriptum\u00bb ir laidusi klaj\u0101 savu jaun\u0101ko&hellip;\n","protected":false},"author":2,"featured_media":31431,"comment_status":"","ping_status":"","sticky":false,"template":"","format":"standard","meta":{"footnotes":""},"categories":[19],"tags":[89,5527,90,35,39,38,194,36,37,34,40,439,442,441],"class_list":{"0":"post-31430","1":"post","2":"type-post","3":"status-publish","4":"format-standard","5":"has-post-thumbnail","7":"category-izklaide","8":"tag-entertainment","9":"tag-gangsteru-estetika","10":"tag-izklaide","11":"tag-latvia","12":"tag-latvian","13":"tag-latviesu","14":"tag-latviesu-muzika","15":"tag-latviesu-valoda","16":"tag-latviesuvaloda","17":"tag-latvija","18":"tag-lv","19":"tag-sub-scriptum","20":"tag-tev","21":"tag-videoklips"},"share_on_mastodon":{"url":"https:\/\/pubeurope.com\/@lv\/115440129352270654","error":""},"_links":{"self":[{"href":"https:\/\/www.europesays.com\/lv\/wp-json\/wp\/v2\/posts\/31430","targetHints":{"allow":["GET"]}}],"collection":[{"href":"https:\/\/www.europesays.com\/lv\/wp-json\/wp\/v2\/posts"}],"about":[{"href":"https:\/\/www.europesays.com\/lv\/wp-json\/wp\/v2\/types\/post"}],"author":[{"embeddable":true,"href":"https:\/\/www.europesays.com\/lv\/wp-json\/wp\/v2\/users\/2"}],"replies":[{"embeddable":true,"href":"https:\/\/www.europesays.com\/lv\/wp-json\/wp\/v2\/comments?post=31430"}],"version-history":[{"count":0,"href":"https:\/\/www.europesays.com\/lv\/wp-json\/wp\/v2\/posts\/31430\/revisions"}],"wp:featuredmedia":[{"embeddable":true,"href":"https:\/\/www.europesays.com\/lv\/wp-json\/wp\/v2\/media\/31431"}],"wp:attachment":[{"href":"https:\/\/www.europesays.com\/lv\/wp-json\/wp\/v2\/media?parent=31430"}],"wp:term":[{"taxonomy":"category","embeddable":true,"href":"https:\/\/www.europesays.com\/lv\/wp-json\/wp\/v2\/categories?post=31430"},{"taxonomy":"post_tag","embeddable":true,"href":"https:\/\/www.europesays.com\/lv\/wp-json\/wp\/v2\/tags?post=31430"}],"curies":[{"name":"wp","href":"https:\/\/api.w.org\/{rel}","templated":true}]}}