{"id":31438,"date":"2025-10-26T11:10:12","date_gmt":"2025-10-26T11:10:12","guid":{"rendered":"https:\/\/www.europesays.com\/lv\/31438\/"},"modified":"2025-10-26T11:10:12","modified_gmt":"2025-10-26T11:10:12","slug":"vaidere-pozitivi-verte-es-jaunas-sankcijas-pret-krieviju-jauns-lv","status":"publish","type":"post","link":"https:\/\/www.europesays.com\/lv\/31438\/","title":{"rendered":"Vaidere pozit\u012bvi v\u0113rt\u0113 ES jaun\u0101s sankcijas pret Krieviju &#8211; Jauns.lv"},"content":{"rendered":"<ol>\n<li><a href=\"https:\/\/news.google.com\/rss\/articles\/CBMimAFBVV95cUxNZDV1d3V4QVlDU1BiTmJLVDNibHpzbHc2cVdSblQ3QnQ4WF9FeTdHdkEzSy0xMlpaLTYybnkyYkpNUVZEQTMxcVA0aXpaeGZRcGxsRVAwbWlBWlhKZGt4V1hEcjlyZ0VnRndaNk1EMUJaaTNoT04ycXBFN040RXY1OUZlMUpEeWplRTdmOVNNallZRUhTd0F6NQ?oc=5\" target=\"_blank\" rel=\"nofollow noopener\">Vaidere pozit\u012bvi v\u0113rt\u0113 ES jaun\u0101s sankcijas pret Krieviju<\/a>&nbsp;&nbsp;Jauns.lv<\/li>\n<li><a href=\"https:\/\/news.google.com\/rss\/articles\/CBMinwFBVV95cUxPdGhWLVlYR2FVMlF2ZkVmT3V1OHFaNl8wTkZPaVktVGlmLU1qYWRMaDhQelQ5ZXFpZ1RleDVtb0JLTGdTb0k2NE5vZ0o1dGRoN01kbnBkVjkwNm5kSHpQV082TVgwX1FoUkd2RWtmQTVXR3AtaVhJX3A4eENBdnVMZkVlbzVHR1k1MUp4ZzlQWFZWNFQ2U3JuQmxNMnQxS2M?oc=5\" target=\"_blank\" rel=\"nofollow noopener\">Vaidere: Pirmo reizi ES sankcijas tie\u0161i skars Krievijas g\u0101zes sektoru<\/a>&nbsp;&nbsp;Apollo.lv<\/li>\n<li><a href=\"https:\/\/news.google.com\/rss\/articles\/CBMimwFBVV95cUxOLXpvYnRBSXduUk1DR25PMzdfcVdZWHZwN0NST3lOZlg2WkhnY0swbGpyM0FMOTNRM1hjaC1mcThIZWtCUnVsVVhVQWFwdDlWQldxOUdQcHV2V2s3ellwMEZVY25xUWtpV05OZ2YyYm1QOTFPWGlrUlFGOEppLVc0T0g1UDk1LU1LMExlUENlOTZpV3hHd1Vjek9xYw?oc=5\" target=\"_blank\" rel=\"nofollow noopener\">VIDEO: Putins m\u0113\u0123ina draud\u0113t Eiropai, bet publiski izg\u0101\u017eas<\/a>&nbsp;&nbsp;Jauns.lv<\/li>\n<li><a href=\"https:\/\/news.google.com\/rss\/articles\/CBMiswFBVV95cUxOZFBfU2JHY0NwODRFVUxMZGhodERCMGxpa1IxV0ItMV9EUmQxQUx2dmItRXZKa2NrVWN3Vk9PZ1VpYmRaWDk2VXEyTTFFaUE2R2N0TzJERUR2dEotS1ptWnQyMnBQeGpxZUpTS3BOSHl1WGNZVG5GN1VxNFVRYTVXYmF2ZDIzV1MzTHRsa0Q4ZzFtcTV6TUJpZ3g3SmswMjdzRHVlRlpxdXdFNmZoUTd2TkU2Yw?oc=5\" target=\"_blank\" rel=\"nofollow noopener\">Putina attieksme iekustin\u0101jusi ASV un Eiropu; Tramps un D\u0101nija n\u0101k klaj\u0101 ar jauniem pazi\u0146ojumiem<\/a>&nbsp;&nbsp;LA.LV<\/li>\n<li><a href=\"https:\/\/news.google.com\/rss\/articles\/CBMisgFBVV95cUxPeXB2RXpNR0xIcTNvdzlLeHlWWm95TWVieFViU0t1SzE4amlSUWhnMTBFcmJKZjExVFF3dkVid1U2b3FqRUstdDdsdGxKdlZjMnh2d0hLRHo1dWRiRng4a0tHWXZDS0F1MmppSnhtV1RGRHFSZ2UweFFyYlpibnFLWDV3ZERneDF2TEMtUGlvTjRoSmc2OVMzTXZaRmNpVHlpVFB2YVFlR3RhMFJGS3JtSDhn?oc=5\" target=\"_blank\" rel=\"nofollow noopener\">Eiropas Savien\u012bbas 19. sankciju pakete pret Krieviju: ko t\u0101 paredz?<\/a>&nbsp;&nbsp;Delfi<\/li>\n<\/ol>\n","protected":false},"excerpt":{"rendered":"Vaidere pozit\u012bvi v\u0113rt\u0113 ES jaun\u0101s sankcijas pret Krieviju&nbsp;&nbsp;Jauns.lv Vaidere: Pirmo reizi ES sankcijas tie\u0161i skars Krievijas g\u0101zes sektoru&nbsp;&nbsp;Apollo.lv&hellip;\n","protected":false},"author":2,"featured_media":31439,"comment_status":"","ping_status":"","sticky":false,"template":"","format":"standard","meta":{"footnotes":""},"categories":[14],"tags":[23,57,28,29,32,33,22,30,31,35,39,38,36,37,34,40,20,26,27,24,25,54,55,56,21,58],"class_list":{"0":"post-31438","1":"post","2":"type-post","3":"status-publish","4":"format-standard","5":"has-post-thumbnail","7":"category-zinas-no-arvalstim","8":"tag-aktualitates","9":"tag-arvalstim","10":"tag-breaking-news","11":"tag-breakingnews","12":"tag-featured-news","13":"tag-featurednews","14":"tag-headlines","15":"tag-latest-news","16":"tag-latestnews","17":"tag-latvia","18":"tag-latvian","19":"tag-latviesu","20":"tag-latviesu-valoda","21":"tag-latviesuvaloda","22":"tag-latvija","23":"tag-lv","24":"tag-news","25":"tag-popularakas-zinas","26":"tag-popularakaszinas","27":"tag-top-stories","28":"tag-topstories","29":"tag-world","30":"tag-world-news","31":"tag-worldnews","32":"tag-zinas","33":"tag-zinas-no-arvalstim"},"share_on_mastodon":{"url":"https:\/\/pubeurope.com\/@lv\/115440164737178719","error":""},"_links":{"self":[{"href":"https:\/\/www.europesays.com\/lv\/wp-json\/wp\/v2\/posts\/31438","targetHints":{"allow":["GET"]}}],"collection":[{"href":"https:\/\/www.europesays.com\/lv\/wp-json\/wp\/v2\/posts"}],"about":[{"href":"https:\/\/www.europesays.com\/lv\/wp-json\/wp\/v2\/types\/post"}],"author":[{"embeddable":true,"href":"https:\/\/www.europesays.com\/lv\/wp-json\/wp\/v2\/users\/2"}],"replies":[{"embeddable":true,"href":"https:\/\/www.europesays.com\/lv\/wp-json\/wp\/v2\/comments?post=31438"}],"version-history":[{"count":0,"href":"https:\/\/www.europesays.com\/lv\/wp-json\/wp\/v2\/posts\/31438\/revisions"}],"wp:featuredmedia":[{"embeddable":true,"href":"https:\/\/www.europesays.com\/lv\/wp-json\/wp\/v2\/media\/31439"}],"wp:attachment":[{"href":"https:\/\/www.europesays.com\/lv\/wp-json\/wp\/v2\/media?parent=31438"}],"wp:term":[{"taxonomy":"category","embeddable":true,"href":"https:\/\/www.europesays.com\/lv\/wp-json\/wp\/v2\/categories?post=31438"},{"taxonomy":"post_tag","embeddable":true,"href":"https:\/\/www.europesays.com\/lv\/wp-json\/wp\/v2\/tags?post=31438"}],"curies":[{"name":"wp","href":"https:\/\/api.w.org\/{rel}","templated":true}]}}