{"id":31444,"date":"2025-10-26T11:16:20","date_gmt":"2025-10-26T11:16:20","guid":{"rendered":"https:\/\/www.europesays.com\/lv\/31444\/"},"modified":"2025-10-26T11:16:20","modified_gmt":"2025-10-26T11:16:20","slug":"cehijas-cilveki-saziedo-kartigai-ukrianu-raketei","status":"publish","type":"post","link":"https:\/\/www.europesays.com\/lv\/31444\/","title":{"rendered":"\u010cehijas cilv\u0113ki saziedo k\u0101rt\u012bgai Ukria\u0146u ra\u0137etei"},"content":{"rendered":"<p class=\"descr\">\u010cehij\u0101 p\u016b\u013ca finans\u0113juma kampa\u0146\u0101 divu dienu laik\u0101 sav\u0101kti vair\u0101k nek\u0101 500 000 eiro, lai ieg\u0101d\u0101tos Ukrainas armijas vajadz\u012bb\u0101m ra\u0137eti &#8220;Flamingo&#8221;, kas sp\u0113j sasniegt m\u0113r\u0137us dzi\u013ci Krievijas iek\u0161ien\u0113, ar\u012b Maskav\u0101.<\/p>\n<p>Kampa\u0146a &#8220;D\u0101vana Putinam&#8221; tika s\u0101kta otrdien un savu m\u0113r\u0137i &#8211; 515 000 eiro &#8211; sasniedza jau ceturtdien.<\/p>\n<p>L\u012bdz \u0161im r\u012btam kampa\u0146ai bija saziedoti jau vair\u0101k nek\u0101 535 000 eiro. <a href=\"https:\/\/nra.lv\/birka\/ziedojumu-vaksana\/\" target=\"_blank\" rel=\"noopener nofollow\">Ziedoju\u0161i<\/a> vair\u0101k bek\u0101 8500 cilv\u0113ku.<\/p>\n<p>Saziedot\u0101 nauda tiks izlietota, lai ieg\u0101d\u0101tos <a href=\"https:\/\/nra.lv\/birka\/kars-ukraina\/\" target=\"_blank\" rel=\"noopener nofollow\">Ukrain\u0101<\/a> ra\u017eotu ra\u0137eti &#8220;FP-5 Flamingo&#8221;, kuras darb\u012bbas r\u0101diuss p\u0101rsniedz 3000 kilometru. T\u0101d\u0113j\u0101di t\u0101 ir sp\u0113j\u012bga sasniegt Maskavu, kas atrodas aptuveni 800 kilometrus no Kijivas.<\/p>\n<p>Kampa\u0146as t\u012bmek\u013ca vietn\u0113 teikts, ka <a href=\"https:\/\/nra.lv\/birka\/raketes\/\" target=\"_blank\" rel=\"noopener nofollow\">ra\u0137ete<\/a> sp\u0113j sasniegt \u0101trumu 900 kilometri stund\u0101 un t\u0101 ir iztur\u012bga pret elektroniskiem pretpas\u0101kumiem.<\/p>\n<p><a href=\"https:\/\/nra.lv\/birka\/cehija\/\" target=\"_blank\" rel=\"noopener nofollow\">\u010cehijas<\/a> kampa\u0146as organizatori uzskata, ka Ukrain\u0101 ra\u017eot\u0101s vad\u0101m\u0101s ra\u0137etes sp\u0113j main\u012bt kara gaitu. Vi\u0146i bija cer\u0113ju\u0161i sav\u0101kt 500 000 eiro ned\u0113\u013cas laik\u0101, bet tas izdev\u0101s jau 48 stund\u0101s.<\/p>\n<p>Ra\u0137ete tiks nosaukta par &#8220;DANA 1&#8221; par godu \u0161om\u0113nes m\u016b\u017e\u012bb\u0101 aizg\u0101ju\u0161ajai \u010dehu kodolfizi\u0137ei Danai Dr\u0101bovai, kura bija p\u0101rliecin\u0101ta Kijivas atbalst\u012bt\u0101ja c\u012b\u0146\u0101 pret <a href=\"https:\/\/nra.lv\/birka\/krievijas-agresija\/\" target=\"_blank\" rel=\"noopener nofollow\">Krievijas agresiju<\/a>.<\/p>\n<p>Ukrainas vald\u012bbas p\u0101rvald\u012bt\u0101 t\u012bmek\u013ca vietne &#8220;United24&#8221; zi\u0146oja, ka iniciat\u012bva &#8220;D\u0101vana <a href=\"https:\/\/nra.lv\/birka\/vladimirs-putins\/\" target=\"_blank\" rel=\"noopener nofollow\">Putinam<\/a>&#8220;, kas tika s\u0101kta 2022. gad\u0101 p\u0113c Krievijas atk\u0101rtot\u0101 iebrukuma Ukrain\u0101, jau finans\u0113jusi vair\u0101kas d\u0101rgas iero\u010du platformas un citu apr\u012bkojumu Ukrainas bru\u0146otajiem sp\u0113kiem.<\/p>\n<p>Cita starp\u0101, pateicoties \u0161ai iniciat\u012bvai, Ukrainas armijai sag\u0101d\u0101ts helikopters &#8220;<a href=\"https:\/\/nra.lv\/birka\/black-hawk\/\" target=\"_blank\" rel=\"noopener nofollow\">Black Hawk<\/a>&#8221; par gandr\u012bz tr\u012bs miljoniem eiro, padomu laika tanks T-72 par 1,4 miljoniem eiro un vair\u0101k nek\u0101 divi miljoni eiro tika sav\u0101kti ra\u0137e\u0161u palai\u0161anas platformai &#8220;RM-70&#8221;.<\/p>\n<p>\t\t\t\t\t\tinfo<\/p>\n<p>Uzzini pirmais<br \/>kas interesants noticis Latvij\u0101 un pasaul\u0113,<br \/>pievienojoties mums <a href=\"https:\/\/t.me\/neatkariga\" rel=\"nofollow\">Telegram<\/a> vai <a href=\"https:\/\/whatsapp.com\/channel\/0029VaMLFUH5K3zLU5s4wm3y\" rel=\"nofollow noopener\" target=\"_blank\">Whatsapp<\/a> kan\u0101l\u0101<\/p>\n","protected":false},"excerpt":{"rendered":"\u010cehij\u0101 p\u016b\u013ca finans\u0113juma kampa\u0146\u0101 divu dienu laik\u0101 sav\u0101kti vair\u0101k nek\u0101 500 000 eiro, lai ieg\u0101d\u0101tos Ukrainas armijas vajadz\u012bb\u0101m&hellip;\n","protected":false},"author":2,"featured_media":31445,"comment_status":"","ping_status":"","sticky":false,"template":"","format":"standard","meta":{"footnotes":""},"categories":[14],"tags":[23,57,28,29,32,33,22,30,31,35,39,38,36,37,34,40,20,26,27,24,25,54,55,56,21,58],"class_list":{"0":"post-31444","1":"post","2":"type-post","3":"status-publish","4":"format-standard","5":"has-post-thumbnail","7":"category-zinas-no-arvalstim","8":"tag-aktualitates","9":"tag-arvalstim","10":"tag-breaking-news","11":"tag-breakingnews","12":"tag-featured-news","13":"tag-featurednews","14":"tag-headlines","15":"tag-latest-news","16":"tag-latestnews","17":"tag-latvia","18":"tag-latvian","19":"tag-latviesu","20":"tag-latviesu-valoda","21":"tag-latviesuvaloda","22":"tag-latvija","23":"tag-lv","24":"tag-news","25":"tag-popularakas-zinas","26":"tag-popularakaszinas","27":"tag-top-stories","28":"tag-topstories","29":"tag-world","30":"tag-world-news","31":"tag-worldnews","32":"tag-zinas","33":"tag-zinas-no-arvalstim"},"share_on_mastodon":{"url":"https:\/\/pubeurope.com\/@lv\/115440188357762229","error":""},"_links":{"self":[{"href":"https:\/\/www.europesays.com\/lv\/wp-json\/wp\/v2\/posts\/31444","targetHints":{"allow":["GET"]}}],"collection":[{"href":"https:\/\/www.europesays.com\/lv\/wp-json\/wp\/v2\/posts"}],"about":[{"href":"https:\/\/www.europesays.com\/lv\/wp-json\/wp\/v2\/types\/post"}],"author":[{"embeddable":true,"href":"https:\/\/www.europesays.com\/lv\/wp-json\/wp\/v2\/users\/2"}],"replies":[{"embeddable":true,"href":"https:\/\/www.europesays.com\/lv\/wp-json\/wp\/v2\/comments?post=31444"}],"version-history":[{"count":0,"href":"https:\/\/www.europesays.com\/lv\/wp-json\/wp\/v2\/posts\/31444\/revisions"}],"wp:featuredmedia":[{"embeddable":true,"href":"https:\/\/www.europesays.com\/lv\/wp-json\/wp\/v2\/media\/31445"}],"wp:attachment":[{"href":"https:\/\/www.europesays.com\/lv\/wp-json\/wp\/v2\/media?parent=31444"}],"wp:term":[{"taxonomy":"category","embeddable":true,"href":"https:\/\/www.europesays.com\/lv\/wp-json\/wp\/v2\/categories?post=31444"},{"taxonomy":"post_tag","embeddable":true,"href":"https:\/\/www.europesays.com\/lv\/wp-json\/wp\/v2\/tags?post=31444"}],"curies":[{"name":"wp","href":"https:\/\/api.w.org\/{rel}","templated":true}]}}