{"id":31459,"date":"2025-10-26T11:34:07","date_gmt":"2025-10-26T11:34:07","guid":{"rendered":"https:\/\/www.europesays.com\/lv\/31459\/"},"modified":"2025-10-26T11:34:07","modified_gmt":"2025-10-26T11:34:07","slug":"kars-ukraina-atri-beigtos-ja-nemtu-vera-tris-krievijai-svarigus-jautajumus","status":"publish","type":"post","link":"https:\/\/www.europesays.com\/lv\/31459\/","title":{"rendered":"Kar\u0161 Ukrain\u0101 \u0101tri beigtos, ja \u0146emtu v\u0113r\u0101 tr\u012bs Krievijai svar\u012bgus jaut\u0101jumus"},"content":{"rendered":"<p>Dmitrijevs intervij\u0101 telekan\u0101lam &#8220;Fox News&#8221; sac\u012bja, ka &#8220;ASV, Ukraina un <a href=\"https:\/\/www.apollo.lv\/term\/555452\/krievija\" class=\"topicLink\" target=\"_blank\" rel=\"nofollow noopener\">Krievija<\/a> saprot, k\u0101ds var\u0113tu b\u016bt risin\u0101jums, un m\u0113s ceram, ka tas tiks pan\u0101kts sapr\u0101t\u012bg\u0101 laik\u0101&#8221;.<\/p>\n<p>Kad tika jaut\u0101ts, k\u0101di var\u0113tu b\u016bt kara izbeig\u0161anas Ukrain\u0101 nosac\u012bjumi, Dmitrijevs nosauca tr\u012bs punktus.<\/p>\n<p>&#8220;Es galvenok\u0101rt koncentr\u0113jos uz ekonomiku, invest\u012bcij\u0101m un visp\u0101r\u0113j\u0101m attiec\u012bb\u0101m ar ASV, un v\u0113los, lai dialogs turpin\u0101tos. Tom\u0113r uzskatu, ka ir vair\u0101ki svar\u012bgi aspekti. Viens no tiem ir dro\u0161\u012bbas garantijas Ukrainai. Krievija ir pateikusi &#8220;j\u0101&#8221; &#8211; t\u0101 ir atv\u0113rta dro\u0161\u012bbas garantij\u0101m Ukrainai.<\/p>\n<p>V\u0113l viens jaut\u0101jums ir krievvalod\u012bgo iedz\u012bvot\u0101ju apdz\u012bvot\u0101s teritorijas, kur\u0101m, p\u0113c Putina s\u016bt\u0146a teikt\u0101, &#8220;Ukrainas karasp\u0113ks uzbruka v\u0113l pirms konflikta s\u0101kuma&#8221; (red. &#8211; \u0161is apgalvojums ir ilgsto\u0161s narat\u012bvs, ko Kremlis izmanto, lai m\u0113\u0123in\u0101tu attaisnot agresiju pret Ukrainu).<\/p>\n<p>Tre\u0161ais nosac\u012bjums ir Ukrainas neitralit\u0101te, kas, vi\u0146apr\u0101t, ir b\u016btiska Krievijas dro\u0161\u012bbai. &#8220;Tie nav daudzi jaut\u0101jumi. Un, t\u0101 k\u0101 m\u0113s saprotam, k\u0101 tos var atrisin\u0101t diplom\u0101tisk\u0101 ce\u013c\u0101, risin\u0101jumu var atrast diezgan \u0101tri,&#8221; sac\u012bja Dmitrijevs.<\/p>\n<p>Putina s\u016btnis ar\u012b uzslav\u0113ja ASV prezidentu Donaldu Trampu, sakot, ka vi\u0146a prezident\u016bras laik\u0101 redz &#8220;progresu&#8221; kara izbeig\u0161anas virzien\u0101.<\/p>\n<p>&#8220;Pirmk\u0101rt, prezidents Tramps nov\u0113rsa eskal\u0101ciju l\u012bdz Tre\u0161ajam pasaules karam. Otrk\u0101rt, vi\u0146\u0161 pan\u0101ca pirmo pamiera vieno\u0161anos pret ener\u0123\u0113tikas infrastrukt\u016bru. Un, tre\u0161k\u0101rt, vi\u0146\u0161 patie\u0161\u0101m saprata Krievijas nost\u0101ju,&#8221; sac\u012bja Krem\u013ca s\u016btnis.<\/p>\n<p>Intervij\u0101 CNN Dmitrijevs ar\u012b pauda p\u0101rliec\u012bbu, ka Trampa un Putina tik\u0161an\u0101s notiks, bet v\u0113l\u0101k\u0101 datum\u0101.<\/p>\n","protected":false},"excerpt":{"rendered":"Dmitrijevs intervij\u0101 telekan\u0101lam &#8220;Fox News&#8221; sac\u012bja, ka &#8220;ASV, Ukraina un Krievija saprot, k\u0101ds var\u0113tu b\u016bt risin\u0101jums, un m\u0113s&hellip;\n","protected":false},"author":2,"featured_media":31460,"comment_status":"","ping_status":"","sticky":false,"template":"","format":"standard","meta":{"footnotes":""},"categories":[14],"tags":[23,57,28,29,32,33,22,234,74,30,31,35,39,38,36,37,34,40,20,26,27,24,25,54,55,56,21,58],"class_list":{"0":"post-31459","1":"post","2":"type-post","3":"status-publish","4":"format-standard","5":"has-post-thumbnail","7":"category-zinas-no-arvalstim","8":"tag-aktualitates","9":"tag-arvalstim","10":"tag-breaking-news","11":"tag-breakingnews","12":"tag-featured-news","13":"tag-featurednews","14":"tag-headlines","15":"tag-krievija","16":"tag-krievijas-iebrukums-ukraina","17":"tag-latest-news","18":"tag-latestnews","19":"tag-latvia","20":"tag-latvian","21":"tag-latviesu","22":"tag-latviesu-valoda","23":"tag-latviesuvaloda","24":"tag-latvija","25":"tag-lv","26":"tag-news","27":"tag-popularakas-zinas","28":"tag-popularakaszinas","29":"tag-top-stories","30":"tag-topstories","31":"tag-world","32":"tag-world-news","33":"tag-worldnews","34":"tag-zinas","35":"tag-zinas-no-arvalstim"},"share_on_mastodon":{"url":"https:\/\/pubeurope.com\/@lv\/115440259186053099","error":""},"_links":{"self":[{"href":"https:\/\/www.europesays.com\/lv\/wp-json\/wp\/v2\/posts\/31459","targetHints":{"allow":["GET"]}}],"collection":[{"href":"https:\/\/www.europesays.com\/lv\/wp-json\/wp\/v2\/posts"}],"about":[{"href":"https:\/\/www.europesays.com\/lv\/wp-json\/wp\/v2\/types\/post"}],"author":[{"embeddable":true,"href":"https:\/\/www.europesays.com\/lv\/wp-json\/wp\/v2\/users\/2"}],"replies":[{"embeddable":true,"href":"https:\/\/www.europesays.com\/lv\/wp-json\/wp\/v2\/comments?post=31459"}],"version-history":[{"count":0,"href":"https:\/\/www.europesays.com\/lv\/wp-json\/wp\/v2\/posts\/31459\/revisions"}],"wp:featuredmedia":[{"embeddable":true,"href":"https:\/\/www.europesays.com\/lv\/wp-json\/wp\/v2\/media\/31460"}],"wp:attachment":[{"href":"https:\/\/www.europesays.com\/lv\/wp-json\/wp\/v2\/media?parent=31459"}],"wp:term":[{"taxonomy":"category","embeddable":true,"href":"https:\/\/www.europesays.com\/lv\/wp-json\/wp\/v2\/categories?post=31459"},{"taxonomy":"post_tag","embeddable":true,"href":"https:\/\/www.europesays.com\/lv\/wp-json\/wp\/v2\/tags?post=31459"}],"curies":[{"name":"wp","href":"https:\/\/api.w.org\/{rel}","templated":true}]}}