{"id":31509,"date":"2025-10-26T12:42:08","date_gmt":"2025-10-26T12:42:08","guid":{"rendered":"https:\/\/www.europesays.com\/lv\/31509\/"},"modified":"2025-10-26T12:42:08","modified_gmt":"2025-10-26T12:42:08","slug":"putins-dizojas-ar-krievu-jaunas-kodolraketes-veiksmigajiem-izmeginajumiem","status":"publish","type":"post","link":"https:\/\/www.europesays.com\/lv\/31509\/","title":{"rendered":"Putins di\u017eojas ar krievu jaun\u0101s kodolra\u0137etes veiksm\u012bgajiem izm\u0113\u0123in\u0101jumiem"},"content":{"rendered":"<p>\u201cIz\u0161\u0137ir\u012bgie izm\u0113\u0123in\u0101jumi tagad ir pabeigti,\u201d Putins teica Krem\u013ca public\u0113t\u0101 video no milit\u0101ro l\u012bderu san\u0101ksmes.<\/p>\n<p>Putins deva r\u012bkojumu sagatavot \u201cinfrastrukt\u016bru, lai Krievijas bru\u0146otie sp\u0113ki var\u0113tu s\u0101kt izmantot \u0161o ieroci\u201d.<\/p>\n<p>Krievijas diktators ra\u0137eti raksturoja k\u0101 \u201cunik\u0101lu veidojumu, k\u0101da nav nevienam citam pasaul\u0113\u201d. Vi\u0146\u0161 apgalvoja, ka \u201cBurevest\u0146ik\u201d \u201cdarb\u012bbas r\u0101diuss ir neierobe\u017eots\u201d.<\/p>\n<p>P\u0113d\u0113j\u0101 izm\u0113\u0123in\u0101jum\u0101 21. oktobr\u012b ra\u0137ete esot nolidojusi ap 15 stund\u0101m un 14 000 kilometru, teica Krievijas armijas komandieris Val\u0113rijs Gerasimovs. Vi\u0146\u0161 piebilda, ka t\u0101s nav iero\u010da maksim\u0101l\u0101s iesp\u0113jas.<\/p>\n<p>Par ra\u0137etes izstr\u0101d\u0101\u0161anu Putins pazi\u0146oja 2018. gad\u0101.<\/p>\n<p>Ra\u0137etes izm\u0113\u0123in\u0101jums veikts laik\u0101, kad Krievijas un Ukrainas miera sarunas ir non\u0101ku\u0161as strupce\u013c\u0101, neskatoties uz ASV prezidenta Donalda Trampa ap\u0146\u0113m\u012bbu karu \u0101tri izbeigt p\u0113c atgrie\u0161an\u0101s Baltaj\u0101 nam\u0101.<\/p>\n<p>Tramps tre\u0161dien noteica sankcijas diviem liel\u0101kajiem Krievijas naftas uz\u0146\u0113mumiem, sakot, ka vi\u0146a sarunas ar Putinu par kara Ukrain\u0101 izbeig\u0161anu \u201cnekust\u0101s uz priek\u0161u\u201d.<\/p>\n<p>Sestdien Tramps, kur\u0161 iepriek\u0161 pauda ap\u0146\u0113m\u012bbu dr\u012bzum\u0101 tikties ar Putinu Budape\u0161t\u0101, pazi\u0146oja, ka \u201cnegras\u0101s t\u0113r\u0113t savu laiku\u201d jaunam samitam ar Putinu.<\/p>\n<p class=\"ad-desc ad-desc-main\">Saturs turpin\u0101s p\u0113c rekl\u0101mas<\/p>\n<p class=\"ad-desc ad-desc-sec\">Rekl\u0101ma<\/p>\n<p>Krem\u013ca sarunu ved\u0113js Kirils Dmitrijevs piektdien un sestdien tik\u0101s ar Trampa administr\u0101cijas amatperson\u0101m, un gaid\u0101ms, ka sarunas turpin\u0101sies ar\u012b sv\u0113tdien.<\/p>\n<p>Putins savuk\u0101rt sv\u0113tdien sac\u012bja, ka nev\u0113las noteikt grafiku, kad kaujas izbeigsies.<\/p>\n<p>\u201cM\u0113s neko negras\u0101mies saska\u0146ot ar k\u0101diem datumiem vai notikumiem,\u201d teica Krievijas diktators, pazi\u0146ojot, ka \u201cm\u0113s savu r\u012bc\u012bbu balst\u012bsim uz milit\u0101ru racionalit\u0101ti\u201d.<\/p>\n<p class=\"tv3-fw-500\">Zi\u0146o par k\u013c\u016bdu rakst\u0101<\/p>\n<p class=\"d-md-block d-none\">Iez\u012bm\u0113 k\u013c\u016bdaino tekstu un spied Ctrl+Enter.<\/p>\n<p class=\"d-md-none d-block\">Iez\u012bm\u0113 k\u013c\u016bdaino tekstu un zi\u0146o par to!<\/p>\n","protected":false},"excerpt":{"rendered":"\u201cIz\u0161\u0137ir\u012bgie izm\u0113\u0123in\u0101jumi tagad ir pabeigti,\u201d Putins teica Krem\u013ca public\u0113t\u0101 video no milit\u0101ro l\u012bderu san\u0101ksmes. Putins deva r\u012bkojumu sagatavot&hellip;\n","protected":false},"author":2,"featured_media":31510,"comment_status":"","ping_status":"","sticky":false,"template":"","format":"standard","meta":{"footnotes":""},"categories":[5],"tags":[23,9499,28,29,32,33,22,30,31,35,39,38,36,37,34,40,20,26,27,24,25,21],"class_list":{"0":"post-31509","1":"post","2":"type-post","3":"status-publish","4":"format-standard","5":"has-post-thumbnail","7":"category-aktualitates","8":"tag-aktualitates","9":"tag-asv-sankcijas-pret-krievijuvladimirs-putins","10":"tag-breaking-news","11":"tag-breakingnews","12":"tag-featured-news","13":"tag-featurednews","14":"tag-headlines","15":"tag-latest-news","16":"tag-latestnews","17":"tag-latvia","18":"tag-latvian","19":"tag-latviesu","20":"tag-latviesu-valoda","21":"tag-latviesuvaloda","22":"tag-latvija","23":"tag-lv","24":"tag-news","25":"tag-popularakas-zinas","26":"tag-popularakaszinas","27":"tag-top-stories","28":"tag-topstories","29":"tag-zinas"},"share_on_mastodon":{"url":"https:\/\/pubeurope.com\/@lv\/115440526721947350","error":""},"_links":{"self":[{"href":"https:\/\/www.europesays.com\/lv\/wp-json\/wp\/v2\/posts\/31509","targetHints":{"allow":["GET"]}}],"collection":[{"href":"https:\/\/www.europesays.com\/lv\/wp-json\/wp\/v2\/posts"}],"about":[{"href":"https:\/\/www.europesays.com\/lv\/wp-json\/wp\/v2\/types\/post"}],"author":[{"embeddable":true,"href":"https:\/\/www.europesays.com\/lv\/wp-json\/wp\/v2\/users\/2"}],"replies":[{"embeddable":true,"href":"https:\/\/www.europesays.com\/lv\/wp-json\/wp\/v2\/comments?post=31509"}],"version-history":[{"count":0,"href":"https:\/\/www.europesays.com\/lv\/wp-json\/wp\/v2\/posts\/31509\/revisions"}],"wp:featuredmedia":[{"embeddable":true,"href":"https:\/\/www.europesays.com\/lv\/wp-json\/wp\/v2\/media\/31510"}],"wp:attachment":[{"href":"https:\/\/www.europesays.com\/lv\/wp-json\/wp\/v2\/media?parent=31509"}],"wp:term":[{"taxonomy":"category","embeddable":true,"href":"https:\/\/www.europesays.com\/lv\/wp-json\/wp\/v2\/categories?post=31509"},{"taxonomy":"post_tag","embeddable":true,"href":"https:\/\/www.europesays.com\/lv\/wp-json\/wp\/v2\/tags?post=31509"}],"curies":[{"name":"wp","href":"https:\/\/api.w.org\/{rel}","templated":true}]}}