{"id":31511,"date":"2025-10-26T12:43:12","date_gmt":"2025-10-26T12:43:12","guid":{"rendered":"https:\/\/www.europesays.com\/lv\/31511\/"},"modified":"2025-10-26T12:43:12","modified_gmt":"2025-10-26T12:43:12","slug":"grupa-polifauna-izdod-dziesmu-par-skirsanos-un-sevis-meklejumiem","status":"publish","type":"post","link":"https:\/\/www.europesays.com\/lv\/31511\/","title":{"rendered":"Grupa &#8220;Polifauna&#8221; izdod dziesmu par \u0161\u0137ir\u0161anos un sevis mekl\u0113jumiem"},"content":{"rendered":"<p class=\"lead\">\n                                Grupa \u201cPolifauna\u201d n\u0101kusi klaj\u0101 ar jaunu singlu \u201c\u0100da\u201d no topo\u0161\u0101 otr\u0101 albuma \u201cII\u201d. Dziesma ir velt\u012bjums \u0161\u0137ir\u0161an\u0101s un pa\u0161izzi\u0146as tematikai. \u201cT\u0101 ir dziesma par \u0161\u0137ir\u0161anos jeb, k\u0101 m\u0113dz teikt, \u2018breakup song\u2019,\u201d st\u0101sta grupas solists un dziesmas autors Andris Strazds.\n                            <\/p>\n<p>Dziesma \u201c\u0100da\u201d pieejama vis\u0101s m\u016bzikas straum\u0113\u0161anas platform\u0101s. T\u0101s ieraksts tapis pa\u0161u sp\u0113kiem vair\u0101k\u0101s sesij\u0101s, piedaloties Mat\u012bsam Taz\u0101nam (bungas), K\u0101rlim Krauklim (bass), Elzai Kakti\u0146ai (tausti\u0146i), R\u016bdolfam Ozolam (\u0123it\u0101ra) un Andrim Strazdam (vok\u0101ls, \u0123it\u0101ra).\u00a0<\/p>\n<p>\u201cDa\u013cu no instrumentiem ierakst\u012bj\u0101m telp\u0101s, kas tam \u012bsti nav piem\u0113rotas, l\u012bdz ar to Lo-Fi skan\u0113jums, kas raksturo \u2018Polifaunu\u2019, dom\u0101ju, ir saglab\u0101jies ar\u012b \u0161aj\u0101 ierakst\u0101,\u201d nor\u0101da Andris Strazds. Dziesm\u0101 k\u0101 \u201cspoka balss\u201d dzirdama ar\u012b Sp\u0101re V\u012btola no grupas \u201cAlejas\u201d, kura nejau\u0161i atradusies blakus istab\u0101, kad Andris darbojies pie produc\u0113\u0161anas. P\u0113capstr\u0101di veidojis ska\u0146u in\u017eenieris Arnis Ra\u010dinskis.<\/p>\n<p>Dziesmas ideju vizu\u0101li turpina t\u0101s videoklips, kas film\u0113ts Latvij\u0101 un Malt\u0101. Klips pirmizr\u0101di piedz\u012bvoja R\u012bgas Starptautiskaj\u0101 kino festiv\u0101l\u0101 (Riga IFF), kur starptautiska \u017e\u016brija to ierindoja starp 15 lab\u0101kajiem Baltijas m\u016bzikas video. Klipa idejai Andris Strazds iedvesmu sm\u0113lies no Pedro Almodovara film\u0101m, kur ap\u0123\u0113rbs bie\u017ei kalpo k\u0101 t\u0113lu otr\u0101 \u0101da jeb bru\u0146as, un no Karla Junga aprakst\u012btajiem psihes arhetipiem \u2013 Animus un Anima, kas simboliz\u0113 sievi\u0161\u0137o un v\u012bri\u0161\u0137o pusi katr\u0101 cilv\u0113k\u0101. Dziesmas autors nor\u0101da, ka v\u0113l\u0113jies reflekt\u0113t par savas sievi\u0161\u0137\u0101s puses pie\u0146em\u0161anu un to, ka iz\u0161\u0137irties nenoz\u012bm\u0113 zaud\u0113t pieeju \u0161ai savai da\u013cai.<\/p>\n<p>K\u0101 klipa re\u017eisore tika uzrun\u0101ta El\u012bza Jordane, kuras ideja par kleitu k\u0101 patst\u0101v\u012bgu t\u0113lu Andri uzreiz ieinteres\u0113ja. Vi\u0146a st\u0101sta, ka video ideja att\u012bst\u012bjusies vair\u0101ku gadu garum\u0101 un realiz\u0113ta kop\u0101 ar rado\u0161o komandu, tostarp J\u016bliju Volkin\u0161teini, kura rad\u012bjusi klip\u0101 redzamo sarkano kleitu. Film\u0113\u0161anas laik\u0101 komanda nav baid\u012bjusies eksperiment\u0113t, tostarp dron\u0101 lidin\u0101t piecmetr\u012bgu kleitu, kam\u0113r valst\u012b bija sp\u0113k\u0101 oran\u017eais br\u012bdin\u0101jums.<\/p>\n<p>Videoklipa veido\u0161an\u0101 piedal\u012bju\u0161ies ar\u012b M\u0101rti\u0146\u0161 Kivlinieks un P\u0113teris V\u012bksna, radot vizu\u0101li iespaid\u012bgu un daudzsl\u0101\u0146ainu darbu, kas atv\u0113rts skat\u012bt\u0101ja interpret\u0101cijai. Klips skat\u0101ms grupas \u201cPolifauna\u201d YouTube kan\u0101l\u0101.<\/p>\n<p>Grupu \u201cPolifauna\u201d, kuras rado\u0161o kodolu veido Andris Strazds un Elza Kakti\u0146a, raksturo atmosf\u0113risks un hipnotisks skan\u0113jums. Grupas debijas albums \u201cYou Look Like A Lost Soul\u201d ieguvis gan Austras balvu, gan Zelta mikrofona statueti. 2024. gad\u0101 \u201cPolifauna\u201d tika uzaicin\u0101ta iesild\u012bt popul\u0101ro \u012bru postpanka grupu \u201cFontaines D.C.\u201d koncert\u0101 koncertz\u0101l\u0113 \u201cPalladium\u201d.<\/p>\n<p class=\"paragraph-muted\">Izv\u0113lies savu soct\u012bklu platformu, lai sekotu LASI.LV: <a href=\"https:\/\/www.facebook.com\/portals.lasi.lv\" target=\"_blank\" rel=\"noopener noreferrer nofollow\">Facebook<\/a>, <a href=\"https:\/\/twitter.com\/lasilvportals\" target=\"_blank\" rel=\"noopener noreferrer nofollow\">X<\/a>, <a href=\"https:\/\/bsky.app\/profile\/lasilv.bsky.social\" target=\"_blank\" rel=\"noopener noreferrer nofollow\">Bluesky<\/a>, <a href=\"https:\/\/www.draugiem.lv\/lasilv\/?pg=4\" target=\"_blank\" rel=\"noopener noreferrer nofollow\">Draugiem<\/a> vai ar\u012b <a href=\"https:\/\/www.instagram.com\/lasilv_zinas\/\" target=\"_blank\" rel=\"noopener noreferrer nofollow\">Instagram<\/a>. Pievienojies m\u016bsu las\u012bt\u0101ju pulkam, lai sa\u0146emtu \u012bpa\u0161i tev atlas\u012btu noder\u012bgu, praktisku un aktu\u0101lu saturu.\u00a0<\/p>\n<p><a href=\"https:\/\/lasi.lv\/abonesana\" rel=\"nofollow noopener\" target=\"_blank\">Abon\u0113<\/a>\u00a0LASI.LV gadam\u00a0vai k\u0101du no\u00a0&#8220;Latvijas Mediju&#8221; periodiskajiem izdevumiem 2026. gadam, un laim\u0113 1500 eiro vai Philips kafijas autom\u0101tu. Loterijas at\u013caujas nr. 8744.<\/p>\n<p><img decoding=\"async\" src=\"https:\/\/www.europesays.com\/lv\/wp-content\/uploads\/2025\/10\/1760568371_496_2025100311425268df8c8c1572e.jpg\" alt=\"\" loading=\"lazy\"\/><\/p>\n<p style=\"margin-left:auto;\">Pieraksties LASI.LV redaktora v\u0113stkopai <a href=\"https:\/\/lasi.lv\/vestkopa\/lasi-lv-galvena-redaktora-vestkopa\" rel=\"nofollow noopener\" target=\"_blank\">\u0161eit<\/a>.<\/p>\n<p>Pieraksties v\u0113stkopai un divas reizes ned\u0113\u013c\u0101 sa\u0146em padzi\u013cin\u0101tu LASI.LV galven\u0101 redaktora aktu\u0101lo zi\u0146u, kompetentu viedok\u013cu un interesant\u0101ko interviju apkopojumu.<\/p>\n<p>Ko tu sa\u0146emsi:<\/p>\n<ul>\n<li>Daudzveid\u012bgus koment\u0101rus un kompetentus Latvijas Mediju \u017eurn\u0101listu un autoru viedok\u013cus par aktu\u0101lo<\/li>\n<li>Ekspertu koment\u0101rus par da\u017e\u0101diem praktiskiem, noder\u012bgiem tematiem<\/li>\n<li>Aizraujo\u0161us materi\u0101lus par v\u0113sturi, psiholo\u0123iju, kult\u016bru<\/li>\n<li>Gata \u0160\u013c\u016bkas karikat\u016bru<\/li>\n<li>Tav\u0101 e-pasta kast\u012bt\u0113 katru ceturtdienu<\/li>\n<\/ul>\n<p style=\"margin-left:auto;\">\u00a0<\/p>\n<p><script async src=\"https:\/\/platform.twitter.com\/widgets.js\" charset=\"utf-8\"><\/script><script async src=\"\/\/www.instagram.com\/embed.js\"><\/script><\/p>\n","protected":false},"excerpt":{"rendered":"Grupa \u201cPolifauna\u201d n\u0101kusi klaj\u0101 ar jaunu singlu \u201c\u0100da\u201d no topo\u0161\u0101 otr\u0101 albuma \u201cII\u201d. Dziesma ir velt\u012bjums \u0161\u0137ir\u0161an\u0101s un&hellip;\n","protected":false},"author":2,"featured_media":31512,"comment_status":"","ping_status":"","sticky":false,"template":"","format":"standard","meta":{"footnotes":""},"categories":[19],"tags":[89,90,35,39,38,36,37,34,40],"class_list":{"0":"post-31511","1":"post","2":"type-post","3":"status-publish","4":"format-standard","5":"has-post-thumbnail","7":"category-izklaide","8":"tag-entertainment","9":"tag-izklaide","10":"tag-latvia","11":"tag-latvian","12":"tag-latviesu","13":"tag-latviesu-valoda","14":"tag-latviesuvaloda","15":"tag-latvija","16":"tag-lv"},"share_on_mastodon":{"url":"https:\/\/pubeurope.com\/@lv\/115440530544782674","error":""},"_links":{"self":[{"href":"https:\/\/www.europesays.com\/lv\/wp-json\/wp\/v2\/posts\/31511","targetHints":{"allow":["GET"]}}],"collection":[{"href":"https:\/\/www.europesays.com\/lv\/wp-json\/wp\/v2\/posts"}],"about":[{"href":"https:\/\/www.europesays.com\/lv\/wp-json\/wp\/v2\/types\/post"}],"author":[{"embeddable":true,"href":"https:\/\/www.europesays.com\/lv\/wp-json\/wp\/v2\/users\/2"}],"replies":[{"embeddable":true,"href":"https:\/\/www.europesays.com\/lv\/wp-json\/wp\/v2\/comments?post=31511"}],"version-history":[{"count":0,"href":"https:\/\/www.europesays.com\/lv\/wp-json\/wp\/v2\/posts\/31511\/revisions"}],"wp:featuredmedia":[{"embeddable":true,"href":"https:\/\/www.europesays.com\/lv\/wp-json\/wp\/v2\/media\/31512"}],"wp:attachment":[{"href":"https:\/\/www.europesays.com\/lv\/wp-json\/wp\/v2\/media?parent=31511"}],"wp:term":[{"taxonomy":"category","embeddable":true,"href":"https:\/\/www.europesays.com\/lv\/wp-json\/wp\/v2\/categories?post=31511"},{"taxonomy":"post_tag","embeddable":true,"href":"https:\/\/www.europesays.com\/lv\/wp-json\/wp\/v2\/tags?post=31511"}],"curies":[{"name":"wp","href":"https:\/\/api.w.org\/{rel}","templated":true}]}}