{"id":31517,"date":"2025-10-26T12:53:18","date_gmt":"2025-10-26T12:53:18","guid":{"rendered":"https:\/\/www.europesays.com\/lv\/31517\/"},"modified":"2025-10-26T12:53:18","modified_gmt":"2025-10-26T12:53:18","slug":"saeimas-budzeta-komisija-nakamnedel-saks-skatit-2026-gada-budzeta-pavadoso-likumprojektu-paketi-jauns-lv","status":"publish","type":"post","link":"https:\/\/www.europesays.com\/lv\/31517\/","title":{"rendered":"Saeimas Bud\u017eeta komisija n\u0101kamned\u0113\u013c s\u0101ks skat\u012bt 2026. gada bud\u017eeta pavado\u0161o likumprojektu paketi &#8211; Jauns.lv"},"content":{"rendered":"<ol>\n<li><a href=\"https:\/\/news.google.com\/rss\/articles\/CBMizwFBVV95cUxNOHdwR1FzQ3FGM1ZwZFFxRnJkeVZxd2hfdzdmZjg5bUZ5M3dXRm1OM193eDBKbnNQbE4xT3N0VWl2ejI0X1hXSklwLTBMQlNkYlJ0a1k1SjJTVmRIc3FMbWdGSDl5a0EwMEtrUS1FSXhOSHV6ZjNMVkhLZ3otdjB1dnNFRVhtSEg2RGlhMTlLYWpTdXJ2TDdsdzZVdzFsZ2JJSVFKSUpFbWdyTGdaY3BSV1p0YlUxV2VJTjdKUzNIQjVOUzc1ckF3UVVna0NualE?oc=5\" target=\"_blank\" rel=\"nofollow noopener\">Saeimas Bud\u017eeta komisija n\u0101kamned\u0113\u013c s\u0101ks skat\u012bt 2026. gada bud\u017eeta pavado\u0161o likumprojektu paketi<\/a>&nbsp;&nbsp;Jauns.lv<\/li>\n<li><a href=\"https:\/\/news.google.com\/rss\/articles\/CBMiwgFBVV95cUxNSURrM2ttYksyR211Ry1kSzRqaFEwSXBYcURRdHVGeUo3YklRd3RfckxINjBKWS1BWDdNZjJKY1d3OG04bUlPNk9GYkVaM3paN2xwVHFzaDdmbFo2ZzFERjgyZEl5UmZfUzZMUzhzVzN1cVZKa3lodEVnUFhUSmxrYk9OSHRsanU1XzRPd2pORmVFWmFWWmdCakcxNkxKbWxieGgyQ2pfb1UzMmNIVUlDM1NqajNLb2pmb29wZzV3UTRHdw?oc=5\" target=\"_blank\" rel=\"nofollow noopener\">Latvijas 2026. gada bud\u017eets \u2013 liel\u0101ka minim\u0101l\u0101 alga, atsevi\u0161\u0137i pabalsti un par\u0101ds<\/a>&nbsp;&nbsp;liepajniekiem.lv<\/li>\n<li><a href=\"https:\/\/news.google.com\/rss\/articles\/CBMi9AFBVV95cUxQbTFjY1BWWTA0OUdvQVI0eVdIbE1SeVFkSXdoYjRQQVlGMEtDLTRNUldmdFZJTjVTb3RmZ0dyam0yb21XX1B4dG1WWkhJSjdhMHA4QUx5SjhUbUxVMkFheUtLSkxSV29xdnA0V1FreHJqbXd6WGJsQmdfSTl0eE5lUWFORDdSN28yY01VTGVneGhtMEY2eERaNjhJb0FaWnhmODd5TUtZTmprdzZmWDFjbFhBY1JUeXdZMi1uVU1EVS1tSGl3VjB1YmVTd2VpV0tOaDRaWmRtWC1GUWRaSktzZlU3eEFJNTRQdld0em5lMGRPbkNu?oc=5\" target=\"_blank\" rel=\"nofollow noopener\">Finan\u0161u ministra A\u0161eradena \u00abtaup\u012bbas\u00bb sol\u012bjumi: Vai algas patie\u0161\u0101m tiks grieztas, un ko noz\u012bm\u0113 600 darba vietu likvid\u0113\u0161ana?<\/a>&nbsp;&nbsp;Lente.lv<\/li>\n<li><a href=\"https:\/\/news.google.com\/rss\/articles\/CBMi_wFBVV95cUxQRUFEbHkyVjNMVEVkam45SmRCaEczTjFmdkJkUkFpQkJmRV9ab3B0WmJTT0hTUmZLV2hJbmp5QmR4QkZRa2JkS3pNOTBoUTlkaDl6NzBfRnpjeUJaRmQ2dUFLRkV0UWxwb1ZmaW5rREVnWjRYSlZDYUxRcGN1WV9CbkJyWjVnaUJWN1A5S2ZEcVdEZHpXU3gyN3hlaXFXb1dPclZBSFpvQWNoQTdXaHlNX1dSQWRMTm9tS2JwVWRZa2Y5ekZMaGlBekJId0VIc25HSXlEYko4RXFVNzFyMDlmZFNOcW5BZG03QXZYWm9oa1BRUDgxQWFHNEg0X0VwdGc?oc=5\" target=\"_blank\" rel=\"nofollow noopener\">Cik liel\u0101 m\u0113r\u0101 2026. gad\u0101 palielin\u0101sies algas, pensijas, pabalsti un nodok\u013ci?<\/a>&nbsp;&nbsp;MadeinVilnius.lt<\/li>\n<li><a href=\"https:\/\/news.google.com\/rss\/articles\/CBMiekFVX3lxTE9GcFlFOFVxRElvdERlNm9NbWhsejRKeGNfdlF5NndtYmQ5LVo4T1hvSlluSVR6czBTZG0tTTd2SzIwQWxHM29TY2RVWHhLdWd6Uk9SMjVaSGhyQ0VqdV9HTzhTZTFUbVJFV0hzaldKZUlOVGRKcDduaF93?oc=5\" target=\"_blank\" rel=\"nofollow noopener\">\u201cLatvija ieiet jaun\u0101 att\u012bst\u012bbas lok\u0101\u201d<\/a>&nbsp;&nbsp;laikraksts LAIKS<\/li>\n<\/ol>\n","protected":false},"excerpt":{"rendered":"Saeimas Bud\u017eeta komisija n\u0101kamned\u0113\u013c s\u0101ks skat\u012bt 2026. gada bud\u017eeta pavado\u0161o likumprojektu paketi&nbsp;&nbsp;Jauns.lv Latvijas 2026. gada bud\u017eets \u2013 liel\u0101ka&hellip;\n","protected":false},"author":2,"featured_media":31518,"comment_status":"","ping_status":"","sticky":false,"template":"","format":"standard","meta":{"footnotes":""},"categories":[12],"tags":[23,28,29,32,33,22,30,31,35,39,38,36,37,34,40,20,26,27,24,25,21],"class_list":{"0":"post-31517","1":"post","2":"type-post","3":"status-publish","4":"format-standard","5":"has-post-thumbnail","7":"category-latvija","8":"tag-aktualitates","9":"tag-breaking-news","10":"tag-breakingnews","11":"tag-featured-news","12":"tag-featurednews","13":"tag-headlines","14":"tag-latest-news","15":"tag-latestnews","16":"tag-latvia","17":"tag-latvian","18":"tag-latviesu","19":"tag-latviesu-valoda","20":"tag-latviesuvaloda","21":"tag-latvija","22":"tag-lv","23":"tag-news","24":"tag-popularakas-zinas","25":"tag-popularakaszinas","26":"tag-top-stories","27":"tag-topstories","28":"tag-zinas"},"share_on_mastodon":{"url":"https:\/\/pubeurope.com\/@lv\/115440569738964707","error":""},"_links":{"self":[{"href":"https:\/\/www.europesays.com\/lv\/wp-json\/wp\/v2\/posts\/31517","targetHints":{"allow":["GET"]}}],"collection":[{"href":"https:\/\/www.europesays.com\/lv\/wp-json\/wp\/v2\/posts"}],"about":[{"href":"https:\/\/www.europesays.com\/lv\/wp-json\/wp\/v2\/types\/post"}],"author":[{"embeddable":true,"href":"https:\/\/www.europesays.com\/lv\/wp-json\/wp\/v2\/users\/2"}],"replies":[{"embeddable":true,"href":"https:\/\/www.europesays.com\/lv\/wp-json\/wp\/v2\/comments?post=31517"}],"version-history":[{"count":0,"href":"https:\/\/www.europesays.com\/lv\/wp-json\/wp\/v2\/posts\/31517\/revisions"}],"wp:featuredmedia":[{"embeddable":true,"href":"https:\/\/www.europesays.com\/lv\/wp-json\/wp\/v2\/media\/31518"}],"wp:attachment":[{"href":"https:\/\/www.europesays.com\/lv\/wp-json\/wp\/v2\/media?parent=31517"}],"wp:term":[{"taxonomy":"category","embeddable":true,"href":"https:\/\/www.europesays.com\/lv\/wp-json\/wp\/v2\/categories?post=31517"},{"taxonomy":"post_tag","embeddable":true,"href":"https:\/\/www.europesays.com\/lv\/wp-json\/wp\/v2\/tags?post=31517"}],"curies":[{"name":"wp","href":"https:\/\/api.w.org\/{rel}","templated":true}]}}