{"id":31523,"date":"2025-10-26T13:11:09","date_gmt":"2025-10-26T13:11:09","guid":{"rendered":"https:\/\/www.europesays.com\/lv\/31523\/"},"modified":"2025-10-26T13:11:09","modified_gmt":"2025-10-26T13:11:09","slug":"makslas-stacija-dubulti-notiks-kopadisanas-pasakums-valdzinajums","status":"publish","type":"post","link":"https:\/\/www.europesays.com\/lv\/31523\/","title":{"rendered":"M\u0101kslas stacij\u0101 &#8220;Dubulti&#8221; notiks kopad\u012b\u0161anas pas\u0101kums &#8220;VALDZin\u0101jums&#8221;"},"content":{"rendered":"<p>M\u0101kslas stacij\u0101 \u201cDubulti\u201d 2.\u00a0novembr\u012b norisin\u0101sies pirmais kopad\u012b\u0161anas pas\u0101kums J\u016brmal\u0101 \u201cVALDZin\u0101jums\u201d. Pas\u0101kuma nosaukums atvasin\u0101ts no v\u0101rda \u201cvaldzi\u0146\u0161\u201d un aicina ad\u012bt\u0101jus satikties, lai dal\u012btos pieredz\u0113 un saj\u016btu valdzin\u0101jum\u0101, ko sniedz aizrau\u0161an\u0101s ar ad\u012b\u0161anu.<\/p>\n<p>K\u0101 inform\u0113ja vieni no pas\u0101kuma r\u012bkot\u0101jiem biedr\u012bba \u201cJ\u016brmalas Amatn\u012bca\u201d , dienas ies\u0101kum\u0101 no R\u012bgas un Tukuma Dubultu stacij\u0101 ierad\u012bsies ad\u012bt\u0101ju vilcieni. No plkst.\u00a014.30 l\u012bdz 17.30 Dubultu M\u0101kslas stacijas izst\u0101\u017eu telp\u0101 b\u016bs iesp\u0113ja klaus\u012bties iedvesmas st\u0101stus, iesaist\u012bties rado\u0161\u0101s aktivit\u0101tes un meistarklas\u0113s, bet pas\u0101kuma nosl\u0113gum\u0101 plkst.\u00a017.30 pas\u0101kuma dal\u012bbnieki var\u0113s baud\u012bt jaun\u0101s muzik\u0101l\u0101s apvien\u012bbas \u201cLatvijas un Igaunijas simp\u0101tiskais or\u0137estris\u201d koncertu.<\/p>\n<p>Pas\u0101kuma laik\u0101 ikviens dal\u012bbnieks aicin\u0101ts piedal\u012bties\u00a0pop-up\u00a0\u201cve\u013cas auklas\u201d izst\u0101d\u0113, apskatei pied\u0101v\u0101jot k\u0101du savu \u012bpa\u0161o l\u012bdzi pa\u0146emto ad\u012bjumu, k\u0101 ar\u012b uz pas\u0101kumu \u0146emt l\u012bdzi jau ies\u0101ktu ad\u012bjumu un dzijas kamolu ar ad\u0101mr\u012bkiem, lai apg\u016btu pas\u0101kuma laik\u0101 pied\u0101v\u0101tos ad\u012b\u0161anas knifus.<\/p>\n<p>Iedvesmas st\u0101stu programma:<\/p>\n<p>14.30 st\u0101sts par ze\u0137u trakul\u012bb\u0101m, ad\u012bt\u0101ja\u00a0Baiba Pil\u0101ne.<\/p>\n<p>15.00 v\u0113rp\u0161anas m\u0101ksla jeb siltas ze\u0137es no m\u0101jas m\u012blu\u013ca vilnas, meistare\u00a0Anitra Tooma. B\u016bs ar\u012b iesp\u0113ja apg\u016bt v\u0113rp\u0161anas pamatus.<\/p>\n<p>15.30 j\u016brmalniece\u00a0Dace Starka\u00a0apskatei pied\u0101v\u0101s tradicion\u0101l\u0101s Rucavas un N\u012bcas ad\u012bt\u0101s jakas un ad\u012bto jaku kolekciju, kas tapusi, iedvesmojoties no etnogr\u0101fisko cimdu mot\u012bviem.<\/p>\n<p>16.00 meistare\u00a0Sara Thorn\u00a0(Zviedrija) st\u0101st\u012bs par senaj\u0101m ad\u012b\u0161anas prasm\u0113m Skandin\u0101vij\u0101, \u013caujot praktiski iepaz\u012bt ar\u012b Zviedrij\u0101 tradicion\u0101lo divu galu ad\u012bjumu.<\/p>\n<p>16.30\u00a0Ren\u0101tes Dzied\u0101t\u0101jas\u00a0st\u0101sts \u201cAdi un lolo: ce\u013c\u0161 uz apzin\u0101t\u012bbu, kopienu un ilgtsp\u0113ju\u201d.<\/p>\n<p>17.00\u00a0Krist\u012bnes Janovas, z\u012bmola \u201cMaruma Yarns\u201d \u012bpa\u0161nieces, st\u0101st\u012bjums par aizrau\u0161anos, kas p\u0101rtop dz\u012bves nodro\u0161in\u0101jum\u0101, \u201cNo hobija l\u012bdz uz\u0146\u0113m\u0113jdarb\u012bbai\u201d.<\/p>\n<p>17.30\u201318.30 jaun\u0101s muzik\u0101l\u0101s apvien\u012bbas\u00a0\u201cLatvijas un Igaunijas simp\u0101tiskais or\u0137estris\u201d\u00a0koncerts un kop\u012bga \u013cau\u0161an\u0101s ad\u012b\u0161anas valdzin\u0101jumam.<\/p>\n","protected":false},"excerpt":{"rendered":"M\u0101kslas stacij\u0101 \u201cDubulti\u201d 2.\u00a0novembr\u012b norisin\u0101sies pirmais kopad\u012b\u0161anas pas\u0101kums J\u016brmal\u0101 \u201cVALDZin\u0101jums\u201d. Pas\u0101kuma nosaukums atvasin\u0101ts no v\u0101rda \u201cvaldzi\u0146\u0161\u201d un aicina&hellip;\n","protected":false},"author":2,"featured_media":31524,"comment_status":"","ping_status":"","sticky":false,"template":"","format":"standard","meta":{"footnotes":""},"categories":[12],"tags":[23,28,29,32,33,22,114,30,31,35,39,38,36,37,34,40,20,629,26,27,24,25,21],"class_list":{"0":"post-31523","1":"post","2":"type-post","3":"status-publish","4":"format-standard","5":"has-post-thumbnail","7":"category-latvija","8":"tag-aktualitates","9":"tag-breaking-news","10":"tag-breakingnews","11":"tag-featured-news","12":"tag-featurednews","13":"tag-headlines","14":"tag-jurmala","15":"tag-latest-news","16":"tag-latestnews","17":"tag-latvia","18":"tag-latvian","19":"tag-latviesu","20":"tag-latviesu-valoda","21":"tag-latviesuvaloda","22":"tag-latvija","23":"tag-lv","24":"tag-news","25":"tag-pierigas-zinas","26":"tag-popularakas-zinas","27":"tag-popularakaszinas","28":"tag-top-stories","29":"tag-topstories","30":"tag-zinas"},"share_on_mastodon":{"url":"https:\/\/pubeurope.com\/@lv\/115440640871622375","error":""},"_links":{"self":[{"href":"https:\/\/www.europesays.com\/lv\/wp-json\/wp\/v2\/posts\/31523","targetHints":{"allow":["GET"]}}],"collection":[{"href":"https:\/\/www.europesays.com\/lv\/wp-json\/wp\/v2\/posts"}],"about":[{"href":"https:\/\/www.europesays.com\/lv\/wp-json\/wp\/v2\/types\/post"}],"author":[{"embeddable":true,"href":"https:\/\/www.europesays.com\/lv\/wp-json\/wp\/v2\/users\/2"}],"replies":[{"embeddable":true,"href":"https:\/\/www.europesays.com\/lv\/wp-json\/wp\/v2\/comments?post=31523"}],"version-history":[{"count":0,"href":"https:\/\/www.europesays.com\/lv\/wp-json\/wp\/v2\/posts\/31523\/revisions"}],"wp:featuredmedia":[{"embeddable":true,"href":"https:\/\/www.europesays.com\/lv\/wp-json\/wp\/v2\/media\/31524"}],"wp:attachment":[{"href":"https:\/\/www.europesays.com\/lv\/wp-json\/wp\/v2\/media?parent=31523"}],"wp:term":[{"taxonomy":"category","embeddable":true,"href":"https:\/\/www.europesays.com\/lv\/wp-json\/wp\/v2\/categories?post=31523"},{"taxonomy":"post_tag","embeddable":true,"href":"https:\/\/www.europesays.com\/lv\/wp-json\/wp\/v2\/tags?post=31523"}],"curies":[{"name":"wp","href":"https:\/\/api.w.org\/{rel}","templated":true}]}}