{"id":31536,"date":"2025-10-26T13:24:21","date_gmt":"2025-10-26T13:24:21","guid":{"rendered":"https:\/\/www.europesays.com\/lv\/31536\/"},"modified":"2025-10-26T13:24:21","modified_gmt":"2025-10-26T13:24:21","slug":"sestdien-latvija-stiprs-un-ilgstoss-lietus-lvgmc-prognoze","status":"publish","type":"post","link":"https:\/\/www.europesays.com\/lv\/31536\/","title":{"rendered":"Sestdien Latvij\u0101 stiprs un ilgsto\u0161s lietus \u2013 LV\u0122MC prognoze"},"content":{"rendered":"<p class=\"descr\">Sestdien Latvij\u0101 saglab\u0101sies apm\u0101cies laiks un vis\u0101 valst\u012b l\u012bs, rietumu un centr\u0101lajos rajonos gaid\u0101ms stiprs un ilgsto\u0161s lietus, prognoz\u0113 Latvijas Vides, \u0123eolo\u0123ijas un meteorolo\u0123ijas centrs (LV\u0122MC).<\/p>\n<p>Dien\u0101 v\u0113l aizvien b\u016bs j\u016btama ciklona ietekme, debesis b\u016bs apm\u0101ku\u0161\u0101s un vis\u0101 valsts teritorij\u0101 gaid\u0101ms <a href=\"https:\/\/nra.lv\/latvija\/504981-laika-prognoze-nedelai.htm\" rel=\"nofollow noopener\" target=\"_blank\">lietus<\/a>, rietumu un centr\u0101lajos l\u012bs stipri un ilgsto\u0161i. Gaisa temperat\u016bra b\u016bs l\u012bdz\u012bga k\u0101 nakt\u012b, saglab\u0101joties +10&#8230;+12 gr\u0101du robe\u017e\u0101s.<\/p>\n<p>Valsts rietumu da\u013c\u0101 v\u0113j\u0161 p\u016bt\u012bs no rietumiem un dienvidrietumiem. Austrumos dienas laik\u0101 tas pak\u0101peniski iegriez\u012bsies \u0161aj\u0101 virzien\u0101.<\/p>\n<p>Galvaspils\u0113t\u0101 debesis b\u016bs apm\u0101ku\u0161\u0101s. Jau no r\u012bta R\u012bgu sasniegs nokri\u0161\u0146u zona un l\u012bs stipri un ilgsto\u0161i, bet t\u0101 atk\u0101psies tikai v\u0113l\u0101 vakar\u0101.<\/p>\n<p>R\u012bg\u0101 no r\u012bta v\u0113j\u0161 l\u0113ni l\u012bdz m\u0113reni p\u016bt\u012bs no austrumiem un dienvidaustrumiem, priek\u0161pusdien\u0101 tas iegriez\u012bsies no rietumiem un dienvidrietumiem, bet maksim\u0101l\u0101 gaisa temperat\u016bra b\u016bs +10&#8230;+12 gr\u0101di, prognoz\u0113 LV\u0122MC.<\/p>\n<p>\t\t\t\t\t\tinfo<\/p>\n<p>Uzzini pirmais<br \/>kas interesants noticis Latvij\u0101 un pasaul\u0113,<br \/>pievienojoties mums <a href=\"https:\/\/t.me\/neatkariga\" rel=\"nofollow\">Telegram<\/a> vai <a href=\"https:\/\/whatsapp.com\/channel\/0029VaMLFUH5K3zLU5s4wm3y\" rel=\"nofollow noopener\" target=\"_blank\">Whatsapp<\/a> kan\u0101l\u0101<\/p>\n","protected":false},"excerpt":{"rendered":"Sestdien Latvij\u0101 saglab\u0101sies apm\u0101cies laiks un vis\u0101 valst\u012b l\u012bs, rietumu un centr\u0101lajos rajonos gaid\u0101ms stiprs un ilgsto\u0161s lietus,&hellip;\n","protected":false},"author":2,"featured_media":31537,"comment_status":"","ping_status":"","sticky":false,"template":"","format":"standard","meta":{"footnotes":""},"categories":[5],"tags":[23,28,29,32,33,22,30,31,35,39,38,36,37,34,40,20,26,27,24,25,21],"class_list":{"0":"post-31536","1":"post","2":"type-post","3":"status-publish","4":"format-standard","5":"has-post-thumbnail","7":"category-aktualitates","8":"tag-aktualitates","9":"tag-breaking-news","10":"tag-breakingnews","11":"tag-featured-news","12":"tag-featurednews","13":"tag-headlines","14":"tag-latest-news","15":"tag-latestnews","16":"tag-latvia","17":"tag-latvian","18":"tag-latviesu","19":"tag-latviesu-valoda","20":"tag-latviesuvaloda","21":"tag-latvija","22":"tag-lv","23":"tag-news","24":"tag-popularakas-zinas","25":"tag-popularakaszinas","26":"tag-top-stories","27":"tag-topstories","28":"tag-zinas"},"share_on_mastodon":{"url":"https:\/\/pubeurope.com\/@lv\/115440691639373272","error":""},"_links":{"self":[{"href":"https:\/\/www.europesays.com\/lv\/wp-json\/wp\/v2\/posts\/31536","targetHints":{"allow":["GET"]}}],"collection":[{"href":"https:\/\/www.europesays.com\/lv\/wp-json\/wp\/v2\/posts"}],"about":[{"href":"https:\/\/www.europesays.com\/lv\/wp-json\/wp\/v2\/types\/post"}],"author":[{"embeddable":true,"href":"https:\/\/www.europesays.com\/lv\/wp-json\/wp\/v2\/users\/2"}],"replies":[{"embeddable":true,"href":"https:\/\/www.europesays.com\/lv\/wp-json\/wp\/v2\/comments?post=31536"}],"version-history":[{"count":0,"href":"https:\/\/www.europesays.com\/lv\/wp-json\/wp\/v2\/posts\/31536\/revisions"}],"wp:featuredmedia":[{"embeddable":true,"href":"https:\/\/www.europesays.com\/lv\/wp-json\/wp\/v2\/media\/31537"}],"wp:attachment":[{"href":"https:\/\/www.europesays.com\/lv\/wp-json\/wp\/v2\/media?parent=31536"}],"wp:term":[{"taxonomy":"category","embeddable":true,"href":"https:\/\/www.europesays.com\/lv\/wp-json\/wp\/v2\/categories?post=31536"},{"taxonomy":"post_tag","embeddable":true,"href":"https:\/\/www.europesays.com\/lv\/wp-json\/wp\/v2\/tags?post=31536"}],"curies":[{"name":"wp","href":"https:\/\/api.w.org\/{rel}","templated":true}]}}