{"id":31540,"date":"2025-10-26T13:29:13","date_gmt":"2025-10-26T13:29:13","guid":{"rendered":"https:\/\/www.europesays.com\/lv\/31540\/"},"modified":"2025-10-26T13:29:13","modified_gmt":"2025-10-26T13:29:13","slug":"policija-uzliek-sodu-pec-tam-pasi-atzist-ka-nevajadzeja-karolina-par-neerto-izbrauksanu-latgales-iela","status":"publish","type":"post","link":"https:\/\/www.europesays.com\/lv\/31540\/","title":{"rendered":"\u201cPolicija uzliek sodu, p\u0113c tam pa\u0161i atz\u012bst, ka nevajadz\u0113ja!\u201d Karol\u012bna par ne\u0113rto izbrauk\u0161anu Latgales iel\u0101"},"content":{"rendered":"<p>    <img decoding=\"async\" src=\"https:\/\/www.europesays.com\/lv\/wp-content\/uploads\/2025\/10\/Untitled-1500-x-1000-px-2025-10-16T104513.888-1024x683.jpg\" alt=\"&#10;\"\/><\/p>\n<p>Sodu sa\u0146emt nevienam nepat\u012bk, tom\u0113r v\u0113l nepat\u012bkam\u0101ka ir situ\u0101cija, kad sods sa\u0146emts nepamatoti. Pie mums v\u0113rs\u0101s k\u0101da las\u012bt\u0101ja Karol\u012bna, kura st\u0101sta, ka vi\u0146ai R\u012bgas pa\u0161vald\u012bbas policija pirmo reizi tr\u012bs gadu laik\u0101 uzlika sodu par iebrauk\u0161anu autobusa josl\u0101. <\/p>\n<p>        Las\u012bt\u0101kie<br \/>\n        <a data-imagesrc=\"{&quot;300&quot;:&quot;https:\\\/\\\/lastatic.ams3.cdn.digitaloceanspaces.com\\\/2020\\\/01\\\/zodiaki-300x222.jpg&quot;,&quot;768&quot;:&quot;https:\\\/\\\/lastatic.ams3.cdn.digitaloceanspaces.com\\\/2020\\\/01\\\/zodiaki-768x569.jpg&quot;,&quot;1024&quot;:&quot;https:\\\/\\\/lastatic.ams3.cdn.digitaloceanspaces.com\\\/2020\\\/01\\\/zodiaki-1024x759.jpg&quot;,&quot;200&quot;:&quot;https:\\\/\\\/lastatic.ams3.cdn.digitaloceanspaces.com\\\/2020\\\/01\\\/zodiaki-200x148.jpg&quot;,&quot;400&quot;:&quot;https:\\\/\\\/lastatic.ams3.cdn.digitaloceanspaces.com\\\/2020\\\/01\\\/zodiaki-400x297.jpg&quot;,&quot;500&quot;:&quot;https:\\\/\\\/lastatic.ams3.cdn.digitaloceanspaces.com\\\/2020\\\/01\\\/zodiaki-500x371.jpg&quot;,&quot;800&quot;:&quot;https:\\\/\\\/lastatic.ams3.cdn.digitaloceanspaces.com\\\/2020\\\/01\\\/zodiaki-800x593.jpg&quot;,&quot;1000&quot;:&quot;https:\\\/\\\/lastatic.ams3.cdn.digitaloceanspaces.com\\\/2020\\\/01\\\/zodiaki-1000x741.jpg&quot;,&quot;1133&quot;:&quot;https:\\\/\\\/lastatic.ams3.cdn.digitaloceanspaces.com\\\/2020\\\/01\\\/zodiaki.jpg&quot;}\" data-focuspoint=\"&quot;&quot;\" data-p=\"2455577\" href=\"https:\/\/www.la.lv\/es-esmu-tev-lidzas-5-pazimes-ka-tavi-milie-no-aizsaules-joprojam-ir-tuvuma-un-sarga\" class=\"content-item lazy-load\" wp_automatic_readability=\"27\" rel=\"nofollow noopener\" target=\"_blank\"><\/p>\n<p>                                <img decoding=\"async\" src=\"\" alt=\"\" style=\"\" data-imageid=\"\"\/><\/p>\n<p>\n                                                \u201cEs esmu tev l\u012bdz\u0101s\u2026\u201d 5 paz\u012bmes, ka tavi m\u012b\u013cie no aizsaules joproj\u0101m ir tuvum\u0101 un sarg\u0101\n                            <\/p>\n<p><\/a><a data-imagesrc=\"{&quot;300&quot;:&quot;https:\\\/\\\/lastatic.ams3.cdn.digitaloceanspaces.com\\\/2025\\\/03\\\/Bez-nosaukuma-1500-x-1000-pikseli-54-300x200.jpg&quot;,&quot;1024&quot;:&quot;https:\\\/\\\/lastatic.ams3.cdn.digitaloceanspaces.com\\\/2025\\\/03\\\/Bez-nosaukuma-1500-x-1000-pikseli-54-1024x683.jpg&quot;,&quot;768&quot;:&quot;https:\\\/\\\/lastatic.ams3.cdn.digitaloceanspaces.com\\\/2025\\\/03\\\/Bez-nosaukuma-1500-x-1000-pikseli-54-768x512.jpg&quot;,&quot;200&quot;:&quot;https:\\\/\\\/lastatic.ams3.cdn.digitaloceanspaces.com\\\/2025\\\/03\\\/Bez-nosaukuma-1500-x-1000-pikseli-54-200x133.jpg&quot;,&quot;400&quot;:&quot;https:\\\/\\\/lastatic.ams3.cdn.digitaloceanspaces.com\\\/2025\\\/03\\\/Bez-nosaukuma-1500-x-1000-pikseli-54-400x267.jpg&quot;,&quot;500&quot;:&quot;https:\\\/\\\/lastatic.ams3.cdn.digitaloceanspaces.com\\\/2025\\\/03\\\/Bez-nosaukuma-1500-x-1000-pikseli-54-500x333.jpg&quot;,&quot;800&quot;:&quot;https:\\\/\\\/lastatic.ams3.cdn.digitaloceanspaces.com\\\/2025\\\/03\\\/Bez-nosaukuma-1500-x-1000-pikseli-54-800x533.jpg&quot;,&quot;1000&quot;:&quot;https:\\\/\\\/lastatic.ams3.cdn.digitaloceanspaces.com\\\/2025\\\/03\\\/Bez-nosaukuma-1500-x-1000-pikseli-54-1000x667.jpg&quot;,&quot;1500&quot;:&quot;https:\\\/\\\/lastatic.ams3.cdn.digitaloceanspaces.com\\\/2025\\\/03\\\/Bez-nosaukuma-1500-x-1000-pikseli-54.jpg&quot;}\" data-focuspoint=\"&quot;&quot;\" data-p=\"2454124\" href=\"https:\/\/www.la.lv\/tramps-izvirza-ultimatu-ukrainai-nekavejoties-japartrauc-uguns-esosaja-frontes-linija\" class=\"content-item lazy-load\" wp_automatic_readability=\"26\" rel=\"nofollow noopener\" target=\"_blank\"><\/p>\n<p>                                <img decoding=\"async\" src=\"\" alt=\"\" style=\"\" data-imageid=\"\"\/><\/p>\n<p>                                TV24<\/p>\n<p>                                            Tramps izvirza ultim\u0101tu Ukrainai: nekav\u0113joties j\u0101p\u0101rtrauc uguns eso\u0161aj\u0101 frontes l\u012bnij\u0101\n                            <\/p>\n<p><\/a><a data-imagesrc=\"{&quot;300&quot;:&quot;https:\\\/\\\/lastatic.ams3.cdn.digitaloceanspaces.com\\\/2025\\\/10\\\/64623cbc-03b5-4d39-9c62-4361e3a7b9b4-300x200.jpg&quot;,&quot;1024&quot;:&quot;https:\\\/\\\/lastatic.ams3.cdn.digitaloceanspaces.com\\\/2025\\\/10\\\/64623cbc-03b5-4d39-9c62-4361e3a7b9b4-1024x683.jpg&quot;,&quot;1536&quot;:&quot;https:\\\/\\\/lastatic.ams3.cdn.digitaloceanspaces.com\\\/2025\\\/10\\\/64623cbc-03b5-4d39-9c62-4361e3a7b9b4-1536x1024.jpg&quot;,&quot;500&quot;:&quot;https:\\\/\\\/lastatic.ams3.cdn.digitaloceanspaces.com\\\/2025\\\/10\\\/64623cbc-03b5-4d39-9c62-4361e3a7b9b4-500x333.jpg&quot;,&quot;800&quot;:&quot;https:\\\/\\\/lastatic.ams3.cdn.digitaloceanspaces.com\\\/2025\\\/10\\\/64623cbc-03b5-4d39-9c62-4361e3a7b9b4-800x533.jpg&quot;,&quot;1800&quot;:&quot;https:\\\/\\\/lastatic.ams3.cdn.digitaloceanspaces.com\\\/2025\\\/10\\\/64623cbc-03b5-4d39-9c62-4361e3a7b9b4.jpg&quot;}\" data-focuspoint=\"&quot;&quot;\" data-p=\"2455783\" href=\"https:\/\/www.la.lv\/video-ar-lapstam-un-dzelziem-brunojies-migrantu-pulis-plosas-putina-galvaspilsetas-maskavas-ielas\" class=\"content-item lazy-load\" wp_automatic_readability=\"26.5\" rel=\"nofollow noopener\" target=\"_blank\"><\/p>\n<p>                                <img decoding=\"async\" src=\"\" alt=\"\" style=\"\" data-imageid=\"\"\/><\/p>\n<p>                                            VIDEO. Ar l\u0101pst\u0101m un dzel\u017eiem bru\u0146ojies \u201cmigrantu p\u016blis\u201d plos\u0101s Putina galvaspils\u0113tas Maskavas iel\u0101s\n                            <\/p>\n<p><\/a><br \/>\n        <a class=\"read-more\" href=\"https:\/\/www.la.lv\/top\" rel=\"nofollow noopener\" target=\"_blank\">Las\u012bt citas zi\u0146as<\/a><\/p>\n<p>Karol\u012bnai, izbraucot no m\u0101jas, uzreiz ir autobusa josla. Vi\u0146a sa\u0146\u0113ma sodu, par iebrauk\u0161anu taj\u0101, tad zvan\u012bja uz policiju, lai noskaidrotu, vai tie\u0161\u0101m tas ir p\u0101rk\u0101pums, ja citas iesp\u0113jas nav. Tur eso\u0161\u0101 policiste atzina, ka nesaprot, k\u0101p\u0113c vi\u0146as kol\u0113\u0123i uzliku\u0161i sodu. <\/p>\n<p>\u201cP\u0101rs\u016bdz\u0113t gan to nevar, jo sods atn\u0101cis uz deklar\u0113to adresi, ne faktisko Latgales iel\u0101 259, termi\u0146i nokav\u0113ti, t\u0101d\u0113\u013c n\u0101c\u0101s vien samaks\u0101t,\u201d sieviete st\u0101sta. <\/p>\n<p>    CITI \u0160OBR\u012aD LASA<\/p>\n<p>Jaut\u0101jam satiksmes speci\u0101listam, autoskolas pasniedz\u0113jam, docentam \u0112rikam Gri\u0123im, vai izbraukt var\u0113ja ar\u012b, neiebraucot autobusa josl\u0101? <\/p>\n<p>\u201cJa sabiedrisk\u0101 transporta josla reiz\u0113 ir ar\u012b ieskr\u0113jiena josla, tad var to izmantot, lai ieskrietos. Latgales iel\u0101 t\u0101 neb\u016bs. Satiksmes noteikumi aizliedz pa \u0161o joslu braukt: CSN 92. Ja ce\u013c\u0161 apz\u012bm\u0113ts ar 505., 507., 509. vai 510. ce\u013ca z\u012bmi, pa joslu, kas paredz\u0113ta pasa\u017eieru sabiedriskajiem transportl\u012bdzek\u013ciem, p\u0101r\u0113jo transport\u00adl\u012bdzek\u013cu vad\u012bt\u0101jiem aizliegts braukt un aptur\u0113t transportl\u012bdzekli \u0161aj\u0101 josl\u0101.<\/p>\n<p>Savuk\u0101rt, n\u0101kamais punkts nosaka brauk\u0161anas iz\u0146\u0113mumu \u0161aj\u0101 josl\u0101: CSN 93. Ja josla pasa\u017eieru sabiedriskajiem transportl\u012bdzek\u013ciem apz\u012bm\u0113ta ar 505. ce\u013ca z\u012bmi un 940. ce\u013ca apz\u012bm\u0113jumu un iek\u0101rtota brauktuves labaj\u0101 pus\u0113, un nav atdal\u012bta no p\u0101r\u0113j\u0101s brauktuves ar nep\u0101rtrauktu ce\u013ca apz\u012bm\u0113juma l\u012bniju, transportl\u012bdzek\u013ca vad\u012bt\u0101jam j\u0101nogrie\u017eas pa labi no \u0161\u012bs joslas. <\/p>\n<blockquote><p>Transportl\u012bdzek\u013ca vad\u012bt\u0101jam aizliegts ilgsto\u0161i braukt pa \u0161o joslu un j\u0101nogrie\u017eas tuv\u0101kaj\u0101 brauktuv\u0113 vai viet\u0101, kur no ce\u013ca nobrauc uz blakus teritoriju.<\/p><\/blockquote>\n<p>\u0160aj\u0101 josl\u0101 at\u013cauts iebraukt ar\u012b, lai pasa\u017eieri iek\u0101ptu transportl\u012bdzekl\u012b vai izk\u0101ptu no t\u0101, ja tas netrauc\u0113 pasa\u017eieru sabiedrisko transportl\u012bdzek\u013cu vai taksometru satiksmi, k\u0101 ar\u012b lai izbrauktu pa labi uz ce\u013ca ar \u0161\u0101du joslu.<\/p>\n<p>Un tagad las\u0101m p\u0113d\u0113jo teikumu: \u201c\u0160aj\u0101 josl\u0101 at\u013cauts iebraukt ar\u012b, lai pasa\u017eieri iek\u0101ptu transportl\u012bdzekl\u012b vai izk\u0101ptu no t\u0101, ja tas netrauc\u0113 pasa\u017eieru sabiedrisko transportl\u012bdzek\u013cu vai taksometru satiksmi, k\u0101 ar\u012b, lai izbrauktu pa labi uz ce\u013ca ar \u0161\u0101du joslu.\u201d<\/p>\n<blockquote><p>Nosac\u012bjums, lai izbrauktu pa labi uz ce\u013ca ar \u0161\u0101du joslu dr\u012bkst tikai tad, ja \u0161\u012b josla:  \u201c\u2026nav atdal\u012bta no p\u0101r\u0113j\u0101s brauktuves ar nep\u0101rtrauktu ce\u013ca apz\u012bm\u0113juma l\u012bniju\u2026\u201d<\/p><\/blockquote>\n<p>\u201cP\u0101rk\u0101pumu, izbraucot no teritorijas un iebraucot autobusu josl\u0101, nosaka l\u012bnija, kas ir p\u0101rtraukta vai nep\u0101rtraukta un atdala autobusu joslu no p\u0101r\u0113j\u0101s brauktuves. Ja l\u012bnija bija nep\u0101rtraukta, tad nedr\u012bkst\u0113ja iebraukt sabiedrisk\u0101 transporta josl\u0101! Bet, ja l\u012bnija bija p\u0101rtraukta \u2013 tad dr\u012bkst\u0113ja!\u201d vi\u0146\u0161 nor\u0101da. <\/p>\n<p>    Zi\u0146o!<\/p>\n<p>\n        Ja ar\u012b Tu v\u0113lies padal\u012bties ar savu st\u0101stu\n    <\/p>\n<p>    <a class=\"zino-calltoaction__button\" href=\"https:\/\/zino.la.lv\" rel=\"nofollow noopener\" target=\"_blank\">Zi\u0146o!<\/a><\/p>\n<p>T\u0113mas<\/p>\n<p>    SAIST\u012aTIE RAKSTI<\/p>\n","protected":false},"excerpt":{"rendered":"Sodu sa\u0146emt nevienam nepat\u012bk, tom\u0113r v\u0113l nepat\u012bkam\u0101ka ir situ\u0101cija, kad sods sa\u0146emts nepamatoti. Pie mums v\u0113rs\u0101s k\u0101da las\u012bt\u0101ja&hellip;\n","protected":false},"author":2,"featured_media":31541,"comment_status":"","ping_status":"","sticky":false,"template":"","format":"standard","meta":{"footnotes":""},"categories":[12],"tags":[23,28,29,32,33,22,30,31,35,39,38,36,37,34,40,20,26,27,24,25,21],"class_list":{"0":"post-31540","1":"post","2":"type-post","3":"status-publish","4":"format-standard","5":"has-post-thumbnail","7":"category-latvija","8":"tag-aktualitates","9":"tag-breaking-news","10":"tag-breakingnews","11":"tag-featured-news","12":"tag-featurednews","13":"tag-headlines","14":"tag-latest-news","15":"tag-latestnews","16":"tag-latvia","17":"tag-latvian","18":"tag-latviesu","19":"tag-latviesu-valoda","20":"tag-latviesuvaloda","21":"tag-latvija","22":"tag-lv","23":"tag-news","24":"tag-popularakas-zinas","25":"tag-popularakaszinas","26":"tag-top-stories","27":"tag-topstories","28":"tag-zinas"},"share_on_mastodon":{"url":"https:\/\/pubeurope.com\/@lv\/115440711407412768","error":""},"_links":{"self":[{"href":"https:\/\/www.europesays.com\/lv\/wp-json\/wp\/v2\/posts\/31540","targetHints":{"allow":["GET"]}}],"collection":[{"href":"https:\/\/www.europesays.com\/lv\/wp-json\/wp\/v2\/posts"}],"about":[{"href":"https:\/\/www.europesays.com\/lv\/wp-json\/wp\/v2\/types\/post"}],"author":[{"embeddable":true,"href":"https:\/\/www.europesays.com\/lv\/wp-json\/wp\/v2\/users\/2"}],"replies":[{"embeddable":true,"href":"https:\/\/www.europesays.com\/lv\/wp-json\/wp\/v2\/comments?post=31540"}],"version-history":[{"count":0,"href":"https:\/\/www.europesays.com\/lv\/wp-json\/wp\/v2\/posts\/31540\/revisions"}],"wp:featuredmedia":[{"embeddable":true,"href":"https:\/\/www.europesays.com\/lv\/wp-json\/wp\/v2\/media\/31541"}],"wp:attachment":[{"href":"https:\/\/www.europesays.com\/lv\/wp-json\/wp\/v2\/media?parent=31540"}],"wp:term":[{"taxonomy":"category","embeddable":true,"href":"https:\/\/www.europesays.com\/lv\/wp-json\/wp\/v2\/categories?post=31540"},{"taxonomy":"post_tag","embeddable":true,"href":"https:\/\/www.europesays.com\/lv\/wp-json\/wp\/v2\/tags?post=31540"}],"curies":[{"name":"wp","href":"https:\/\/api.w.org\/{rel}","templated":true}]}}