{"id":31550,"date":"2025-10-26T13:48:09","date_gmt":"2025-10-26T13:48:09","guid":{"rendered":"https:\/\/www.europesays.com\/lv\/31550\/"},"modified":"2025-10-26T13:48:09","modified_gmt":"2025-10-26T13:48:09","slug":"nakti-uz-pirmdienu-bus-makonains-un-daudzviet-lis","status":"publish","type":"post","link":"https:\/\/www.europesays.com\/lv\/31550\/","title":{"rendered":"Nakt\u012b uz pirmdienu b\u016bs m\u0101ko\u0146ains un daudzviet l\u012bs"},"content":{"rendered":"<p>Nakt\u012b uz pirmdienu Latvij\u0101 b\u016bs m\u0101ko\u0146ains un daudzviet gaid\u0101ms lietus, bet valsts rietumos viet\u0101m skaidrosies, prognoz\u0113 Latvijas Vides, \u0123eolo\u0123ijas un meteorolo\u0123ijas centrs (LV\u0122MC).<\/p>\n<p>Nakt\u012b p\u016bt\u012bs l\u0113ns l\u012bdz m\u0113rens dienvidu puses v\u0113j\u0161, un minim\u0101l\u0101 gaisa temperat\u016bra b\u016bs +3&#8230;+6 gr\u0101di. Nakts Latvij\u0101 b\u016bs m\u0101ko\u0146aina, un debesis viet\u0101m skaidrosies tikai valsts rietumos.<\/p>\n<p>R\u012bg\u0101 nakt\u012b debesis kl\u0101s m\u0101ko\u0146i un palaikam l\u012bs. P\u016bt\u012bs l\u0113ns l\u012bdz m\u0113rens dienvidu puses v\u0113j\u0161, un gaisa temperat\u016bra pazemin\u0101sies l\u012bdz +5&#8230;+6 gr\u0101diem.<\/p>\n<p>Ar\u012b jaun\u0101s ned\u0113\u013cas pirmaj\u0101 dien\u0101 debesis virs Latvijas skaidrosies maz un daudzviet gaid\u0101ms lietus. Gaiss pirmdien iesils l\u012bdz +6&#8230;+9 gr\u0101diem, prognoz\u0113 LV\u0122MC.<\/p>\n<p><img decoding=\"async\" src=\"https:\/\/www.europesays.com\/lv\/wp-content\/uploads\/2025\/10\/e4ddd0b8ddb28655152c301b6948a5e1.png\" title=\"Foto: Paula \u010curkste\/LETA\" alt=\"Foto: Paula \u010curkste\/LETA\"\/><\/p>\n<p class=\"article-img-desc\">Foto: Paula \u010curkste\/LETA<\/p>\n","protected":false},"excerpt":{"rendered":"Nakt\u012b uz pirmdienu Latvij\u0101 b\u016bs m\u0101ko\u0146ains un daudzviet gaid\u0101ms lietus, bet valsts rietumos viet\u0101m skaidrosies, prognoz\u0113 Latvijas Vides,&hellip;\n","protected":false},"author":2,"featured_media":31551,"comment_status":"","ping_status":"","sticky":false,"template":"","format":"standard","meta":{"footnotes":""},"categories":[12],"tags":[129,1395,3333,23,28,29,32,33,22,30,31,35,39,38,36,37,34,40,20,26,27,3334,3179,3335,3180,24,25,21],"class_list":{"0":"post-31550","1":"post","2":"type-post","3":"status-publish","4":"format-standard","5":"has-post-thumbnail","7":"category-latvija","8":"tag-__typenameadvicekeyword","9":"tag-id408","10":"tag-id563","11":"tag-aktualitates","12":"tag-breaking-news","13":"tag-breakingnews","14":"tag-featured-news","15":"tag-featurednews","16":"tag-headlines","17":"tag-latest-news","18":"tag-latestnews","19":"tag-latvia","20":"tag-latvian","21":"tag-latviesu","22":"tag-latviesu-valoda","23":"tag-latviesuvaloda","24":"tag-latvija","25":"tag-lv","26":"tag-news","27":"tag-popularakas-zinas","28":"tag-popularakaszinas","29":"tag-sluglaika-zina","30":"tag-slugweather","31":"tag-titlelaika-zina","32":"tag-titleweather","33":"tag-top-stories","34":"tag-topstories","35":"tag-zinas"},"share_on_mastodon":{"url":"https:\/\/pubeurope.com\/@lv\/115440786077550935","error":""},"_links":{"self":[{"href":"https:\/\/www.europesays.com\/lv\/wp-json\/wp\/v2\/posts\/31550","targetHints":{"allow":["GET"]}}],"collection":[{"href":"https:\/\/www.europesays.com\/lv\/wp-json\/wp\/v2\/posts"}],"about":[{"href":"https:\/\/www.europesays.com\/lv\/wp-json\/wp\/v2\/types\/post"}],"author":[{"embeddable":true,"href":"https:\/\/www.europesays.com\/lv\/wp-json\/wp\/v2\/users\/2"}],"replies":[{"embeddable":true,"href":"https:\/\/www.europesays.com\/lv\/wp-json\/wp\/v2\/comments?post=31550"}],"version-history":[{"count":0,"href":"https:\/\/www.europesays.com\/lv\/wp-json\/wp\/v2\/posts\/31550\/revisions"}],"wp:featuredmedia":[{"embeddable":true,"href":"https:\/\/www.europesays.com\/lv\/wp-json\/wp\/v2\/media\/31551"}],"wp:attachment":[{"href":"https:\/\/www.europesays.com\/lv\/wp-json\/wp\/v2\/media?parent=31550"}],"wp:term":[{"taxonomy":"category","embeddable":true,"href":"https:\/\/www.europesays.com\/lv\/wp-json\/wp\/v2\/categories?post=31550"},{"taxonomy":"post_tag","embeddable":true,"href":"https:\/\/www.europesays.com\/lv\/wp-json\/wp\/v2\/tags?post=31550"}],"curies":[{"name":"wp","href":"https:\/\/api.w.org\/{rel}","templated":true}]}}