{"id":31553,"date":"2025-10-26T13:54:17","date_gmt":"2025-10-26T13:54:17","guid":{"rendered":"https:\/\/www.europesays.com\/lv\/31553\/"},"modified":"2025-10-26T13:54:17","modified_gmt":"2025-10-26T13:54:17","slug":"legendu-nakts-aicina-uz-dzirem-pilis-un-muizas-visa-latvija","status":"publish","type":"post","link":"https:\/\/www.europesays.com\/lv\/31553\/","title":{"rendered":"Le\u0123endu nakts aicina uz dz\u012br\u0113m pil\u012bs un mui\u017e\u0101s vis\u0101 Latvij\u0101"},"content":{"rendered":"<p>Vilces mui\u017eas kungu m\u0101jas pagrabos Le\u0123endu nakt\u012b iem\u0101jos dz\u012bv\u0101s skulpt\u016bras un mui\u017eas salon\u0101 ros\u012bsies rado\u0161\u0101s darbn\u012bcas. Notiks ar\u012b n\u0101kotnes z\u012bl\u0113\u0161ana un pare\u0123o\u0161ana, bet k\u0101rumniekiem tiks svaigi gatavotas le\u0123endu k\u016bkas.<\/p>\n<p>Savuk\u0101rt Lielplatones mui\u017e\u0101 dz\u012bres turpin\u0101sies l\u012bdz pat pusnaktij. Te apmekl\u0113t\u0101jus gaid\u012bs laikapst\u0101k\u013cu pare\u0123o\u0161ana kop\u0101 ar ve\u0161erien\u0113m. Mui\u017eas Ve\u013cas m\u0101j\u0101 skan\u0113s dziesmas, b\u016bs rota\u013cas un st\u0101sti, piedaloties Sv\u0113tes pagasta folkloras kopai &#8220;D\u0101lava&#8221;, bet dz\u012bru izdar\u012bb\u0101s ved\u012bs v\u0113sturisko deju kolekt\u012bvs &#8220;Senvedere&#8221;. Uz kungu m\u0101jas fas\u0101des var\u0113s v\u0113rot multimedi\u0101lu projekciju &#8220;Dz\u012bres cauri laikiem&#8221;. V\u0113l Le\u0123endu nakt\u012b b\u016bs m\u0101jra\u017eot\u0101ju tirdzi\u0146\u0161, ekskursijas mui\u017eas zvanu kolekcij\u0101 kop\u0101 ar Zvanu glab\u0101t\u0101ju un poproka grupas &#8220;Nova&#8221; koncerts.<\/p>\n<p><img decoding=\"async\" src=\"https:\/\/www.europesays.com\/lv\/wp-content\/uploads\/2025\/10\/2025102323100968fa8ba1d140c.jpg\" alt=\"Svitenes pil\u012b viesus gaid\u012bs m\u0101kslas v\u0113sturnieka Imanta Lancma\u0146a lekcija un Ineses \u0112rmanes un Havj\u0113ra Fernandesa koncerts.\" loading=\"lazy\"\/><\/p>\n<p>Svitenes pil\u012b viesus gaid\u012bs m\u0101kslas v\u0113sturnieka Imanta Lancma\u0146a lekcija un Ineses \u0112rmanes un Havj\u0113ra Fernandesa koncerts.<\/p>\n<p>Foto:\u00a0Publicit\u0101tes<\/p>\n<p>M\u0101kslas baud\u012bt\u0101jiem sestdien noteikti j\u0101dodas uz Svitenes pili, kur plkst. 18 s\u0101ksies gida vad\u012bta ekskursija pa pils telp\u0101m, bet plkst. 19 \u2013 m\u0101kslas v\u0113sturnieka Imanta Lancma\u0146a lekcija &#8220;Svitenes pils vieta Kurzemes un Zemgales mui\u017eu vid\u016b&#8221;, kurai sekos Ineses \u0112rmanes un Havj\u0113ra Fernandesa koncertprogramma &#8220;V\u012bns. V\u0101rdi. M\u012blest\u012bba&#8221;. Pas\u0101kuma laik\u0101 darbosies Gl\u012btrakst\u012b\u0161anas un Pir\u0101tu zirgu rado\u0161\u0101s darbn\u012bcas, b\u016bs apskat\u0101mas izst\u0101des &#8220;Zirgi un zirgo\u0161an\u0101s Kurzemes\u2013Zemgales hercogist\u0113&#8221; un m\u0101kslinieces Ligitas Caunes gleznas &#8220;Mana zeme Latvija&#8221;.<\/p>\n<p>Rozes balles le\u0123endas un daba Dundag\u0101<\/p>\n<p>Le\u0123endu nakts viesus ar sve\u010du sveicieniem plkst. 18\u201318.30 sagaid\u012bs ar\u012b Vecsalienas pil\u012b (Aug\u0161daugavas nov.) pie liel\u0101 ozola. Vakara gait\u0101 b\u016bs ekskursijas pa pili, mazaj\u0101 z\u0101l\u0113 tiks atkl\u0101ta m\u0101kslinieces Andas Spro\u0123es izst\u0101de &#8220;Rozes&#8221;, bet sv\u0113tku z\u0101l\u0113 notiks kvarteta &#8220;Vitrum&#8221; un v\u0113sturisko deju kolekt\u012bvu priek\u0161nesumi. Pils otraj\u0101 st\u0101v\u0101 aicin\u0101s Svetlanas Pokules izst\u0101de &#8220;Rudens, k\u0101 rudens&#8221; un rado\u0161\u0101 darbn\u012bca ar m\u0101kslinieci Je\u013cenu Ondzuli \u2013 bot\u0101niskais bareljefs &#8220;Iem\u016b\u017eini rozi&#8221; un rozes piespraudes rad\u012b\u0161ana. Darbosies Marijas Gnezdovas fotost\u016br\u012btis &#8220;Laim\u012bgu cilv\u0113ku av\u012bze&#8221; un plkst. 21 uzst\u0101sies dzied\u0101t\u0101js U\u0123is Roze. Pie pils b\u016bs gardumu tirgus, mednieku biedr\u012bbas &#8220;Skrudaliena&#8221; trofeju izst\u0101de, v\u0113sturisk\u0101s rekonstrukcijas kluba telts un \u012bpa\u0161s gaismas noform\u0113jums, kas pasakaini p\u0101rv\u0113rt\u012bs mui\u017eas parku.<\/p>\n<p><img decoding=\"async\" src=\"https:\/\/www.europesays.com\/lv\/wp-content\/uploads\/2025\/10\/2025102323100968fa8ba1e359a.jpg\" alt=\"Vecsalienas mui\u017ea un parks aiz t\u0101s Le\u0123endu nakt\u012b iemirdz\u0113sies pasakain\u0101 gaism\u0101.\" loading=\"lazy\"\/><\/p>\n<p>Vecsalienas mui\u017ea un parks aiz t\u0101s Le\u0123endu nakt\u012b iemirdz\u0113sies pasakain\u0101 gaism\u0101.<\/p>\n<p>Foto:\u00a0Publicit\u0101tes<\/p>\n<p>Savuk\u0101rt cit\u0101 Latvijas mal\u0101 \u2013 no plkst. 19 Dundagas pils p\u0101rv\u0113rt\u012bsies zin\u0101tniskaj\u0101 pasak\u0101, kur\u0101 notiks mistisk\u0101 eksped\u012bcija \u2013 Solu Juno Ori misija. &#8220;Eksped\u012bcijas dal\u012bbniekus gaid\u012bs p\u0101rsteigumi, loterija un iesp\u0113ja ieg\u0101d\u0101ties piedz\u012bvojumu st\u0101stu gr\u0101matas. Latvijas Universit\u0101tes Eksakto zin\u0101t\u0146u un tehnolo\u0123iju fakult\u0101tes zin\u0101tnieki ieved\u012bs apmekl\u0113t\u0101jus Visuma dz\u012bl\u0113s, p\u0113tot zvaigzn\u0101jus caur teleskopa aci un zen\u012btkameru. Dabas aizsardz\u012bbas p\u0101rvaldes darbn\u012bc\u0101 uzzin\u0101sim, k\u0101 ikviens var iesaist\u012bties sabiedriskaj\u0101 zin\u0101tn\u0113, pal\u012bdz\u0113t p\u0113tniekiem un dot savu ieguld\u012bjumu biolo\u0123isk\u0101s daudzveid\u012bbas saglab\u0101\u0161an\u0101. Dz\u012brosim kop\u0101 ar akordeonisti Evitu D\u016bru, baud\u012bsim &#8220;Sibillas t\u0113ju&#8221; un gardas pank\u016bkas,&#8221; sola \u0161\u012b neparast\u0101 pas\u0101kuma r\u012bkot\u0101ji.<\/p>\n<p>Dz\u012bros ar\u012b Ti\u0146\u0123er\u0113, Jaunpil\u012b un Durbes pil\u012b<\/p>\n<p>Jau krietn\u0101 tumsi\u0146\u0101 no plkst. 20 Ti\u0146\u0123eres mui\u017e\u0101 b\u016bs iesp\u0113jams sajust 19. gadsimta noska\u0146u un ieskat\u012bties mui\u017eas telp\u0101s, kur kalpi un kungi gatavojas malt\u012btei, izsp\u0113l\u0113t k\u0101du senu sp\u0113li kop\u0101 ar mui\u017eas \u013caud\u012bm, iz\u0161\u016bt nelielu p\u0113r\u013cotu bro\u0161i\u0146u mui\u017eas d\u0101mu uzraudz\u012bb\u0101 t\u0113jas salon\u0101 vai vienk\u0101r\u0161i baud\u012bt mui\u017eas gaisotni un p\u0101rbaud\u012bt savu erud\u012bciju viktor\u012bn\u0101 &#8220;Nav dz\u012bru bez \u0113\u0161anas&#8221;. Mui\u017eas apskate bez maksas, bet tiem, kuri grib\u0113s uzvilkt k\u0101du mui\u017eas \u0161t\u0101ti, pagar\u0161ot kalpu \u013cau\u017eu v\u0101r\u012btu putru vai kaut ko no mui\u017eas \u0113damistabas galda, j\u0101pa\u0146em l\u012bdzi tr\u012bs eiro.<\/p>\n<blockquote>\n<p>Grezni dz\u012bru galdi da\u017e\u0101d\u0101s noska\u0146\u0101s tiks kl\u0101ti ar\u012b Jaunpils pil\u012b, kur no plkst. 19 viesi var\u0113s iesaist\u012bties dejas st\u0101st\u0101 gadsimtu garum\u0101, izdejojot ce\u013cojumu no viduslaiku nosl\u0113pumainaj\u0101m dej\u0101m l\u012bdz m\u016bsdienu ener\u0123iskajiem ritmiem.\u00a0<\/p>\n<\/blockquote>\n<p>&#8220;Ikviens, kas v\u0113l\u0113sies nobaud\u012bt kroga malt\u012bti, var\u0113s \u013cauties piedz\u012bvojumam un iejusties barona dz\u012bru atmosf\u0113r\u0101. Visa vakara gait\u0101 b\u016bs iesp\u0113ja apskat\u012bt Jaunpils muzeju un Jaunpils kult\u016bras nama lieti\u0161\u0137\u0101s studijas &#8220;Dz\u012bpars&#8221; piecdesmit piecu darba gadu jubilejas izst\u0101di. Savuk\u0101rt l\u0101pu ce\u013c\u0161 aizved\u012bs l\u012bdz Jaunpils \u016bdensdzirnav\u0101m, bazn\u012bcai, Amatu m\u0101jai un Jaunpils bibliot\u0113kai,&#8221; ar\u012b uz rado\u0161u darbo\u0161anos un da\u017e\u0101d\u0101m sp\u0113l\u0113m Le\u0123endu nakt\u012b aicina Jaunpils pils saimnieki.<\/p>\n<p>Plkst. 16 Durbes pil\u012b notiks te\u0101tra le\u0123endas &#8220;\u017da\u0146a Katlapa balvas 2025&#8221; svin\u012bg\u0101 pasnieg\u0161anas ceremonija, kur\u0101 tiks godin\u0101ta Valmieras te\u0101tra aktrise Dace Everss un Liep\u0101jas te\u0101tra re\u017eisors un m\u0101kslinieciskais vad\u012bt\u0101js Valters S\u012blis. Ceremoniju vad\u012bs publicists Arnis \u0160ablovskis, bet re\u017eisors un te\u0101tra zin\u0101tnieks J\u0101nis Sili\u0146\u0161 dal\u012bsies ar st\u0101stiem &#8220;iz te\u0101tra dz\u012bves&#8221;. Pas\u0101kumu ar muzik\u0101lu priek\u0161nesumu kuplin\u0101s pianiste Santa J\u0101kobsone un sopr\u0101ns Iveta Apine. P\u0113c svin\u012bg\u0101s ceremonijas kuratora pavad\u012bb\u0101 var\u0113s iepaz\u012bties ar jauno izst\u0101di &#8220;Turpin\u0101jums&#8221;, kas velt\u012bta Tukuma muzeja devi\u0146desmit gadu jubilejai.<\/p>\n<p>Par vis\u0101m Le\u0123endu nakts aktivit\u0101t\u0113m var uzzin\u0101t &#8220;https:\/\/pilis.lv\/home\/projekti\/&#8221;.<\/p>\n<p class=\"paragraph-muted\">Izv\u0113lies savu soct\u012bklu platformu, lai sekotu LASI.LV: <a href=\"https:\/\/www.facebook.com\/portals.lasi.lv\" target=\"_blank\" rel=\"noopener noreferrer nofollow\">Facebook<\/a>, <a href=\"https:\/\/twitter.com\/lasilvportals\" target=\"_blank\" rel=\"noopener noreferrer nofollow\">X<\/a>, <a href=\"https:\/\/bsky.app\/profile\/lasilv.bsky.social\" target=\"_blank\" rel=\"noopener noreferrer nofollow\">Bluesky<\/a>, <a href=\"https:\/\/www.draugiem.lv\/lasilv\/?pg=4\" target=\"_blank\" rel=\"noopener noreferrer nofollow\">Draugiem<\/a> vai ar\u012b <a href=\"https:\/\/www.instagram.com\/lasilv_zinas\/\" target=\"_blank\" rel=\"noopener noreferrer nofollow\">Instagram<\/a>. Pievienojies m\u016bsu las\u012bt\u0101ju pulkam, lai sa\u0146emtu \u012bpa\u0161i tev atlas\u012btu noder\u012bgu, praktisku un aktu\u0101lu saturu.\u00a0<\/p>\n<p><a href=\"https:\/\/lasi.lv\/abonesana\" rel=\"nofollow noopener\" target=\"_blank\">Abon\u0113<\/a>\u00a0LASI.LV gadam\u00a0vai k\u0101du no\u00a0&#8220;Latvijas Mediju&#8221; periodiskajiem izdevumiem 2026. gadam, un laim\u0113 1500 eiro vai Philips kafijas autom\u0101tu. Loterijas at\u013caujas nr. 8744.<\/p>\n<p><img decoding=\"async\" src=\"https:\/\/www.europesays.com\/lv\/wp-content\/uploads\/2025\/10\/1760568371_496_2025100311425268df8c8c1572e.jpg\" alt=\"\" loading=\"lazy\"\/><\/p>\n<p style=\"margin-left:auto;\">Pieraksties LASI.LV redaktora v\u0113stkopai <a href=\"https:\/\/lasi.lv\/vestkopa\/lasi-lv-galvena-redaktora-vestkopa\" rel=\"nofollow noopener\" target=\"_blank\">\u0161eit<\/a>.<\/p>\n<p>Pieraksties v\u0113stkopai un divas reizes ned\u0113\u013c\u0101 sa\u0146em padzi\u013cin\u0101tu LASI.LV galven\u0101 redaktora aktu\u0101lo zi\u0146u, kompetentu viedok\u013cu un interesant\u0101ko interviju apkopojumu.<\/p>\n<p>Ko tu sa\u0146emsi:<\/p>\n<ul>\n<li>Daudzveid\u012bgus koment\u0101rus un kompetentus Latvijas Mediju \u017eurn\u0101listu un autoru viedok\u013cus par aktu\u0101lo<\/li>\n<li>Ekspertu koment\u0101rus par da\u017e\u0101diem praktiskiem, noder\u012bgiem tematiem<\/li>\n<li>Aizraujo\u0161us materi\u0101lus par v\u0113sturi, psiholo\u0123iju, kult\u016bru<\/li>\n<li>Gata \u0160\u013c\u016bkas karikat\u016bru<\/li>\n<li>Tav\u0101 e-pasta kast\u012bt\u0113 katru ceturtdienu<\/li>\n<\/ul>\n<p style=\"margin-left:auto;\">\u00a0<\/p>\n<p><script async src=\"https:\/\/platform.twitter.com\/widgets.js\" charset=\"utf-8\"><\/script><script async src=\"\/\/www.instagram.com\/embed.js\"><\/script><\/p>\n","protected":false},"excerpt":{"rendered":"Vilces mui\u017eas kungu m\u0101jas pagrabos Le\u0123endu nakt\u012b iem\u0101jos dz\u012bv\u0101s skulpt\u016bras un mui\u017eas salon\u0101 ros\u012bsies rado\u0161\u0101s darbn\u012bcas. Notiks ar\u012b&hellip;\n","protected":false},"author":2,"featured_media":31554,"comment_status":"","ping_status":"","sticky":false,"template":"","format":"standard","meta":{"footnotes":""},"categories":[12],"tags":[23,28,29,32,33,22,30,31,35,39,38,36,37,34,40,20,26,27,24,25,21],"class_list":{"0":"post-31553","1":"post","2":"type-post","3":"status-publish","4":"format-standard","5":"has-post-thumbnail","7":"category-latvija","8":"tag-aktualitates","9":"tag-breaking-news","10":"tag-breakingnews","11":"tag-featured-news","12":"tag-featurednews","13":"tag-headlines","14":"tag-latest-news","15":"tag-latestnews","16":"tag-latvia","17":"tag-latvian","18":"tag-latviesu","19":"tag-latviesu-valoda","20":"tag-latviesuvaloda","21":"tag-latvija","22":"tag-lv","23":"tag-news","24":"tag-popularakas-zinas","25":"tag-popularakaszinas","26":"tag-top-stories","27":"tag-topstories","28":"tag-zinas"},"share_on_mastodon":{"url":"https:\/\/pubeurope.com\/@lv\/115440809639480803","error":""},"_links":{"self":[{"href":"https:\/\/www.europesays.com\/lv\/wp-json\/wp\/v2\/posts\/31553","targetHints":{"allow":["GET"]}}],"collection":[{"href":"https:\/\/www.europesays.com\/lv\/wp-json\/wp\/v2\/posts"}],"about":[{"href":"https:\/\/www.europesays.com\/lv\/wp-json\/wp\/v2\/types\/post"}],"author":[{"embeddable":true,"href":"https:\/\/www.europesays.com\/lv\/wp-json\/wp\/v2\/users\/2"}],"replies":[{"embeddable":true,"href":"https:\/\/www.europesays.com\/lv\/wp-json\/wp\/v2\/comments?post=31553"}],"version-history":[{"count":0,"href":"https:\/\/www.europesays.com\/lv\/wp-json\/wp\/v2\/posts\/31553\/revisions"}],"wp:featuredmedia":[{"embeddable":true,"href":"https:\/\/www.europesays.com\/lv\/wp-json\/wp\/v2\/media\/31554"}],"wp:attachment":[{"href":"https:\/\/www.europesays.com\/lv\/wp-json\/wp\/v2\/media?parent=31553"}],"wp:term":[{"taxonomy":"category","embeddable":true,"href":"https:\/\/www.europesays.com\/lv\/wp-json\/wp\/v2\/categories?post=31553"},{"taxonomy":"post_tag","embeddable":true,"href":"https:\/\/www.europesays.com\/lv\/wp-json\/wp\/v2\/tags?post=31553"}],"curies":[{"name":"wp","href":"https:\/\/api.w.org\/{rel}","templated":true}]}}