{"id":31565,"date":"2025-10-26T14:31:10","date_gmt":"2025-10-26T14:31:10","guid":{"rendered":"https:\/\/www.europesays.com\/lv\/31565\/"},"modified":"2025-10-26T14:31:10","modified_gmt":"2025-10-26T14:31:10","slug":"ukraina-izdzivos-bet-putina-valdisanas-laika-miera-nebus","status":"publish","type":"post","link":"https:\/\/www.europesays.com\/lv\/31565\/","title":{"rendered":"Ukraina izdz\u012bvos, bet Putina vald\u012b\u0161anas laik\u0101 miera neb\u016bs"},"content":{"rendered":"<p>Konflikts var\u0113tu k\u013c\u016bt par &#8220;past\u0101v\u012bgu m\u016b\u017e\u012bgo karu&#8221;, ja vien Krievij\u0101 nenotiks krasas p\u0101rmai\u0146as, Tusks sac\u012bja sv\u0113tdien public\u0113taj\u0101 intervij\u0101.<\/p>\n<p>&#8220;Tagad galvenais jaut\u0101jums ir par to, cik daudz upuru redz\u0113sim,&#8221; vi\u0146\u0161 atzina.<\/p>\n<p>&#8220;Es ne\u0161aubos, ka <a href=\"https:\/\/www.tvnet.lv\/term\/8497\/ukraina\" class=\"topicLink\" target=\"_blank\" rel=\"nofollow noopener\">Ukraina<\/a> izdz\u012bvos k\u0101 neatkar\u012bga valsts,&#8221; uzsv\u0113ra Polijas premjerministrs.<\/p>\n<p>Vi\u0146\u0161 kl\u0101st\u012bja, ka Krievijas ekonomikas gr\u016bt\u012bbas ir milz\u012bgas, un t\u0101s pastiprina jaun\u0101k\u0101s ASV sankcijas div\u0101m liel\u0101m Krievijas naftas komp\u0101nij\u0101m.<\/p>\n<p>Vienlaikus Tusks atzina, ka Krievijas priek\u0161roc\u012bba ir &#8220;gatav\u012bba c\u012bn\u012bties&#8221;, kas &#8220;kara laik\u0101 ir piln\u012bgi iz\u0161\u0137iro\u0161s jaut\u0101jums&#8221;.<\/p>\n<p>Intervij\u0101 Tusks br\u012bdin\u0101ja Lielbrit\u0101niju nepak\u013cauties &#8220;saldai il\u016bzijai&#8221;, ka kar\u0161 Ukrain\u0101 ir kaut kur t\u0101lu. Krievija var ar ballistiskaj\u0101m kodolra\u0137et\u0113m var uzbrukt jebkurai Eiropas galvaspils\u0113tai, ar\u012b Londona.<\/p>\n<p>Tusks ar\u012b atg\u0101din\u0101ja, ka Eiropa nep\u0101rtraukti ir pak\u013cauta pla\u0161iem Krievijas kiberuzbrukumiem.<\/p>\n","protected":false},"excerpt":{"rendered":"Konflikts var\u0113tu k\u013c\u016bt par &#8220;past\u0101v\u012bgu m\u016b\u017e\u012bgo karu&#8221;, ja vien Krievij\u0101 nenotiks krasas p\u0101rmai\u0146as, Tusks sac\u012bja sv\u0113tdien public\u0113taj\u0101 intervij\u0101.&hellip;\n","protected":false},"author":2,"featured_media":31566,"comment_status":"","ping_status":"","sticky":false,"template":"","format":"standard","meta":{"footnotes":""},"categories":[5],"tags":[23,28,29,2283,32,33,22,74,30,31,35,39,38,36,37,34,40,20,26,27,24,25,276,235,21],"class_list":{"0":"post-31565","1":"post","2":"type-post","3":"status-publish","4":"format-standard","5":"has-post-thumbnail","7":"category-aktualitates","8":"tag-aktualitates","9":"tag-breaking-news","10":"tag-breakingnews","11":"tag-donalds-tusks","12":"tag-featured-news","13":"tag-featurednews","14":"tag-headlines","15":"tag-krievijas-iebrukums-ukraina","16":"tag-latest-news","17":"tag-latestnews","18":"tag-latvia","19":"tag-latvian","20":"tag-latviesu","21":"tag-latviesu-valoda","22":"tag-latviesuvaloda","23":"tag-latvija","24":"tag-lv","25":"tag-news","26":"tag-popularakas-zinas","27":"tag-popularakaszinas","28":"tag-top-stories","29":"tag-topstories","30":"tag-ukraina","31":"tag-vladimirs-putins","32":"tag-zinas"},"share_on_mastodon":{"url":"https:\/\/pubeurope.com\/@lv\/115440955085421559","error":""},"_links":{"self":[{"href":"https:\/\/www.europesays.com\/lv\/wp-json\/wp\/v2\/posts\/31565","targetHints":{"allow":["GET"]}}],"collection":[{"href":"https:\/\/www.europesays.com\/lv\/wp-json\/wp\/v2\/posts"}],"about":[{"href":"https:\/\/www.europesays.com\/lv\/wp-json\/wp\/v2\/types\/post"}],"author":[{"embeddable":true,"href":"https:\/\/www.europesays.com\/lv\/wp-json\/wp\/v2\/users\/2"}],"replies":[{"embeddable":true,"href":"https:\/\/www.europesays.com\/lv\/wp-json\/wp\/v2\/comments?post=31565"}],"version-history":[{"count":0,"href":"https:\/\/www.europesays.com\/lv\/wp-json\/wp\/v2\/posts\/31565\/revisions"}],"wp:featuredmedia":[{"embeddable":true,"href":"https:\/\/www.europesays.com\/lv\/wp-json\/wp\/v2\/media\/31566"}],"wp:attachment":[{"href":"https:\/\/www.europesays.com\/lv\/wp-json\/wp\/v2\/media?parent=31565"}],"wp:term":[{"taxonomy":"category","embeddable":true,"href":"https:\/\/www.europesays.com\/lv\/wp-json\/wp\/v2\/categories?post=31565"},{"taxonomy":"post_tag","embeddable":true,"href":"https:\/\/www.europesays.com\/lv\/wp-json\/wp\/v2\/tags?post=31565"}],"curies":[{"name":"wp","href":"https:\/\/api.w.org\/{rel}","templated":true}]}}