{"id":31583,"date":"2025-10-26T14:50:09","date_gmt":"2025-10-26T14:50:09","guid":{"rendered":"https:\/\/www.europesays.com\/lv\/31583\/"},"modified":"2025-10-26T14:50:09","modified_gmt":"2025-10-26T14:50:09","slug":"riga-atklats-30-starptautiskais-baltijas-baleta-festivals-no-klasikas-lidz-avangardam-lente-lv-2","status":"publish","type":"post","link":"https:\/\/www.europesays.com\/lv\/31583\/","title":{"rendered":"R\u012bg\u0101 atkl\u0101ts 30. Starptautiskais Baltijas baleta festiv\u0101ls: \u201cNo klasikas l\u012bdz avangardam\u201d\u00a0\u2014\u00a0Lente.lv"},"content":{"rendered":"<p>Tr\u012bsdesmit gadu dejas sv\u0113tki R\u012bgas sird\u012b<\/p>\n<p>R\u012bgas centr\u0101, tirdzniec\u012bbas centra \u201cOrigo\u201d \u0101trij\u0101, ar ko\u0161u un emocion\u0101lu atkl\u0101\u0161anas koncertu start\u0113jis 30. Starptautiskais Baltijas baleta festiv\u0101ls. \u0160is notikums, kas tr\u012bs gadu desmitus vieno klasisk\u0101s dejas eleganci ar laikmet\u012bg\u0101s m\u0101kslas drosmi, \u0161ogad pulc\u0113 izcilus Latvijas horeogr\u0101fus, dejot\u0101jus un viesm\u0101ksliniekus no da\u017e\u0101d\u0101m valst\u012bm. Festiv\u0101ls norisin\u0101sies l\u012bdz 10. novembrim, d\u0101v\u0101jot skat\u012bt\u0101jiem iesp\u0113ju baud\u012bt priek\u0161nesumus R\u012bg\u0101, C\u0113s\u012bs, Daugavpil\u012b un Ventspil\u012b.<\/p>\n<p>\u201cNo klasikas l\u012bdz avangardam\u201d \u2014 festiv\u0101la moto un misija<\/p>\n<p>\u201c\u0160is festiv\u0101ls ir iesp\u0113ja atskat\u012bties uz noz\u012bm\u012bgu posmu Latvijas dejas v\u0113stur\u0113. Tr\u012bsdesmit gadu laik\u0101 m\u016bsu skatuv\u0113s ir uzst\u0101ju\u0161ies pasaules klases m\u0101kslinieki un tapu\u0161as neaizmirstamas izr\u0101des,\u201d st\u0101sta festiv\u0101la m\u0101ksliniecisk\u0101 direktore Lita Beiris. Vi\u0146a uzsver, ka atkl\u0101\u0161anas koncertam vienm\u0113r bijusi \u012bpa\u0161a noz\u012bme \u2013 tas ir bezmaksas un pieejams ikvienam, notiekot pils\u0113tas dinamiskaj\u0101 centr\u0101, kur ikdienas ritms satiekas ar m\u0101kslu. \u201cT\u0101 ir m\u016bsu d\u0101vana cilv\u0113kiem \u2013 br\u012bdis, kad dejas burv\u012bba k\u013c\u016bst par da\u013cu no ikdienas.\u201d<\/p>\n<p>Atkl\u0101\u0161anas koncerta daudzveid\u012bba<\/p>\n<p>Festiv\u0101la atkl\u0101\u0161anas koncerts apliecin\u0101ja, cik pla\u0161a un daudzkr\u0101saina ir dejas pasaule. Uz skatuves k\u0101pa R\u012bgas Baleta skola, studijas \u201cGrande\u201d, \u201cBenefice\u201d, \u201cBuras\u201d, \u201cDemo\u201d, \u201cDzirnas\u201d, k\u0101 ar\u012b tautas deju ansamblis \u201cVektors\u201d, \u201cRiga City Jazz Dance\u201d, \u201cR\u012bgas Dan\u010di\u201d un \u201cRitms\u201d. Vakaru papildin\u0101ja dzied\u0101t\u0101jas Lidijas Breskas vok\u0101lie priek\u0161nesumi. K\u0101 nor\u0101da organizatori, festiv\u0101ls joproj\u0101m paliek uztic\u012bgs savam moto \u2014 \u201cNo klasikas l\u012bdz avangardam\u201d.<\/p>\n<p>Kult\u016bra pieejama visiem \u2014 \u201cOrigo\u201d misija<\/p>\n<p>Tirdzniec\u012bbas centra \u201cOrigo\u201d operacion\u0101lais vad\u012bt\u0101js Erv\u012bns Ozoli\u0146\u0161 uzsver, ka \u0161\u012b sadarb\u012bba ar festiv\u0101lu ir da\u013ca no uz\u0146\u0113muma kult\u016bras atbalsta strat\u0113\u0123ijas. \u201cM\u016bsu m\u0113r\u0137is ir padar\u012bt kult\u016bru pieejamu ikvienam. \u2018Origo\u2019 ir vieta, kur cilv\u0113ki satiekas \u2014 darbs, ikdiena un m\u0101ksla sapl\u016bst vienot\u0101 ritm\u0101. M\u0113s esam lepni b\u016bt par \u0161\u012b festiv\u0101la m\u0101jvietu jau vair\u0101k nek\u0101 divas desmitgades,\u201d vi\u0146\u0161 nor\u0101da.<\/p>\n<p>Festiv\u0101la atkl\u0101\u0161ana tie\u0161i tirdzniec\u012bbas centr\u0101 simboliz\u0113 dejas demokratiz\u0101ciju \u2013 t\u0101 k\u013c\u016bst tuv\u0101ka sabiedr\u012bbai, izk\u0101pjot \u0101rpus te\u0101tra z\u0101l\u0113m un elit\u0101riem r\u0101mjiem.<\/p>\n<p>Starptautiski viesi un spilgti vakari<\/p>\n<p>Festiv\u0101la programma turpin\u0101s ar spilgtu viesm\u0101kslinieku uzst\u0101\u0161anos. No 26. l\u012bdz 30. oktobrim skat\u012bt\u0101jiem b\u016bs iesp\u0113ja baud\u012bt \u0100zijas presti\u017e\u0101k\u0101s dejas platformas \u201cBeijing Dance Academy\u201d priek\u0161nesumus Ventspil\u012b, R\u012bg\u0101 un Daugavpil\u012b. \u0160\u012b akad\u0113mija ir paz\u012bstama ar izcilu klasisk\u0101 \u0137\u012bnie\u0161u baleta un m\u016bsdienu dejas sint\u0113zi \u2014 vi\u0146u priek\u0161nesumi apvieno trad\u012bcijas ar inovat\u012bvu m\u0101ksliniecisko izteiksmi.<\/p>\n<p>Turpin\u0101jum\u0101 \u2013 \u201cGiordano Dance Chicago\u201d viesizr\u0101des 2. novembr\u012b koncertz\u0101l\u0113 \u201cC\u0113sis\u201d un 4. novembr\u012b VEF Kult\u016bras pil\u012b R\u012bg\u0101. Trupa skat\u012bt\u0101jus p\u0101rsteigs ar da\u013cu no izr\u0101des \u201cGershwin in B\u201d, kas god\u0101 amerik\u0101\u0146u m\u016bzikas le\u0123endu D\u017eord\u017eu Ger\u0161vinu, savienojot d\u017eeza ritmus ar klasisk\u0101s dejas plastiku.<\/p>\n<p>Festiv\u0101ls \u2014 tilts starp kult\u016br\u0101m un paaudz\u0113m<\/p>\n<p>Starptautiskais Baltijas baleta festiv\u0101ls kop\u0161 1996. gada ir k\u013cuvis par vienu no noz\u012bm\u012bg\u0101kajiem dejas m\u0101kslas notikumiem Baltij\u0101. Tas rada platformu, kur satiekas da\u017e\u0101das kult\u016bras, est\u0113tikas un paaudzes. \u0160\u012b tik\u0161an\u0101s nav tikai m\u0101kslinieciska \u2014 t\u0101 ir emocion\u0101la, iedvesmojo\u0161a un apliecina, ka deja joproj\u0101m sp\u0113j vienot cilv\u0113kus p\u0101ri valstu un laikmeta robe\u017e\u0101m.<\/p>\n<p>Bi\u013cetes uz festiv\u0101la izr\u0101d\u0113m pieejamas port\u0101l\u0101 <a href=\"https:\/\/www.bilesuparadize.lv\/lv\/organizer\/732\" target=\"_blank\" rel=\"nofollow noindex noopener noreferrer\">bilesuparadize.lv<\/a>. Pla\u0161\u0101ka inform\u0101cija par programmu \u2014 <a href=\"https:\/\/www.ballet-festival.lv\" target=\"_blank\" rel=\"nofollow noindex noopener noreferrer\">ballet-festival.lv<\/a>.<\/p>\n<p>Avots: Starptautiskais Baltijas baleta festiv\u0101ls \/ Lita Beiris<\/p>\n","protected":false},"excerpt":{"rendered":"Tr\u012bsdesmit gadu dejas sv\u0113tki R\u012bgas sird\u012b R\u012bgas centr\u0101, tirdzniec\u012bbas centra \u201cOrigo\u201d \u0101trij\u0101, ar ko\u0161u un emocion\u0101lu atkl\u0101\u0161anas koncertu&hellip;\n","protected":false},"author":2,"featured_media":31584,"comment_status":"","ping_status":"","sticky":false,"template":"","format":"standard","meta":{"footnotes":""},"categories":[19],"tags":[9400,9401,89,90,4456,35,39,38,36,37,34,9402,40,9403],"class_list":{"0":"post-31583","1":"post","2":"type-post","3":"status-publish","4":"format-standard","5":"has-post-thumbnail","7":"category-izklaide","8":"tag-balets-latvija","9":"tag-baltijas-baleta-festivals","10":"tag-entertainment","11":"tag-izklaide","12":"tag-kulturas-pasakumi-riga","13":"tag-latvia","14":"tag-latvian","15":"tag-latviesu","16":"tag-latviesu-valoda","17":"tag-latviesuvaloda","18":"tag-latvija","19":"tag-lita-beiris","20":"tag-lv","21":"tag-origo"},"share_on_mastodon":{"url":"https:\/\/pubeurope.com\/@lv\/115441029726192764","error":""},"_links":{"self":[{"href":"https:\/\/www.europesays.com\/lv\/wp-json\/wp\/v2\/posts\/31583","targetHints":{"allow":["GET"]}}],"collection":[{"href":"https:\/\/www.europesays.com\/lv\/wp-json\/wp\/v2\/posts"}],"about":[{"href":"https:\/\/www.europesays.com\/lv\/wp-json\/wp\/v2\/types\/post"}],"author":[{"embeddable":true,"href":"https:\/\/www.europesays.com\/lv\/wp-json\/wp\/v2\/users\/2"}],"replies":[{"embeddable":true,"href":"https:\/\/www.europesays.com\/lv\/wp-json\/wp\/v2\/comments?post=31583"}],"version-history":[{"count":0,"href":"https:\/\/www.europesays.com\/lv\/wp-json\/wp\/v2\/posts\/31583\/revisions"}],"wp:featuredmedia":[{"embeddable":true,"href":"https:\/\/www.europesays.com\/lv\/wp-json\/wp\/v2\/media\/31584"}],"wp:attachment":[{"href":"https:\/\/www.europesays.com\/lv\/wp-json\/wp\/v2\/media?parent=31583"}],"wp:term":[{"taxonomy":"category","embeddable":true,"href":"https:\/\/www.europesays.com\/lv\/wp-json\/wp\/v2\/categories?post=31583"},{"taxonomy":"post_tag","embeddable":true,"href":"https:\/\/www.europesays.com\/lv\/wp-json\/wp\/v2\/tags?post=31583"}],"curies":[{"name":"wp","href":"https:\/\/api.w.org\/{rel}","templated":true}]}}