{"id":31585,"date":"2025-10-26T14:54:08","date_gmt":"2025-10-26T14:54:08","guid":{"rendered":"https:\/\/www.europesays.com\/lv\/31585\/"},"modified":"2025-10-26T14:54:08","modified_gmt":"2025-10-26T14:54:08","slug":"ar-kadiem-laikapstakliem-mus-sveiks-jauna-nedela-tvnet","status":"publish","type":"post","link":"https:\/\/www.europesays.com\/lv\/31585\/","title":{"rendered":"Ar k\u0101diem laikapst\u0101k\u013ciem m\u016bs sveiks jaun\u0101 ned\u0113\u013ca? &#8211; TVNET"},"content":{"rendered":"<ol>\n<li><a href=\"https:\/\/news.google.com\/rss\/articles\/CBMigwFBVV95cUxPckFzbU5LMjN1OWt0amNxUEJydk4zZnZ3eHNBeVQzMjQtNHB6b1lCLUpzS25lSUJ6N012OWtzREJ1U1ozeGRWdlhLSmZoRjB3NEo2YnUyVlFVbWZJcUhtSC1weWgwcmUxdjBYN1F3XzhueF9NbzY1T21KclcxckxXdExDYw?oc=5\" target=\"_blank\" rel=\"nofollow noopener\">Ar k\u0101diem laikapst\u0101k\u013ciem m\u016bs sveiks jaun\u0101 ned\u0113\u013ca?<\/a>&nbsp;&nbsp;TVNET<\/li>\n<li><a href=\"https:\/\/news.google.com\/rss\/articles\/CBMikAFBVV95cUxQbkE0cG5TNVpEZjlEbGVnVzVMWDBiOGJGeTJlTE0yOFNvclJoSHNyVTA1N0pod3RfZ1BNZ0xVck1jb2ZNM2lIOGE5Mnc2V0dJSmJ5ZEx3SkNIeWxueGRfN19rNUd2Rl9tSDdwUzZyTGg1RnRjYkdHUVVXa2tEVVBJb2s2OG5ncnBqcDd2OXBvTW0?oc=5\" target=\"_blank\" rel=\"nofollow noopener\">Dr\u0113gnais rudens piln\u0101 spar\u0101! Sinopti\u0137i atkl\u0101j, kas m\u016bs sagaida aiz loga<\/a>&nbsp;&nbsp;LA.LV<\/li>\n<li><a href=\"https:\/\/news.google.com\/rss\/articles\/CBMilAFBVV95cUxQSVBQTldLQ3U3cTZ5Y05memZPa1JSaFRaeHRweGdQN1A3SXYxY01hVGNnZmpCcHVWcVhweW9tNkxBeDh4aE82MGxqNFpBa3lTaWtCeTZXTXNlQ3FKUHhXdGF6ajJGa1FPZjl2QzBNVzVtbjhOYzNNeUtldkg5di1JY3pYaUpmZU5xcDJaQS1NR2RLQlNY?oc=5\" target=\"_blank\" rel=\"nofollow noopener\">Jaun\u0101 darba ned\u0113\u013ca ies\u0101ksies ar lietainu laiku<\/a>&nbsp;&nbsp;BauskasDzive.lv<\/li>\n<li><a href=\"https:\/\/news.google.com\/rss\/articles\/CBMijwFBVV95cUxNR1BWQ0JuZ24tLTFlY3AzcG9YR2ZENkdndS1xRnJUNFFsbmhqRkRadk5oYUJVZXZmMlpKa1RmM0R6OGlZRW8yTjNRNERNSzV4QUtSa1dFd0xqNHBCSk9oX2Rocks0ZmNUaXVOVzcxdnRhd2ZXU3VaZnRhZXhJVVN5WElZa1ZHOGNpZ2ROVWZldw?oc=5\" target=\"_blank\" rel=\"nofollow noopener\">Nakt\u012b uz pirmdienu b\u016bs m\u0101ko\u0146ains un daudzviet l\u012bs<\/a>&nbsp;&nbsp;Jauns.lv<\/li>\n<li><a href=\"https:\/\/news.google.com\/rss\/articles\/CBMizwFBVV95cUxNN0cwbEs1VVhGSDNfcklTSW4xVXZiRTlqR1diU1o2dWNwZi1XNjI5QkJwc3NMUkkzaXM2UmVhem45VnBqZ1BqM1FpRlpBM1NydGtXdDIyaFpDWEJTRmZZTFlBeFVxRzZXNXIxakJ5VHNFd04yRWZTLVl6MkgzX0k2SHNVaVpaR2d3ZndLenctUzBuVmVVTHNhcE1td2Fkbm9mTEhScEFaRVRJeXhyUEs3TGtEN0hhQXJmTzYweFpwdnBHTHZGV2FTSEltMUtCazQ?oc=5\" target=\"_blank\" rel=\"nofollow noopener\">Pirmdiena Latvij\u0101: Saules apskauta ned\u0113\u013cas s\u0101kums ar plauksto\u0161u rudens noska\u0146u<\/a>&nbsp;&nbsp;Lente.lv<\/li>\n<\/ol>\n","protected":false},"excerpt":{"rendered":"Ar k\u0101diem laikapst\u0101k\u013ciem m\u016bs sveiks jaun\u0101 ned\u0113\u013ca?&nbsp;&nbsp;TVNET Dr\u0113gnais rudens piln\u0101 spar\u0101! Sinopti\u0137i atkl\u0101j, kas m\u016bs sagaida aiz loga&nbsp;&nbsp;LA.LV&hellip;\n","protected":false},"author":2,"featured_media":31586,"comment_status":"","ping_status":"","sticky":false,"template":"","format":"standard","meta":{"footnotes":""},"categories":[12],"tags":[23,28,29,32,33,22,397,30,31,35,39,38,36,37,34,40,20,26,27,2410,24,25,21],"class_list":{"0":"post-31585","1":"post","2":"type-post","3":"status-publish","4":"format-standard","5":"has-post-thumbnail","7":"category-latvija","8":"tag-aktualitates","9":"tag-breaking-news","10":"tag-breakingnews","11":"tag-featured-news","12":"tag-featurednews","13":"tag-headlines","14":"tag-laikapstakli","15":"tag-latest-news","16":"tag-latestnews","17":"tag-latvia","18":"tag-latvian","19":"tag-latviesu","20":"tag-latviesu-valoda","21":"tag-latviesuvaloda","22":"tag-latvija","23":"tag-lv","24":"tag-news","25":"tag-popularakas-zinas","26":"tag-popularakaszinas","27":"tag-prognoze","28":"tag-top-stories","29":"tag-topstories","30":"tag-zinas"},"share_on_mastodon":{"url":"https:\/\/pubeurope.com\/@lv\/115441045612425179","error":""},"_links":{"self":[{"href":"https:\/\/www.europesays.com\/lv\/wp-json\/wp\/v2\/posts\/31585","targetHints":{"allow":["GET"]}}],"collection":[{"href":"https:\/\/www.europesays.com\/lv\/wp-json\/wp\/v2\/posts"}],"about":[{"href":"https:\/\/www.europesays.com\/lv\/wp-json\/wp\/v2\/types\/post"}],"author":[{"embeddable":true,"href":"https:\/\/www.europesays.com\/lv\/wp-json\/wp\/v2\/users\/2"}],"replies":[{"embeddable":true,"href":"https:\/\/www.europesays.com\/lv\/wp-json\/wp\/v2\/comments?post=31585"}],"version-history":[{"count":0,"href":"https:\/\/www.europesays.com\/lv\/wp-json\/wp\/v2\/posts\/31585\/revisions"}],"wp:featuredmedia":[{"embeddable":true,"href":"https:\/\/www.europesays.com\/lv\/wp-json\/wp\/v2\/media\/31586"}],"wp:attachment":[{"href":"https:\/\/www.europesays.com\/lv\/wp-json\/wp\/v2\/media?parent=31585"}],"wp:term":[{"taxonomy":"category","embeddable":true,"href":"https:\/\/www.europesays.com\/lv\/wp-json\/wp\/v2\/categories?post=31585"},{"taxonomy":"post_tag","embeddable":true,"href":"https:\/\/www.europesays.com\/lv\/wp-json\/wp\/v2\/tags?post=31585"}],"curies":[{"name":"wp","href":"https:\/\/api.w.org\/{rel}","templated":true}]}}