{"id":31587,"date":"2025-10-26T14:55:07","date_gmt":"2025-10-26T14:55:07","guid":{"rendered":"https:\/\/www.europesays.com\/lv\/31587\/"},"modified":"2025-10-26T14:55:07","modified_gmt":"2025-10-26T14:55:07","slug":"jaunas-nedelas-sakums-bus-lietains-bet-izskana-sausaka-un-nedaudz-vesaka","status":"publish","type":"post","link":"https:\/\/www.europesays.com\/lv\/31587\/","title":{"rendered":"Jaun\u0101s ned\u0113\u013cas s\u0101kums b\u016bs lietains, bet izska\u0146a \u2013 saus\u0101ka un nedaudz v\u0113s\u0101ka"},"content":{"rendered":"<p>Otrdien un tre\u0161dien laiks b\u016bs m\u0101ko\u0146ains, tom\u0113r viet\u0101m, debes\u012bm skaidrojoties, uzsp\u012bd\u0113s ar\u012b saule. Daudzviet valsts teritorij\u0101 gaid\u0101ms lietus. P\u016b\u0161ot l\u0113nam l\u012bdz m\u0113renam dienvidu puses v\u0113jam, atsevi\u0161\u0137os rajonos veidosies migla, kas pasliktin\u0101s redzam\u012bbu. Nakt\u012bs gaiss atdzis\u012bs l\u012bdz +2\u2026+7 gr\u0101diem, bet dien\u0101s iesils l\u012bdz +5\u2026+10 gr\u0101diem.<\/p>\n<p>Ned\u0113\u013cas otraj\u0101 pus\u0113 gaisa temperat\u016bra dien\u0101s saglab\u0101sies +6\u2026+11 gr\u0101du robe\u017e\u0101s, bet naktis b\u016bs par da\u017eiem gr\u0101diem v\u0113s\u0101kas nek\u0101 ned\u0113\u013cas pirmaj\u0101 pus\u0113. Br\u012bvdien\u0101s nokri\u0161\u0146i mit\u0113sies un gaid\u0101ms sal\u012bdzino\u0161i saus\u0101ks laiks. Naktis b\u016bs ruden\u012bgi dzestras, bet gaisa temperat\u016bra dien\u0101s nep\u0101rsniegs +8 gr\u0101dus, prognoz\u0113 LV\u0122MC.<\/p>\n<p class=\"tv3-fw-500\">Zi\u0146o par k\u013c\u016bdu rakst\u0101<\/p>\n<p class=\"d-md-block d-none\">Iez\u012bm\u0113 k\u013c\u016bdaino tekstu un spied Ctrl+Enter.<\/p>\n<p class=\"d-md-none d-block\">Iez\u012bm\u0113 k\u013c\u016bdaino tekstu un zi\u0146o par to!<\/p>\n","protected":false},"excerpt":{"rendered":"Otrdien un tre\u0161dien laiks b\u016bs m\u0101ko\u0146ains, tom\u0113r viet\u0101m, debes\u012bm skaidrojoties, uzsp\u012bd\u0113s ar\u012b saule. Daudzviet valsts teritorij\u0101 gaid\u0101ms lietus.&hellip;\n","protected":false},"author":2,"featured_media":31588,"comment_status":"","ping_status":"","sticky":false,"template":"","format":"standard","meta":{"footnotes":""},"categories":[5],"tags":[23,28,29,32,33,22,152,30,31,35,39,38,36,37,34,40,20,26,27,24,25,21],"class_list":{"0":"post-31587","1":"post","2":"type-post","3":"status-publish","4":"format-standard","5":"has-post-thumbnail","7":"category-aktualitates","8":"tag-aktualitates","9":"tag-breaking-news","10":"tag-breakingnews","11":"tag-featured-news","12":"tag-featurednews","13":"tag-headlines","14":"tag-laika-prognoze","15":"tag-latest-news","16":"tag-latestnews","17":"tag-latvia","18":"tag-latvian","19":"tag-latviesu","20":"tag-latviesu-valoda","21":"tag-latviesuvaloda","22":"tag-latvija","23":"tag-lv","24":"tag-news","25":"tag-popularakas-zinas","26":"tag-popularakaszinas","27":"tag-top-stories","28":"tag-topstories","29":"tag-zinas"},"share_on_mastodon":{"url":"https:\/\/pubeurope.com\/@lv\/115441049620219685","error":""},"_links":{"self":[{"href":"https:\/\/www.europesays.com\/lv\/wp-json\/wp\/v2\/posts\/31587","targetHints":{"allow":["GET"]}}],"collection":[{"href":"https:\/\/www.europesays.com\/lv\/wp-json\/wp\/v2\/posts"}],"about":[{"href":"https:\/\/www.europesays.com\/lv\/wp-json\/wp\/v2\/types\/post"}],"author":[{"embeddable":true,"href":"https:\/\/www.europesays.com\/lv\/wp-json\/wp\/v2\/users\/2"}],"replies":[{"embeddable":true,"href":"https:\/\/www.europesays.com\/lv\/wp-json\/wp\/v2\/comments?post=31587"}],"version-history":[{"count":0,"href":"https:\/\/www.europesays.com\/lv\/wp-json\/wp\/v2\/posts\/31587\/revisions"}],"wp:featuredmedia":[{"embeddable":true,"href":"https:\/\/www.europesays.com\/lv\/wp-json\/wp\/v2\/media\/31588"}],"wp:attachment":[{"href":"https:\/\/www.europesays.com\/lv\/wp-json\/wp\/v2\/media?parent=31587"}],"wp:term":[{"taxonomy":"category","embeddable":true,"href":"https:\/\/www.europesays.com\/lv\/wp-json\/wp\/v2\/categories?post=31587"},{"taxonomy":"post_tag","embeddable":true,"href":"https:\/\/www.europesays.com\/lv\/wp-json\/wp\/v2\/tags?post=31587"}],"curies":[{"name":"wp","href":"https:\/\/api.w.org\/{rel}","templated":true}]}}