{"id":31617,"date":"2025-10-26T15:41:08","date_gmt":"2025-10-26T15:41:08","guid":{"rendered":"https:\/\/www.europesays.com\/lv\/31617\/"},"modified":"2025-10-26T15:41:08","modified_gmt":"2025-10-26T15:41:08","slug":"vacu-uznemums-luvras-zadzibu-parvers-aspratiga-reklama-garnadzi-izmantojusi-vinu-pacelaju","status":"publish","type":"post","link":"https:\/\/www.europesays.com\/lv\/31617\/","title":{"rendered":"V\u0101cu uz\u0146\u0113mums Luvras z\u0101dz\u012bbu p\u0101rv\u0113r\u0161 aspr\u0101t\u012bg\u0101 rekl\u0101m\u0101 \u2013 garnad\u017ei izmantoju\u0161i vi\u0146u pac\u0113l\u0101ju"},"content":{"rendered":"<p>Uz\u0146\u0113mums \u201cInstagram\u201d vietn\u0113 public\u0113ja fotoatt\u0113lu no notikuma vietas ar uzrakstu: \u201cKad j\u0101str\u0101d\u0101 \u0101tri \u2013 \u201cB\u00f6cker Agilo\u201d ce\u013c j\u016bsu d\u0101rgumus l\u012bdz 400 kilogramiem ar \u0101trumu 42 metri min\u016bt\u0113. Un tas viss \u2013 klusi k\u0101 \u010dukstus.\u201d<\/p>\n<p>Public\u0113tais ieraksts da\u017eu stundu laik\u0101 k\u013cuva v\u012br\u0101ls, izpelnoties t\u016bksto\u0161iem reakciju un koment\u0101ru, piem\u0113ram, \u201cGada lab\u0101k\u0101 rekl\u0101ma!\u201d un \u201cJ\u016bsu sauklis tie\u0161\u0101m peln\u012bjis kroni.\u201d<\/p>\n<blockquote class=\"instagram-media\" data-instgrm-captioned=\"\" data-instgrm-permalink=\"https:\/\/www.instagram.com\/p\/DQMWps8goRf\/?utm_source=ig_embed&amp;utm_campaign=loading\" data-instgrm-version=\"14\" style=\" background:#FFF; border:0; border-radius:3px; box-shadow:0 0 1px 0 rgba(0,0,0,0.5),0 1px 10px 0 rgba(0,0,0,0.15); margin: 1px; max-width:658px; min-width:326px; padding:0; width:99.375%; width:-webkit-calc(100% - 2px); width:calc(100% - 2px);\">\n<\/blockquote>\n<p>K\u0101 zi\u0146o \u201cEuroNews\u201d, laup\u012b\u0161ana Luvr\u0101 notika sv\u0113tdien, 19. oktobr\u012b, ap pulksten 9.30 no r\u012bta, kad Luvra jau bija atv\u0113rta apmekl\u0113t\u0101jiem. Zag\u013ci ar kravas auto un \u201cB\u00f6cker\u201d pac\u0113l\u0101ju piebrauca pie muzeja, uzk\u0101pa uz Apollo galerijas terases un, izmantojot elektriskos instrumentus, ielauz\u0101s iek\u0161\u0101.<\/p>\n<p>Se\u0161u l\u012bdz septi\u0146u min\u016b\u0161u laik\u0101 vi\u0146i nozaga asto\u0146us no devi\u0146iem v\u0113sturiskajiem d\u0101rgakme\u0146iem \u2013 tostarp imperatores E\u017e\u0113nijas (Napoleona III sievas) kroni ar vair\u0101k nek\u0101 1300 dimantiem. V\u0113l\u0101k \u0161is kronis tika atrasts \u0101rpus muzeja, boj\u0101t\u0101 st\u0101vokl\u012b.<\/p>\n<p class=\"ad-desc ad-desc-main\">Saturs turpin\u0101s p\u0113c rekl\u0101mas<\/p>\n<p class=\"ad-desc ad-desc-sec\">Rekl\u0101ma<\/p>\n<p>Francijas prokurore Lora Bekko nor\u0101d\u012bja, ka laup\u012bt\u0101ji biju\u0161i neapbru\u0146oti, ta\u010du draud\u0113ju\u0161i apsargiem ar le\u0146\u0137a sl\u012bpma\u0161\u012bn\u0101m, lai nodro\u0161in\u0101tu sev br\u012bvu ce\u013cu.<\/p>\n<blockquote class=\"twitter-tweet\" data-width=\"550\" data-dnt=\"true\">\n<p lang=\"en\" dir=\"ltr\">\ud83c\uddeb\ud83c\uddf7\ud83d\udea8BREAKING: Footage of the heist targeting the Louvre in Paris has now been released.<\/p>\n<p>This is the first time we can see actual video of the &#8220;heist of the century.&#8221;<\/p>\n<p>Here, the thieves escape on a truck-mounted lift before fleeing on a scooter. <a href=\"https:\/\/t.co\/LsCrAFeziW\" rel=\"nofollow\">pic.twitter.com\/LsCrAFeziW<\/a><\/p>\n<p>\u2014 Remix News &amp; Views (@RMXnews) <a href=\"https:\/\/twitter.com\/RMXnews\/status\/1981140021978812524?ref_src=twsrc%5Etfw\" rel=\"nofollow noopener\" target=\"_blank\">October 22, 2025<\/a><\/p>\n<\/blockquote>\n<p>V\u0101cu uz\u0146\u0113muma \u201cnejau\u0161\u0101 rekl\u0101ma\u201d<\/p>\n<p>P\u0113c incidenta \u201cB\u00f6cker\u201d pazi\u0146oja, ka konkr\u0113tais lifts tika p\u0101rdots Francijas uz\u0146\u0113mumam, kas nodarbojas ar tehnikas nomu.<\/p>\n<p>\u201cIzskat\u0101s, ka m\u016bsu lifts tika nozagts demonstr\u0101cijas laik\u0101. Uz t\u0101 bija aizkr\u0101soti logotipi un nomain\u012btas numura z\u012bmes,\u201d skaidroja B\u0113kers.<\/p>\n<p>Uz\u0146\u0113muma vad\u012bt\u0101js gan uzsv\u0113ra, ka, lai ar\u012b situ\u0101cija ir nopietna, rekl\u0101mas iesp\u0113ju palaist gar\u0101m neb\u016btu pr\u0101t\u012bgi: \u201cProtams, noziegums ir nosod\u0101ms, ta\u010du t\u0101 bija iesp\u0113ja m\u016bsu v\u0101rdam izskan\u0113t vis\u0101 pasaul\u0113. Ne katru dienu tava iek\u0101rta tiek izmantota Luvras laup\u012b\u0161an\u0101.\u201d<\/p>\n<p>\u201cPar laimi, liel\u0101k\u0101 da\u013ca cilv\u0113ku saprata humoru un zin\u0101ja, ka m\u0113s ar laup\u012b\u0161anu neesam saist\u012bti,\u201d teica B\u0113kers intervij\u0101 \u201cReuters\u201d.<\/p>\n<p><script async src=\"https:\/\/platform.twitter.com\/widgets.js\" charset=\"utf-8\"><\/script><script async src=\"\/\/www.instagram.com\/embed.js\"><\/script><\/p>\n","protected":false},"excerpt":{"rendered":"Uz\u0146\u0113mums \u201cInstagram\u201d vietn\u0113 public\u0113ja fotoatt\u0113lu no notikuma vietas ar uzrakstu: \u201cKad j\u0101str\u0101d\u0101 \u0101tri \u2013 \u201cB\u00f6cker Agilo\u201d ce\u013c j\u016bsu&hellip;\n","protected":false},"author":2,"featured_media":31618,"comment_status":"","ping_status":"","sticky":false,"template":"","format":"standard","meta":{"footnotes":""},"categories":[14],"tags":[23,57,28,29,32,33,22,30,31,35,39,38,36,37,34,8681,40,20,26,27,24,25,54,55,56,21,58],"class_list":{"0":"post-31617","1":"post","2":"type-post","3":"status-publish","4":"format-standard","5":"has-post-thumbnail","7":"category-zinas-no-arvalstim","8":"tag-aktualitates","9":"tag-arvalstim","10":"tag-breaking-news","11":"tag-breakingnews","12":"tag-featured-news","13":"tag-featurednews","14":"tag-headlines","15":"tag-latest-news","16":"tag-latestnews","17":"tag-latvia","18":"tag-latvian","19":"tag-latviesu","20":"tag-latviesu-valoda","21":"tag-latviesuvaloda","22":"tag-latvija","23":"tag-luvraparizezadziba","24":"tag-lv","25":"tag-news","26":"tag-popularakas-zinas","27":"tag-popularakaszinas","28":"tag-top-stories","29":"tag-topstories","30":"tag-world","31":"tag-world-news","32":"tag-worldnews","33":"tag-zinas","34":"tag-zinas-no-arvalstim"},"share_on_mastodon":{"url":"https:\/\/pubeurope.com\/@lv\/115441230344847464","error":""},"_links":{"self":[{"href":"https:\/\/www.europesays.com\/lv\/wp-json\/wp\/v2\/posts\/31617","targetHints":{"allow":["GET"]}}],"collection":[{"href":"https:\/\/www.europesays.com\/lv\/wp-json\/wp\/v2\/posts"}],"about":[{"href":"https:\/\/www.europesays.com\/lv\/wp-json\/wp\/v2\/types\/post"}],"author":[{"embeddable":true,"href":"https:\/\/www.europesays.com\/lv\/wp-json\/wp\/v2\/users\/2"}],"replies":[{"embeddable":true,"href":"https:\/\/www.europesays.com\/lv\/wp-json\/wp\/v2\/comments?post=31617"}],"version-history":[{"count":0,"href":"https:\/\/www.europesays.com\/lv\/wp-json\/wp\/v2\/posts\/31617\/revisions"}],"wp:featuredmedia":[{"embeddable":true,"href":"https:\/\/www.europesays.com\/lv\/wp-json\/wp\/v2\/media\/31618"}],"wp:attachment":[{"href":"https:\/\/www.europesays.com\/lv\/wp-json\/wp\/v2\/media?parent=31617"}],"wp:term":[{"taxonomy":"category","embeddable":true,"href":"https:\/\/www.europesays.com\/lv\/wp-json\/wp\/v2\/categories?post=31617"},{"taxonomy":"post_tag","embeddable":true,"href":"https:\/\/www.europesays.com\/lv\/wp-json\/wp\/v2\/tags?post=31617"}],"curies":[{"name":"wp","href":"https:\/\/api.w.org\/{rel}","templated":true}]}}