{"id":31623,"date":"2025-10-26T15:47:07","date_gmt":"2025-10-26T15:47:07","guid":{"rendered":"https:\/\/www.europesays.com\/lv\/31623\/"},"modified":"2025-10-26T15:47:07","modified_gmt":"2025-10-26T15:47:07","slug":"foto-kremla-ipasais-parstavis-uz-sarunam-asv-atvedis-divainu-davanu-uz-tas-virsu-ir-putina-la-lv","status":"publish","type":"post","link":"https:\/\/www.europesays.com\/lv\/31623\/","title":{"rendered":"FOTO. Krem\u013ca \u012bpa\u0161ais p\u0101rst\u0101vis uz sarun\u0101m ASV atvedis d\u012bvainu d\u0101vanu. Uz t\u0101s virs\u016b ir Putina\u2026 &#8211; LA.LV"},"content":{"rendered":"<ol>\n<li><a href=\"https:\/\/news.google.com\/rss\/articles\/CBMirAFBVV95cUxNZU5yVThlOVBXTXdLMVNmaXBRdy12S2dORkNEZlVERDJHejNCVEtITWw0anJaMTZBOVh0NmdrbEtpVEV6RW52LXFNVm9VYkx1dHV0cUJvLU9IOXIwNzRfSkE2WWVnRXJLWFNtSmZhbFhLV2ZGZnM2cnBwckV2ZnNBaC01S1R0SnZHYUlOX0QxLTZwWGxPaVJtNGlzM0RxLVhfUi1pZjZxNnAyZjNF?oc=5\" target=\"_blank\" rel=\"nofollow noopener\">FOTO. Krem\u013ca \u012bpa\u0161ais p\u0101rst\u0101vis uz sarun\u0101m ASV atvedis d\u012bvainu d\u0101vanu. Uz t\u0101s virs\u016b ir Putina\u2026<\/a>&nbsp;&nbsp;LA.LV<\/li>\n<li><a href=\"https:\/\/news.google.com\/rss\/articles\/CBMiugFBVV95cUxQWXg5YjNLRTZ4OVdJYnd1a0c4aUV1Q1R5Q0o5WEp0ZHJFSXV3QjZaOWJpOWdReHFobDNCb2RfcjlYcWxIckd6dmpPTThiMlMyZ2NwdWpPNTcwS001NFpncjhsR25UZXNRZEFITEpia2NHNHZwWjY4XzlPd1FTa21NWU1zWFVRTF9tMHRROU9jYXBFbkRJeXFYeC1fTnEwc2lFLUg5UjRyQ0ZKZDJNZzR3LUdPVERNLXdrWHc?oc=5\" target=\"_blank\" rel=\"nofollow noopener\">Putina s\u016btnis: Kar\u0161 Ukrain\u0101 \u0101tri beigtos, ja \u0146emtu v\u0113r\u0101 tr\u012bs Krievijai svar\u012bgus jaut\u0101jumus<\/a>&nbsp;&nbsp;Apollo.lv<\/li>\n<li><a href=\"https:\/\/news.google.com\/rss\/articles\/CBMi8AFBVV95cUxQTTlSeWJSNXVWWWx0cEVSWmFkNUJ4Z0JDY3ZVd3hZQlNFcEpCUGtSMlk1aTlLb1RYU2h3TmR4a2J0V0NncnF0WlM4eUN5LThOV1p5dlk2bXJSbkdfOW1qV0N0WHFOdWNHNGVqekRMenNCZ2d5WTcza3k0N255enY5WWxGaGxwVEJKQ1k2Zjl0SkVUOUw0U0JNUFh4QkRBRVlLQzVqN3ltRTNzblhQZTR0cWM5cTdRaVFVOENCZXBXVU1razFEM2I2YXVCbmJXX0NUMWVobVZScUFWaEw5T2Q4Zk9RUF9ERjhDbXdmTDFFVFA?oc=5\" target=\"_blank\" rel=\"nofollow noopener\">TEKSTA TIE\u0160RAIDE. Krievijas kar\u0161 Ukrain\u0101: Putins steidzami nos\u016bt\u012bjis savu emis\u0101ru Dmitrijevu uz Va\u0161ingtonu &#8220;pielauzt&#8221; Trampu<\/a>&nbsp;&nbsp;Jauns.lv<\/li>\n<li><a href=\"https:\/\/news.google.com\/rss\/articles\/CBMiiAFBVV95cUxOUHNkZngySFE0NlRzaUpGOW9kS0ZvWnctWlQ5eUtvVkpvZnd0VWpqR3ZHMnh4MDBSRWJBNXcwbWdybXE5Y29zRnVYcEh4amRIcnRqeGpQZEs5SzZXa0ZIZVNkeU9PU0E3OHRwLWUxREh3QUQzbHc0bWdhTWEwU1ZzZnZBc0pJTG51?oc=5\" target=\"_blank\" rel=\"nofollow noopener\">Putina s\u016btnis steidzami lido uz ASV: ko prezidenti no mums sl\u0113pj?<\/a>&nbsp;&nbsp;LA.LV<\/li>\n<li><a href=\"https:\/\/news.google.com\/rss\/articles\/CBMipAJBVV95cUxNUlVhNGY3Q28yVGx1dWg2RVBCeDhlNkp4MHVkb0dsRkVWWFoxaWZNY3pPempfVGRFQ1c3S3lSbnZYV09lLTIzSm5pa0k2RFpPMlNva2ZYcU45QVo1V2VfTGRCWDI5WEJQWDI0U19fS0d0X244ZG5PSkVYOS1GeVUydUlpS2c2bUJLZ291VHdxU0tUc2FwX0NFWW9kOFJrTjJyOTB2Z2tNQkZaSVYxU0hFektTQ3NMQXNNaUZhTXNtQlVlOEpNT1Rsc0RmdGNncHVyWDBscTRVRFNDRHo0MExSUUhTNWJnY2hNakhvNDRvTFl3bXVteHdNZnBLTDZ0OElRMGhIQUx0YlMtWks3NDFka2xha2FhRS1yN2dRZUZhN3pqZXpf?oc=5\" target=\"_blank\" rel=\"nofollow noopener\">Krem\u013ca p\u0101rst\u0101vis: Maskava, Va\u0161ingtona un Kijiva tuvojas diplom\u0101tiskam risin\u0101jumam<\/a>&nbsp;&nbsp;Jauns.lv<\/li>\n<\/ol>\n","protected":false},"excerpt":{"rendered":"FOTO. Krem\u013ca \u012bpa\u0161ais p\u0101rst\u0101vis uz sarun\u0101m ASV atvedis d\u012bvainu d\u0101vanu. Uz t\u0101s virs\u016b ir Putina\u2026&nbsp;&nbsp;LA.LV Putina s\u016btnis: Kar\u0161&hellip;\n","protected":false},"author":2,"featured_media":31624,"comment_status":"","ping_status":"","sticky":false,"template":"","format":"standard","meta":{"footnotes":""},"categories":[14],"tags":[23,57,28,29,32,33,22,30,31,35,39,38,36,37,34,40,20,26,27,24,25,54,55,56,21,58],"class_list":{"0":"post-31623","1":"post","2":"type-post","3":"status-publish","4":"format-standard","5":"has-post-thumbnail","7":"category-zinas-no-arvalstim","8":"tag-aktualitates","9":"tag-arvalstim","10":"tag-breaking-news","11":"tag-breakingnews","12":"tag-featured-news","13":"tag-featurednews","14":"tag-headlines","15":"tag-latest-news","16":"tag-latestnews","17":"tag-latvia","18":"tag-latvian","19":"tag-latviesu","20":"tag-latviesu-valoda","21":"tag-latviesuvaloda","22":"tag-latvija","23":"tag-lv","24":"tag-news","25":"tag-popularakas-zinas","26":"tag-popularakaszinas","27":"tag-top-stories","28":"tag-topstories","29":"tag-world","30":"tag-world-news","31":"tag-worldnews","32":"tag-zinas","33":"tag-zinas-no-arvalstim"},"share_on_mastodon":{"url":"https:\/\/pubeurope.com\/@lv\/115441253997006993","error":""},"_links":{"self":[{"href":"https:\/\/www.europesays.com\/lv\/wp-json\/wp\/v2\/posts\/31623","targetHints":{"allow":["GET"]}}],"collection":[{"href":"https:\/\/www.europesays.com\/lv\/wp-json\/wp\/v2\/posts"}],"about":[{"href":"https:\/\/www.europesays.com\/lv\/wp-json\/wp\/v2\/types\/post"}],"author":[{"embeddable":true,"href":"https:\/\/www.europesays.com\/lv\/wp-json\/wp\/v2\/users\/2"}],"replies":[{"embeddable":true,"href":"https:\/\/www.europesays.com\/lv\/wp-json\/wp\/v2\/comments?post=31623"}],"version-history":[{"count":0,"href":"https:\/\/www.europesays.com\/lv\/wp-json\/wp\/v2\/posts\/31623\/revisions"}],"wp:featuredmedia":[{"embeddable":true,"href":"https:\/\/www.europesays.com\/lv\/wp-json\/wp\/v2\/media\/31624"}],"wp:attachment":[{"href":"https:\/\/www.europesays.com\/lv\/wp-json\/wp\/v2\/media?parent=31623"}],"wp:term":[{"taxonomy":"category","embeddable":true,"href":"https:\/\/www.europesays.com\/lv\/wp-json\/wp\/v2\/categories?post=31623"},{"taxonomy":"post_tag","embeddable":true,"href":"https:\/\/www.europesays.com\/lv\/wp-json\/wp\/v2\/tags?post=31623"}],"curies":[{"name":"wp","href":"https:\/\/api.w.org\/{rel}","templated":true}]}}