{"id":31648,"date":"2025-10-26T16:15:07","date_gmt":"2025-10-26T16:15:07","guid":{"rendered":"https:\/\/www.europesays.com\/lv\/31648\/"},"modified":"2025-10-26T16:15:07","modified_gmt":"2025-10-26T16:15:07","slug":"foto-%e2%9f%a9-rfs-futbolisti-steinbora-atvadu-spele-izcina-graujosu-uzvaru-tvnet-sports","status":"publish","type":"post","link":"https:\/\/www.europesays.com\/lv\/31648\/","title":{"rendered":"FOTO \u27e9 RFS futbolisti \u0160teinbora atvadu sp\u0113l\u0113 izc\u012bna graujo\u0161u uzvaru &#8211; TVNET Sports"},"content":{"rendered":"<ol>\n<li><a href=\"https:\/\/news.google.com\/rss\/articles\/CBMingFBVV95cUxPbDN0b1RMM1JFbGlUMllheU9tMDExTlBGeUNaSmdFeldiR2s4bG5KTXkzMy1DWURGT1ZNZ0s4ZFAxUlhVMTZ1UUlMaS01YXFyVXFnV1NjaktHSDRhZmR0Zk9SOXhramFnb05yM3QxVlBKTGdBRUZYeG1pZnJ1VUN4NERsTVE3cmFXR0FHUXVkZ3FpWjF1VlNaNWNQcU9TQQ?oc=5\" target=\"_blank\" rel=\"nofollow noopener\">FOTO \u27e9 RFS futbolisti \u0160teinbora atvadu sp\u0113l\u0113 izc\u012bna graujo\u0161u uzvaru<\/a>&nbsp;&nbsp;TVNET Sports<\/li>\n<li><a href=\"https:\/\/news.google.com\/rss\/articles\/CBMilwFBVV95cUxNTmlnVTFac0ZFTUJnSEtlSGJ2VmdEUG82cG83SkxkclFLUERESk1STENVZjRSN0tSTnBMTUFMR0JaSGZYUzFVc1p6NUdjZXRfRHp1bUlVaEYxTUNxSUd6aFNjT3dxTFdOeElFcmZtNFpiU0FjZWNfSTZaS29kU2hjWVNnY3lnVGFsRXEyV0hza0xPUnY5WXdF?oc=5\" target=\"_blank\" rel=\"nofollow noopener\">\u0160teinbora atvadu sp\u0113l\u0113 Lemaji\u010ds un Ikaunieks grauj, Sava\u013cnieks tr\u0101pa no centra \u2013 Futbols<\/a>&nbsp;&nbsp;Sportacentrs.com<\/li>\n<li><a href=\"https:\/\/news.google.com\/rss\/articles\/CBMisgFBVV95cUxOdGJDUFNwZldrQmJueFRBNTJqR0tKWjJmeklvNlJyNWc2eS1EOGJPWTMxa0c5RVN4akJLYlU3TDlraHh2emFHMEpvSGVKVWg5RW9ELUJJekNJclctSjZXVGg0bGNWc243WjZhc2RZQ2w2N3JXTVRJb2E2MjQ1UE4teWI0cUtzWDhwYzFXaS03azQ3ODNDN1RzWDYxcHNWMVdKM2Q0ZkZYZjlaMGtHWWJJVHdR?oc=5\" target=\"_blank\" rel=\"nofollow noopener\">P\u0101vels \u0160teinbors nosl\u0113dz profesion\u0101lo futbolista karjeru<\/a>&nbsp;&nbsp;Lente.lv<\/li>\n<li><a href=\"https:\/\/news.google.com\/rss\/articles\/CBMikwFBVV95cUxPZ2xQVGJWUUVYQ3lheVczNmR5X1JDYk1QRklMR08zY2dXSlRyaUh3OXZoY05CMEV0NVNtbmktTUh1WGVrOXdDdXdRT0ppVmxKX25kYWZEWk1jVHJ4b1g4SE9sQ01OM3dYYWZwU1JUQldvcUVnNWZJYURIN1JiWXRYYzVyYjc1UUFtTmwzQV9iZW9acDA?oc=5\" target=\"_blank\" rel=\"nofollow noopener\">\u0160teinbors \u0161aj\u0101 ned\u0113\u013cas nogal\u0113 aizvad\u012bs karjeras p\u0113d\u0113jo sp\u0113li<\/a>&nbsp;&nbsp;Sportazinas.com<\/li>\n<li><a href=\"https:\/\/news.google.com\/rss\/articles\/CBMioAFBVV95cUxQeHB1dHBVMnJNY0Z2QkJ1RnBjcFdFWXAxdkFPTURpcE11N0JPOGt6b2wxZm5PcnF4SjRxUlQ3Z3lyN09xTXlLR3JSSTlTS2Rfc09tekV5VEtFczBGUE1aNklNcmhtd0ItNkR3cmJEVjVZWS1ZTXFHWjBUMkc4NTFidGN2ZENnM0FqU1drcVhxNzBaRms0MTYtYUpZQV9CdzZu?oc=5\" target=\"_blank\" rel=\"nofollow noopener\">\u0160oned\u0113\u013c karjeru nosl\u0113gs biju\u0161ais izlases v\u0101rtu v\u012brs \u0160teinbors \u2013 Futbols<\/a>&nbsp;&nbsp;Sportacentrs.com<\/li>\n<\/ol>\n","protected":false},"excerpt":{"rendered":"FOTO \u27e9 RFS futbolisti \u0160teinbora atvadu sp\u0113l\u0113 izc\u012bna graujo\u0161u uzvaru&nbsp;&nbsp;TVNET Sports \u0160teinbora atvadu sp\u0113l\u0113 Lemaji\u010ds un Ikaunieks grauj,&hellip;\n","protected":false},"author":2,"featured_media":31649,"comment_status":"","ping_status":"","sticky":false,"template":"","format":"standard","meta":{"footnotes":""},"categories":[17],"tags":[9520,713,4415,35,39,38,36,37,34,40,1297,9521,1422,3553,67],"class_list":{"0":"post-31648","1":"post","2":"type-post","3":"status-publish","4":"format-standard","5":"has-post-thumbnail","7":"category-sports","8":"tag-darko-lemajics","9":"tag-futbola-virsliga","10":"tag-janis-ikaunieks","11":"tag-latvia","12":"tag-latvian","13":"tag-latviesu","14":"tag-latviesu-valoda","15":"tag-latviesuvaloda","16":"tag-latvija","17":"tag-lv","18":"tag-metta","19":"tag-pavels-steinbors","20":"tag-rfs","21":"tag-riga-fc","22":"tag-sports"},"share_on_mastodon":{"url":"https:\/\/pubeurope.com\/@lv\/115441364043122872","error":""},"_links":{"self":[{"href":"https:\/\/www.europesays.com\/lv\/wp-json\/wp\/v2\/posts\/31648","targetHints":{"allow":["GET"]}}],"collection":[{"href":"https:\/\/www.europesays.com\/lv\/wp-json\/wp\/v2\/posts"}],"about":[{"href":"https:\/\/www.europesays.com\/lv\/wp-json\/wp\/v2\/types\/post"}],"author":[{"embeddable":true,"href":"https:\/\/www.europesays.com\/lv\/wp-json\/wp\/v2\/users\/2"}],"replies":[{"embeddable":true,"href":"https:\/\/www.europesays.com\/lv\/wp-json\/wp\/v2\/comments?post=31648"}],"version-history":[{"count":0,"href":"https:\/\/www.europesays.com\/lv\/wp-json\/wp\/v2\/posts\/31648\/revisions"}],"wp:featuredmedia":[{"embeddable":true,"href":"https:\/\/www.europesays.com\/lv\/wp-json\/wp\/v2\/media\/31649"}],"wp:attachment":[{"href":"https:\/\/www.europesays.com\/lv\/wp-json\/wp\/v2\/media?parent=31648"}],"wp:term":[{"taxonomy":"category","embeddable":true,"href":"https:\/\/www.europesays.com\/lv\/wp-json\/wp\/v2\/categories?post=31648"},{"taxonomy":"post_tag","embeddable":true,"href":"https:\/\/www.europesays.com\/lv\/wp-json\/wp\/v2\/tags?post=31648"}],"curies":[{"name":"wp","href":"https:\/\/api.w.org\/{rel}","templated":true}]}}