{"id":31650,"date":"2025-10-26T16:17:20","date_gmt":"2025-10-26T16:17:20","guid":{"rendered":"https:\/\/www.europesays.com\/lv\/31650\/"},"modified":"2025-10-26T16:17:20","modified_gmt":"2025-10-26T16:17:20","slug":"93-gadu-vecuma-mirusi-bijusi-taizemes-karaliene-sirikita","status":"publish","type":"post","link":"https:\/\/www.europesays.com\/lv\/31650\/","title":{"rendered":"93 gadu vecum\u0101 mirusi bijus\u012b Taizemes karaliene Sirikita"},"content":{"rendered":"<p>Sirikita 66 gadus ilg\u0101 laul\u012bb\u0101 ar karali Bhumibolu Aduljaded\u017eu ieguva gan g\u0101d\u012bgas m\u0101tes, gan modes ikonas reput\u0101ciju. Da\u017ei Rietumu mediji vi\u0146u demonstr\u0113ja uz \u017erun\u0101lu v\u0101kiem un sal\u012bdzin\u0101ja ar biju\u0161o ASV pirmo l\u0113diju D\u017eekiju Kenediju.<\/p>\n<p>&#8220;Vi\u0146as majest\u0101tes vesel\u012bbas st\u0101voklis l\u012bdz piektdienai pasliktin\u0101j\u0101s un vi\u0146a nomira plkst. 21.21 \u010culalongkorna slimn\u012bc\u0101 93 gadu vecum\u0101,&#8221; teikts karalisk\u0101s pils pazi\u0146ojum\u0101.<\/p>\n<p>Sirikita kop\u0161 2019. gada bija hospitaliz\u0113ta un sirga ar vair\u0101k\u0101m slim\u012bb\u0101m, tai skait\u0101 ar \u0161om\u0113nes g\u016btu asins infic\u0113\u0161anos.<\/p>\n<p>Karalis Vad\u017eiralongkorns ir nor\u012bkojis karalisk\u0101s \u0123imenes locek\u013cus s\u0101kt gadu ilgu s\u0113ru periodu.<\/p>\n<p>Taizemes telev\u012bzijas zi\u0146u raid\u012bjumu vad\u012bt\u0101ji no sestdienas r\u012bta ir \u0123\u0113rbu\u0161ies meln\u0101, ks ir sabiedr\u012bbas s\u0113ro\u0161anas paz\u012bme.<\/p>\n<p>Sirikitas dz\u012bvesbiedrs karalis Bhumibols Aduljaded\u017es vald\u012bja no 1946. l\u012bdz 2016. gadam.<\/p>\n<p>Se\u0161desmitie gadi bija vi\u0146as ziedu laiki, kad karaliene tik\u0101s ar ASV prezidentiem un t\u0101d\u0101m superzvaigzn\u0113m k\u0101 Elviss Presijs. Sirikita tika d\u0113v\u0113ta par &#8220;N\u0101cijas m\u0101ti&#8221;, un vi\u0146as dzim\u0161anas diena tika atz\u012bm\u0113ta k\u0101 M\u0101tes diena.<\/p>\n<p>Sirikita p\u0113d\u0113jos gados aizg\u0101ja no sabiedrisk\u0101s dz\u012bves vesel\u012bbas pasliktin\u0101\u0161an\u0101s d\u0113\u013c. Vi\u0146as priv\u0101tumu sarg\u0101ja stingri likumi, kas ierobe\u017eo atkl\u0101t\u012bbu zi\u0146\u0101s par karalisko \u0123imeni.<\/p>\n","protected":false},"excerpt":{"rendered":"Sirikita 66 gadus ilg\u0101 laul\u012bb\u0101 ar karali Bhumibolu Aduljaded\u017eu ieguva gan g\u0101d\u012bgas m\u0101tes, gan modes ikonas reput\u0101ciju. Da\u017ei&hellip;\n","protected":false},"author":2,"featured_media":31651,"comment_status":"","ping_status":"","sticky":false,"template":"","format":"standard","meta":{"footnotes":""},"categories":[14],"tags":[23,57,28,29,32,33,22,30,31,35,39,38,36,37,34,40,20,26,27,6649,24,25,54,55,56,21,58],"class_list":{"0":"post-31650","1":"post","2":"type-post","3":"status-publish","4":"format-standard","5":"has-post-thumbnail","7":"category-zinas-no-arvalstim","8":"tag-aktualitates","9":"tag-arvalstim","10":"tag-breaking-news","11":"tag-breakingnews","12":"tag-featured-news","13":"tag-featurednews","14":"tag-headlines","15":"tag-latest-news","16":"tag-latestnews","17":"tag-latvia","18":"tag-latvian","19":"tag-latviesu","20":"tag-latviesu-valoda","21":"tag-latviesuvaloda","22":"tag-latvija","23":"tag-lv","24":"tag-news","25":"tag-popularakas-zinas","26":"tag-popularakaszinas","27":"tag-taizeme","28":"tag-top-stories","29":"tag-topstories","30":"tag-world","31":"tag-world-news","32":"tag-worldnews","33":"tag-zinas","34":"tag-zinas-no-arvalstim"},"share_on_mastodon":{"url":"https:\/\/pubeurope.com\/@lv\/115441371918590155","error":""},"_links":{"self":[{"href":"https:\/\/www.europesays.com\/lv\/wp-json\/wp\/v2\/posts\/31650","targetHints":{"allow":["GET"]}}],"collection":[{"href":"https:\/\/www.europesays.com\/lv\/wp-json\/wp\/v2\/posts"}],"about":[{"href":"https:\/\/www.europesays.com\/lv\/wp-json\/wp\/v2\/types\/post"}],"author":[{"embeddable":true,"href":"https:\/\/www.europesays.com\/lv\/wp-json\/wp\/v2\/users\/2"}],"replies":[{"embeddable":true,"href":"https:\/\/www.europesays.com\/lv\/wp-json\/wp\/v2\/comments?post=31650"}],"version-history":[{"count":0,"href":"https:\/\/www.europesays.com\/lv\/wp-json\/wp\/v2\/posts\/31650\/revisions"}],"wp:featuredmedia":[{"embeddable":true,"href":"https:\/\/www.europesays.com\/lv\/wp-json\/wp\/v2\/media\/31651"}],"wp:attachment":[{"href":"https:\/\/www.europesays.com\/lv\/wp-json\/wp\/v2\/media?parent=31650"}],"wp:term":[{"taxonomy":"category","embeddable":true,"href":"https:\/\/www.europesays.com\/lv\/wp-json\/wp\/v2\/categories?post=31650"},{"taxonomy":"post_tag","embeddable":true,"href":"https:\/\/www.europesays.com\/lv\/wp-json\/wp\/v2\/tags?post=31650"}],"curies":[{"name":"wp","href":"https:\/\/api.w.org\/{rel}","templated":true}]}}