{"id":31692,"date":"2025-10-26T17:13:10","date_gmt":"2025-10-26T17:13:10","guid":{"rendered":"https:\/\/www.europesays.com\/lv\/31692\/"},"modified":"2025-10-26T17:13:10","modified_gmt":"2025-10-26T17:13:10","slug":"svetdien-bus-lielakoties-makonains-un-vietam-islaicigi-lis-raksts","status":"publish","type":"post","link":"https:\/\/www.europesays.com\/lv\/31692\/","title":{"rendered":"Sv\u0113tdien b\u016bs liel\u0101koties m\u0101ko\u0146ains un viet\u0101m \u012bslaic\u012bgi l\u012bs \/ Raksts"},"content":{"rendered":"<p>Sv\u0113tdien Latvij\u0101 gaid\u0101ms liel\u0101koties m\u0101ko\u0146ains laiks, viet\u0101m \u012bslaic\u012bgi l\u012bs, prognoz\u0113 Latvijas Vides, \u0123eolo\u0123ijas un meteorolo\u0123ijas centrs.<\/p>\n<p>Dien\u0101 gaid\u0101ms liel\u0101koties m\u0101ko\u0146ains laiks, vien r\u012bta un priek\u0161pusdienas stund\u0101s viet\u0101m uzsp\u012bd\u0113s saule. No r\u012bta un priek\u0161pusdien\u0101 gal\u0113jos zieme\u013caustrumu rajonos v\u0113l b\u016bs lietains laiks, un jauna nokri\u0161\u0146u zona no dienvidrietumiem dienas laik\u0101 nes\u012bs \u012bslaic\u012bgu lietu ar\u012b citviet Latvij\u0101.<\/p>\n<p>Domin\u0113s m\u0113rens dienvidu\u00a0v\u0113j\u0161;\u00a0dienas vid\u016b j\u016bras piekrast\u0113 dienvidu, dienvidrietumu v\u0113j\u0161 b\u016bs br\u0101zmains. Gaiss dienas laik\u0101 uzsils vien par da\u017eiem gr\u0101diem, sasniedzot +7\u2026+11 gr\u0101dus.<\/p>\n<p>R\u012bg\u0101 no r\u012bta gaid\u0101ms main\u012bgs m\u0101ko\u0146u daudzums, tom\u0113r p\u0113cpusdien\u0101 m\u0101ko\u0146u b\u016bs vair\u0101k, k\u0101 ar\u012b tie br\u012b\u017eiem nes\u012bs lietu. P\u016bt\u012bs l\u0113ns l\u012bdz m\u0113rens dienvidrietumu v\u0113j\u0161, gaiss iesils l\u012bdz +9\u2026+10 gr\u0101diem.<\/p>\n<p>                    Valodas k\u013c\u016bda rakst\u0101?<\/p>\n<p class=\"d-none d-md-block\">Iez\u012bm\u0113jiet tekstu un spiediet Ctrl+Enter, lai nos\u016bt\u012btu labojamo teksta fragmentu redaktoram! Par faktu k\u013c\u016bd\u0101m l\u016bdzam zi\u0146ot e-past\u0101 <a href=\"https:\/\/www.lsm.lv\/cdn-cgi\/l\/email-protection\" class=\"__cf_email__\" data-cfemail=\"324057565359515b5853725e415f1c5e44\" rel=\"nofollow noopener\" target=\"_blank\">[email\u00a0protected]<\/a>.<\/p>\n<p class=\"d-md-none\">Iez\u012bm\u0113jiet tekstu un spiediet uz Zi\u0146ot par k\u013c\u016bdu pogas, lai nos\u016bt\u012btu labojamo teksta fragmentu redaktoram!<\/p>\n<p>\n                    Zi\u0146ot par k\u013c\u016bdu\n                <\/p>\n","protected":false},"excerpt":{"rendered":"Sv\u0113tdien Latvij\u0101 gaid\u0101ms liel\u0101koties m\u0101ko\u0146ains laiks, viet\u0101m \u012bslaic\u012bgi l\u012bs, prognoz\u0113 Latvijas Vides, \u0123eolo\u0123ijas un meteorolo\u0123ijas centrs. Dien\u0101 gaid\u0101ms&hellip;\n","protected":false},"author":2,"featured_media":31693,"comment_status":"","ping_status":"","sticky":false,"template":"","format":"standard","meta":{"footnotes":""},"categories":[12],"tags":[23,28,29,32,33,22,30,31,35,39,38,36,37,34,40,20,26,27,24,25,21],"class_list":{"0":"post-31692","1":"post","2":"type-post","3":"status-publish","4":"format-standard","5":"has-post-thumbnail","7":"category-latvija","8":"tag-aktualitates","9":"tag-breaking-news","10":"tag-breakingnews","11":"tag-featured-news","12":"tag-featurednews","13":"tag-headlines","14":"tag-latest-news","15":"tag-latestnews","16":"tag-latvia","17":"tag-latvian","18":"tag-latviesu","19":"tag-latviesu-valoda","20":"tag-latviesuvaloda","21":"tag-latvija","22":"tag-lv","23":"tag-news","24":"tag-popularakas-zinas","25":"tag-popularakaszinas","26":"tag-top-stories","27":"tag-topstories","28":"tag-zinas"},"share_on_mastodon":{"url":"https:\/\/pubeurope.com\/@lv\/115441592078632867","error":""},"_links":{"self":[{"href":"https:\/\/www.europesays.com\/lv\/wp-json\/wp\/v2\/posts\/31692","targetHints":{"allow":["GET"]}}],"collection":[{"href":"https:\/\/www.europesays.com\/lv\/wp-json\/wp\/v2\/posts"}],"about":[{"href":"https:\/\/www.europesays.com\/lv\/wp-json\/wp\/v2\/types\/post"}],"author":[{"embeddable":true,"href":"https:\/\/www.europesays.com\/lv\/wp-json\/wp\/v2\/users\/2"}],"replies":[{"embeddable":true,"href":"https:\/\/www.europesays.com\/lv\/wp-json\/wp\/v2\/comments?post=31692"}],"version-history":[{"count":0,"href":"https:\/\/www.europesays.com\/lv\/wp-json\/wp\/v2\/posts\/31692\/revisions"}],"wp:featuredmedia":[{"embeddable":true,"href":"https:\/\/www.europesays.com\/lv\/wp-json\/wp\/v2\/media\/31693"}],"wp:attachment":[{"href":"https:\/\/www.europesays.com\/lv\/wp-json\/wp\/v2\/media?parent=31692"}],"wp:term":[{"taxonomy":"category","embeddable":true,"href":"https:\/\/www.europesays.com\/lv\/wp-json\/wp\/v2\/categories?post=31692"},{"taxonomy":"post_tag","embeddable":true,"href":"https:\/\/www.europesays.com\/lv\/wp-json\/wp\/v2\/tags?post=31692"}],"curies":[{"name":"wp","href":"https:\/\/api.w.org\/{rel}","templated":true}]}}