{"id":31698,"date":"2025-10-26T17:25:15","date_gmt":"2025-10-26T17:25:15","guid":{"rendered":"https:\/\/www.europesays.com\/lv\/31698\/"},"modified":"2025-10-26T17:25:15","modified_gmt":"2025-10-26T17:25:15","slug":"gaidams-rudens-dancu-jubilejas-koncerts","status":"publish","type":"post","link":"https:\/\/www.europesays.com\/lv\/31698\/","title":{"rendered":"Gaid\u0101ms &#8220;Rudens dan\u010du&#8221; jubilejas koncerts"},"content":{"rendered":"<p>Tautas deju koncerts \u201cRudens dan\u010di\u201d pirmoreiz notika 2005.\u00a0gad\u0101, kad kolekt\u012bva vad\u012bt\u0101jai Ievai Karelei rad\u0101s ideja aicin\u0101t kop\u0101 deju kolekt\u012bva draugus. \u0160ie dan\u010di izv\u0113rt\u0101s par aizraujo\u0161u piedz\u012bvojumu gan pa\u0161m\u0101ju kolekt\u012bviem, gan ciemi\u0146iem, bet gadu gait\u0101 p\u0101rauga par tradicion\u0101lu un gaid\u012btu sadraudz\u012bbas pas\u0101kumu, kas veicina koncertdarb\u012bbu gan Jelgav\u0101, gan ar\u012b kolekt\u012bvu pieder\u012bbas pils\u0113t\u0101s.<\/p>\n<p>\u201cGatavojoties jubilejai, kav\u0113j\u0101mies atmi\u0146\u0101s par piedz\u012bvoto \u0161aj\u0101s div\u0101s desmitgad\u0113s. Ir p\u0101rsteidzo\u0161i apjaust, ka \u0161aj\u0101 laik\u0101 \u201cRudens dan\u010dos\u201d izdejotas 300\u00a0da\u017e\u0101das dejas un 74\u00a0no t\u0101m skat\u012bt\u0101jiem d\u0101v\u0101jis \u201cDi\u017edancis\u201d, bet m\u016bsu draugu pulk\u0101 Jelgav\u0101 esam uz\u0146\u0113mu\u0161i kopum\u0101 32\u00a0deju kolekt\u012bvus. \u0160o piedz\u012bvojumu ir caurstr\u0101vojis dejas prieks, jaunas draudz\u012bbas, vieso\u0161an\u0101s pie deju kolekt\u012bviem da\u017e\u0101d\u0101s Latvijas pils\u0113t\u0101s un p\u0101ri visam\u00a0\u2013 kop\u012bgas atmi\u0146as. Jubilejas reiz\u0113 ikvienam b\u016bs iesp\u0113ja atskat\u012bties uz \u0161iem spilgt\u0101kajiem br\u012b\u017eiem un izdz\u012bvot vienotu st\u0101stu, ko koncertam veido re\u017eisors Sandis Kalni\u0146\u0161,\u201d st\u0101sta kolekt\u012bva un koncerta m\u0101ksliniecisk\u0101 vad\u012bt\u0101ja I.Karele.<\/p>\n<p>Vi\u0146a papildina, ka \u0161ogad koncert\u0101 piedal\u012bsies tr\u012bs kolekt\u012bvi, ar kuriem \u201cDi\u017edancis\u201d ir visvair\u0101k sadejojis \u0161ajos gados,\u00a0\u2013 \u201cKalve\u201d no Jelgavas un \u201cGatve\u201d no R\u012bgas, k\u0101 ar\u012b jaunie\u0161u deju kolekt\u012bvs \u201cDelveri\u201d no J\u0113kabpils. T\u0101pat jau piekto reizi koncertu kuplin\u0101s tautas deju ansamblis \u201cGauja\u201d no Valmieras, bet otro reizi\u00a0\u2013 p\u0113rn iepaz\u012btie draugi tautas deju kolekt\u012bvs \u201cZalktis\u201d no R\u012bgas. Saglab\u0101jot draudz\u012bbas garu un atv\u0113rt\u012bbu, pas\u0101kums pirmo reizi pulc\u0113s ar\u012b \u0101rzemju viesus\u00a0\u2013 jaunie\u0161u deju kolekt\u012bvu \u201cSuvartukas\u201d no Plu\u0146\u0123es (Lietuva). Savuk\u0101rt pa\u0161m\u0101ju ansamblim z\u012bm\u012bgi pievienosies ar\u012b vid\u0113j\u0101s paaudzes deju kolekt\u012bvs \u201cDi\u017edancis\u201d, jo t\u0101 dejot\u0101ji ilgsto\u0161i dejoju\u0161i ansamb\u013ca sast\u0101v\u0101 un biju\u0161i da\u013ca no \u201cRudens dan\u010du\u201d v\u0113stures.<\/p>\n<p>Daudzveid\u012bba attiecin\u0101ma ne vien uz dal\u012bbnieku sast\u0101vu, bet ar\u012b repertu\u0101ru. Atkl\u0101jot atmi\u0146u st\u0101stus, koncert\u0101 tiks izdejotas gan labi zin\u0101mas dejas, tostarp zelta klasika, gan ar\u012b nesen rad\u012btas. Visvair\u0101k dejot\u0101 \u0161\u012b koncerta div\u0101s desmitgad\u0113s ir \u201cGatves deja\u201d, bet b\u016bs ar\u012b t\u0101das daudziem zin\u0101mas dejas k\u0101 \u201cSasala j\u016br\u012bna\u201d, \u201cManai dzimtenei\u201d, \u201cSp\u0113l\u0113, sp\u0113lmani\u201d, \u201cEs var\u0113ju sadzied\u0101t\u201d, \u201cAiz ezera augsti kalni\u201d un daudzas citas. I.Karele atkl\u0101j, ka koncert\u0101 izskan\u0113s ar\u012b k\u0101ds \u012bpa\u0161s atmi\u0146u st\u0101sts, kas saist\u012bts ar vienu no dej\u0101m.<\/p>\n<p>\u201cB\u016bs sirsn\u012bgi, kr\u0101saini un ko\u0161i\u00a0\u2013 k\u0101 jau ruden\u012b pien\u0101kas,\u201d pievienoties jubilejas koncertam aicina I.Karele.<\/p>\n<p>Bi\u013cetes uz pas\u0101kumu pieejamas \u201cBi\u013ce\u0161u parad\u012bzes\u201d kas\u0113s un tie\u0161saist\u0113 vietn\u0113 www.bilesuparadize.lv. \u0160obr\u012bd v\u0113l pieejamas bi\u013cetes par 5 eiro.<\/p>\n<p>Koncerts notiek ar \u201cZemgales v\u0113sturisk\u0101s zemes kult\u016bras pro\u00adgrammas\u00a02025\u201d,Valsts kult\u016brkapit\u0101la fonda, Zemgales pl\u0101no\u0161anas re\u0123iona, Jelgavas valstspils\u0113tas pa\u0161vald\u012bbas domes un Jelgavas pa\u0161vald\u012bbas iest\u0101des \u201cKult\u016bra\u201d atbalstu.<\/p>\n","protected":false},"excerpt":{"rendered":"Tautas deju koncerts \u201cRudens dan\u010di\u201d pirmoreiz notika 2005.\u00a0gad\u0101, kad kolekt\u012bva vad\u012bt\u0101jai Ievai Karelei rad\u0101s ideja aicin\u0101t kop\u0101 deju&hellip;\n","protected":false},"author":2,"featured_media":31699,"comment_status":"","ping_status":"","sticky":false,"template":"","format":"standard","meta":{"footnotes":""},"categories":[12],"tags":[23,28,29,32,33,22,30,31,35,39,38,36,37,34,40,20,26,27,24,25,21],"class_list":{"0":"post-31698","1":"post","2":"type-post","3":"status-publish","4":"format-standard","5":"has-post-thumbnail","7":"category-latvija","8":"tag-aktualitates","9":"tag-breaking-news","10":"tag-breakingnews","11":"tag-featured-news","12":"tag-featurednews","13":"tag-headlines","14":"tag-latest-news","15":"tag-latestnews","16":"tag-latvia","17":"tag-latvian","18":"tag-latviesu","19":"tag-latviesu-valoda","20":"tag-latviesuvaloda","21":"tag-latvija","22":"tag-lv","23":"tag-news","24":"tag-popularakas-zinas","25":"tag-popularakaszinas","26":"tag-top-stories","27":"tag-topstories","28":"tag-zinas"},"share_on_mastodon":{"url":"https:\/\/pubeurope.com\/@lv\/115441639296475937","error":""},"_links":{"self":[{"href":"https:\/\/www.europesays.com\/lv\/wp-json\/wp\/v2\/posts\/31698","targetHints":{"allow":["GET"]}}],"collection":[{"href":"https:\/\/www.europesays.com\/lv\/wp-json\/wp\/v2\/posts"}],"about":[{"href":"https:\/\/www.europesays.com\/lv\/wp-json\/wp\/v2\/types\/post"}],"author":[{"embeddable":true,"href":"https:\/\/www.europesays.com\/lv\/wp-json\/wp\/v2\/users\/2"}],"replies":[{"embeddable":true,"href":"https:\/\/www.europesays.com\/lv\/wp-json\/wp\/v2\/comments?post=31698"}],"version-history":[{"count":0,"href":"https:\/\/www.europesays.com\/lv\/wp-json\/wp\/v2\/posts\/31698\/revisions"}],"wp:featuredmedia":[{"embeddable":true,"href":"https:\/\/www.europesays.com\/lv\/wp-json\/wp\/v2\/media\/31699"}],"wp:attachment":[{"href":"https:\/\/www.europesays.com\/lv\/wp-json\/wp\/v2\/media?parent=31698"}],"wp:term":[{"taxonomy":"category","embeddable":true,"href":"https:\/\/www.europesays.com\/lv\/wp-json\/wp\/v2\/categories?post=31698"},{"taxonomy":"post_tag","embeddable":true,"href":"https:\/\/www.europesays.com\/lv\/wp-json\/wp\/v2\/tags?post=31698"}],"curies":[{"name":"wp","href":"https:\/\/api.w.org\/{rel}","templated":true}]}}