{"id":31704,"date":"2025-10-26T17:31:08","date_gmt":"2025-10-26T17:31:08","guid":{"rendered":"https:\/\/www.europesays.com\/lv\/31704\/"},"modified":"2025-10-26T17:31:08","modified_gmt":"2025-10-26T17:31:08","slug":"maestro-raimondam-paulam-pieskir-triju-zvaigznu-ordena-augstako-pirmo-skiru-raksts","status":"publish","type":"post","link":"https:\/\/www.europesays.com\/lv\/31704\/","title":{"rendered":"Maestro Raimondam\u00a0Paulam pie\u0161\u0137ir Triju zvaig\u017e\u0146u orde\u0146a augst\u0101ko \u2013 pirmo \u0161\u0137iru \/ Raksts"},"content":{"rendered":"<p>Par izcilu un nez\u016bdo\u0161u devumu m\u016bzik\u0101 un Latvijai, ar Triju zvaig\u017e\u0146u orde\u0146a augst\u0101ko \u2013 pirmo \u0161\u0137iru tiks apbalvots Maestro Raimonds Pauls. Valsts sv\u0113tkos vi\u0146u\u00a0iecels par Triju Zvaig\u017e\u0146u orde\u0146a Lielkrusta komandieri.\u00a0<\/p>\n<p>Maestro\u00a0zi\u0146u par gaid\u0101mo apbalvojumu sa\u0146\u0113mis, br\u012bdi kad c\u012bn\u012bj\u0101s ar vesel\u012bbas likst\u0101m.\u00a0<\/p>\n<blockquote>\n<p>&#8220;Man pazi\u0146oja taj\u0101 moment\u0101, kad man vien\u012bgais gandar\u012bjums bija, ka es v\u0113l dz\u012bvs paliku,&#8221; sac\u012bja Pauls.<\/p>\n<\/blockquote>\n<p>Maestro sp\u0113l\u0113tie koncerti vienm\u0113r ir \u013cau\u017eu p\u0101rpild\u012bti, tostarp sestdien aizvad\u012bta izr\u0101de &#8220;\u0160ek\u0161p\u012brs. Soneti&#8221;, kur\u0101 kop\u0101 ar Maestro piedal\u012bj\u0101s ar\u012b m\u016bzi\u0137is Intars Busulis un aktieris Andris Kei\u0161s. Skat\u012bt\u0101ju vid\u016b bija ar\u012b Valsts prezidents Edgars Rink\u0113vi\u010ds.\u00a0<\/p>\n<p>&#8220;M\u0113s visi bij\u0101m satrauku\u0161ies, tad kad pien\u0101ca zi\u0146a, ka ir nelielas vesel\u012bbas probl\u0113mas, bet \u0161odien koncert\u0101, redzot to ener\u0123iju un smaidu, es vi\u0146am nov\u0113lu rado\u0161umu, \u013coti daudz koncertu, kas vi\u0146u uzl\u0101d\u0113 un tie\u0161\u0101m \u013coti,&#8221; pauda Rink\u0113vi\u010ds, nov\u0113lot Raimondam Paulam \u013coti stipru vesel\u012bbu.<\/p>\n<p>&#8220;Katra vi\u0146a uzst\u0101\u0161an\u0101s ir milz\u012bgs notikums, svin\u0113sim 100 gadus pavisam dr\u012bz,&#8221; sac\u012bja Valsts prezidents.<\/p>\n<blockquote>\n<p>Maestro Pauls k\u013c\u016bs par Triju Zvaig\u017e\u0146u orde\u0146a Lielkrusta komandieri. Vi\u0146\u0161 b\u016bs pirmais latvietis, kur\u0161 sa\u0146ems par nopelniem visaugst\u0101ko apbalvojumu Neatkar\u012bg\u0101s Latvijas laik\u0101.\u00a0<\/p>\n<\/blockquote>\n<p>&#8220;Lai ieriebtu Kei\u0161am vai Busulim, es jau vi\u0146u [ordeni] noteikti uzkarin\u0101\u0161u, lai vi\u0146i paskat\u0101s, ka vienk\u0101r\u0161am latvietim ir t\u0101ds ordenis. Vi\u0146i izteiks savas piez\u012bmes, visa latvie\u0161u skaud\u012bba n\u0101ks \u0101r\u0101 sav\u0101 varen\u012bb\u0101, for\u0161i,&#8221; sac\u012bja Maestro.<\/p>\n<p>Apbalvojums\u00a0v\u0113lreiz ir apliecin\u0101jums tam, ka Raimonds Pauls nav tikai komponists vai pianists. Vi\u0146\u0161 ir laikmeta balss, melodiju meistars, kas ar savu m\u016bziku savienojis paaudzes un sirdis.<\/p>\n<p>                    Valodas k\u013c\u016bda rakst\u0101?<\/p>\n<p class=\"d-none d-md-block\">Iez\u012bm\u0113jiet tekstu un spiediet Ctrl+Enter, lai nos\u016bt\u012btu labojamo teksta fragmentu redaktoram! Par faktu k\u013c\u016bd\u0101m l\u016bdzam zi\u0146ot e-past\u0101 <a href=\"https:\/\/www.lsm.lv\/cdn-cgi\/l\/email-protection\" class=\"__cf_email__\" data-cfemail=\"5c2e39383d373f35363d1c302f3172302a\" rel=\"nofollow noopener\" target=\"_blank\">[email\u00a0protected]<\/a>.<\/p>\n<p class=\"d-md-none\">Iez\u012bm\u0113jiet tekstu un spiediet uz Zi\u0146ot par k\u013c\u016bdu pogas, lai nos\u016bt\u012btu labojamo teksta fragmentu redaktoram!<\/p>\n<p>\n                    Zi\u0146ot par k\u013c\u016bdu\n                <\/p>\n","protected":false},"excerpt":{"rendered":"Par izcilu un nez\u016bdo\u0161u devumu m\u016bzik\u0101 un Latvijai, ar Triju zvaig\u017e\u0146u orde\u0146a augst\u0101ko \u2013 pirmo \u0161\u0137iru tiks apbalvots&hellip;\n","protected":false},"author":2,"featured_media":31705,"comment_status":"","ping_status":"","sticky":false,"template":"","format":"standard","meta":{"footnotes":""},"categories":[12],"tags":[23,28,29,32,33,22,30,31,35,39,38,36,37,34,40,20,26,27,24,25,21],"class_list":{"0":"post-31704","1":"post","2":"type-post","3":"status-publish","4":"format-standard","5":"has-post-thumbnail","7":"category-latvija","8":"tag-aktualitates","9":"tag-breaking-news","10":"tag-breakingnews","11":"tag-featured-news","12":"tag-featurednews","13":"tag-headlines","14":"tag-latest-news","15":"tag-latestnews","16":"tag-latvia","17":"tag-latvian","18":"tag-latviesu","19":"tag-latviesu-valoda","20":"tag-latviesuvaloda","21":"tag-latvija","22":"tag-lv","23":"tag-news","24":"tag-popularakas-zinas","25":"tag-popularakaszinas","26":"tag-top-stories","27":"tag-topstories","28":"tag-zinas"},"share_on_mastodon":{"url":"https:\/\/pubeurope.com\/@lv\/115441662852985914","error":""},"_links":{"self":[{"href":"https:\/\/www.europesays.com\/lv\/wp-json\/wp\/v2\/posts\/31704","targetHints":{"allow":["GET"]}}],"collection":[{"href":"https:\/\/www.europesays.com\/lv\/wp-json\/wp\/v2\/posts"}],"about":[{"href":"https:\/\/www.europesays.com\/lv\/wp-json\/wp\/v2\/types\/post"}],"author":[{"embeddable":true,"href":"https:\/\/www.europesays.com\/lv\/wp-json\/wp\/v2\/users\/2"}],"replies":[{"embeddable":true,"href":"https:\/\/www.europesays.com\/lv\/wp-json\/wp\/v2\/comments?post=31704"}],"version-history":[{"count":0,"href":"https:\/\/www.europesays.com\/lv\/wp-json\/wp\/v2\/posts\/31704\/revisions"}],"wp:featuredmedia":[{"embeddable":true,"href":"https:\/\/www.europesays.com\/lv\/wp-json\/wp\/v2\/media\/31705"}],"wp:attachment":[{"href":"https:\/\/www.europesays.com\/lv\/wp-json\/wp\/v2\/media?parent=31704"}],"wp:term":[{"taxonomy":"category","embeddable":true,"href":"https:\/\/www.europesays.com\/lv\/wp-json\/wp\/v2\/categories?post=31704"},{"taxonomy":"post_tag","embeddable":true,"href":"https:\/\/www.europesays.com\/lv\/wp-json\/wp\/v2\/tags?post=31704"}],"curies":[{"name":"wp","href":"https:\/\/api.w.org\/{rel}","templated":true}]}}