{"id":31706,"date":"2025-10-26T17:33:06","date_gmt":"2025-10-26T17:33:06","guid":{"rendered":"https:\/\/www.europesays.com\/lv\/31706\/"},"modified":"2025-10-26T17:33:06","modified_gmt":"2025-10-26T17:33:06","slug":"de-mantra-klausitajus-iepriecina-ar-jaunu-singlu-un-videoklipu-let-them-lente-lv","status":"publish","type":"post","link":"https:\/\/www.europesays.com\/lv\/31706\/","title":{"rendered":"\u00abDe Mantra\u00bb klaus\u012bt\u0101jus iepriecina ar jaunu singlu un videoklipu \u00abLet Them\u00bb\u00a0\u2014\u00a0Lente.lv"},"content":{"rendered":"<p>Jaunais singls un videoklips no \u00abDe Mantra\u00bb<\/p>\n<p>Latvie\u0161u m\u016bzikas duets \u00abDe Mantra\u00bb, ko veido Liene Leit\u0101ne un Madara Martinkena, ir laidis klaj\u0101 savu tre\u0161o dziesmu ang\u013cu valod\u0101 \u2013 \u00abLet Them\u00bb. \u0160im emocion\u0101lajam un sp\u0113c\u012bgajam ska\u0146darbam tapis ar\u012b vizu\u0101li iespaid\u012bgs videoklips, kas papildina dziesmas v\u0113st\u012bjumu par iek\u0161\u0113j\u0101s br\u012bv\u012bbas un neatkar\u012bbas saglab\u0101\u0161anu m\u016bsdienu pasaul\u0113, kas bie\u017ei vien ir pies\u0101tin\u0101ta ar negat\u012bvismu un inform\u0101cijas p\u0101rbag\u0101t\u012bbu.<\/p>\n<p>V\u0113st\u012bjums par sevis pie\u0146em\u0161anu un iek\u0161\u0113jo br\u012bv\u012bbu<\/p>\n<p>Galven\u0101 dziesmas \u00abLet Them\u00bb ideja mudina klaus\u012bt\u0101jus iem\u0101c\u012bties atlaist un ne\u013cauties kritikai, skaud\u012bbai vai citu cilv\u0113ku negat\u012bvajai ietekmei. T\u0101 ir aicin\u0101jums tic\u0113t sev, saviem sap\u0146iem un v\u0113rt\u012bb\u0101m, ne\u013caujot \u0101r pasaulei noteikt, k\u0101 ir pareizi dz\u012bvot. \u00abDe Mantra\u00bb dal\u012bbnieces uzsver, ka nevajadz\u0113tu person\u012bgi uztvert citu cilv\u0113ku probl\u0113mas un nepamatotus spriedumus, jo tas pat\u0113r\u0113 v\u0113rt\u012bgo laiku, ko var\u0113tu ieguld\u012bt sevis att\u012bst\u012bb\u0101. T\u0101 viet\u0101, lai c\u012bn\u012btos ar to, ko nevaram kontrol\u0113t, lab\u0101k \u013cauties \u2013 \u00ablet them\u00bb \u2013 un dz\u012bvot savu dz\u012bvi, ticot sev.<\/p>\n<blockquote>\n<p>&#8220;Dz\u012bvojam laik\u0101, kad ir viegl\u0101k redz\u0113t citu dz\u012bves nek\u0101 pa\u0161iem piedz\u012bvot sav\u0113jo. Soci\u0101lie t\u012bkli bie\u017ei rada il\u016bziju, kas ved pie sal\u012bdzin\u0101\u0161anas un negat\u012bvisma. M\u0113s grib\u0113j\u0101m par\u0101d\u012bt, ka lab\u0101kais veids ir vienk\u0101r\u0161i \u013caut vi\u0146iem &#8211; &#8220;let them&#8221; -, un dz\u012bvot savu dz\u012bvi ar tic\u012bbu sev,&#8221; st\u0101sta dueta dal\u012bbnieces.<\/p>\n<\/blockquote>\n<p>M\u016bzikas eksperiments un rado\u0161\u0101 sadarb\u012bba<\/p>\n<p>\u00abDe Mantra\u00bb m\u016bzikas skan\u0113jums ir dv\u0113selisks un emocion\u0101ls popm\u016bzikas paveids, kas tapis k\u0101 rado\u0161s eksperiments, neiev\u0113rojot \u017eanru ierobe\u017eojumus. Dziesmas gan v\u0101rdu, gan m\u016bzikas autories ir pa\u0161as m\u0101kslinieces. Studijas ierakst\u0101, miks\u0113\u0161an\u0101 un m\u0101ster\u0113\u0161an\u0101 sadarboj\u0101s producenti Armands Varslav\u0101ns un Edgars Vilc\u0101ns. Dziesmu papildina pa\u0161u rad\u012bts videoklips, pie kura film\u0113\u0161anas str\u0101d\u0101jis J\u0101nis V\u0101cers, bet mont\u0101\u017eu veidojusi Liene Leit\u0101ne.<\/p>\n","protected":false},"excerpt":{"rendered":"Jaunais singls un videoklips no \u00abDe Mantra\u00bb Latvie\u0161u m\u016bzikas duets \u00abDe Mantra\u00bb, ko veido Liene Leit\u0101ne un Madara&hellip;\n","protected":false},"author":2,"featured_media":31707,"comment_status":"","ping_status":"","sticky":false,"template":"","format":"standard","meta":{"footnotes":""},"categories":[19],"tags":[6440,89,90,440,35,39,38,194,36,37,34,6441,40,441],"class_list":{"0":"post-31706","1":"post","2":"type-post","3":"status-publish","4":"format-standard","5":"has-post-thumbnail","7":"category-izklaide","8":"tag-de-mantra","9":"tag-entertainment","10":"tag-izklaide","11":"tag-jauns-singls","12":"tag-latvia","13":"tag-latvian","14":"tag-latviesu","15":"tag-latviesu-muzika","16":"tag-latviesu-valoda","17":"tag-latviesuvaloda","18":"tag-latvija","19":"tag-let-them","20":"tag-lv","21":"tag-videoklips"},"share_on_mastodon":{"url":"https:\/\/pubeurope.com\/@lv\/115441670745481336","error":""},"_links":{"self":[{"href":"https:\/\/www.europesays.com\/lv\/wp-json\/wp\/v2\/posts\/31706","targetHints":{"allow":["GET"]}}],"collection":[{"href":"https:\/\/www.europesays.com\/lv\/wp-json\/wp\/v2\/posts"}],"about":[{"href":"https:\/\/www.europesays.com\/lv\/wp-json\/wp\/v2\/types\/post"}],"author":[{"embeddable":true,"href":"https:\/\/www.europesays.com\/lv\/wp-json\/wp\/v2\/users\/2"}],"replies":[{"embeddable":true,"href":"https:\/\/www.europesays.com\/lv\/wp-json\/wp\/v2\/comments?post=31706"}],"version-history":[{"count":0,"href":"https:\/\/www.europesays.com\/lv\/wp-json\/wp\/v2\/posts\/31706\/revisions"}],"wp:featuredmedia":[{"embeddable":true,"href":"https:\/\/www.europesays.com\/lv\/wp-json\/wp\/v2\/media\/31707"}],"wp:attachment":[{"href":"https:\/\/www.europesays.com\/lv\/wp-json\/wp\/v2\/media?parent=31706"}],"wp:term":[{"taxonomy":"category","embeddable":true,"href":"https:\/\/www.europesays.com\/lv\/wp-json\/wp\/v2\/categories?post=31706"},{"taxonomy":"post_tag","embeddable":true,"href":"https:\/\/www.europesays.com\/lv\/wp-json\/wp\/v2\/tags?post=31706"}],"curies":[{"name":"wp","href":"https:\/\/api.w.org\/{rel}","templated":true}]}}