{"id":31710,"date":"2025-10-26T17:39:09","date_gmt":"2025-10-26T17:39:09","guid":{"rendered":"https:\/\/www.europesays.com\/lv\/31710\/"},"modified":"2025-10-26T17:39:09","modified_gmt":"2025-10-26T17:39:09","slug":"17-spilgtas-kolekcijas-un-jaunu-talantu-debija-lente-lv","status":"publish","type":"post","link":"https:\/\/www.europesays.com\/lv\/31710\/","title":{"rendered":"17 Spilgtas Kolekcijas Un Jaunu Talantu Debija\u00a0\u2014\u00a0Lente.lv"},"content":{"rendered":"<p>R\u012bgas Modes Ned\u0113\u013cas Nosl\u0113gums: 17 Kolekciju Svin\u012bbas un Jaunu Talantu Atkl\u0101smes<\/p>\n<p>R\u012bgas modes ned\u0113\u013ca (RFW) ir nosl\u0113gusies, atst\u0101jot aiz sevis elpu aizraujo\u0161u iedvesmas, rado\u0161uma un est\u0113tikas virpuli. Piecas dienas, no 20. l\u012bdz 24. oktobrim, pils\u0113tas goda vietu ie\u0146\u0113ma modes inov\u0101cijas, uz skatuves demonstr\u0113jot 17 kolekcijas. \u0160ogad pas\u0101kums izc\u0113l\u0101s ar iev\u0113rojamu starptautisku kl\u0101tb\u016btni, pulc\u0113jot dizainerus no Latvijas, Igaunijas, Lietuvas, Polijas, Be\u013c\u0123ijas un pat Uzbekist\u0101nas, apliecinot Baltijas modes re\u0123iona pieaugo\u0161o noz\u012bm\u012bgumu glob\u0101laj\u0101 ain\u0101. \u0160\u012b sezona \u012bpa\u0161i atz\u012bm\u0113jama k\u0101 \u201cdebijas sezona\u201d, jo veseli 12 z\u012bmoli uz RFW skatuves k\u0101pa pirmo reizi, nesot svaigas v\u012bzijas un drosm\u012bgus dizainus, kas atspogu\u013co aktu\u0101l\u0101k\u0101s modes tendences un tendenci uz rado\u0161o direktoru mai\u0146\u0101m pasaules modes metropol\u0113s.<\/p>\n<p>Jauno Talantu Uzplaukums un Starptautiskais Spektrs<\/p>\n<p>Starp debitantiem, kas modin\u0101ja publikas interesi, bija Latvijas dizainere Megija Lu\u012bze Pud\u0101ne ar z\u012bmolu \u201cStudio MX\u201d, kura izgl\u012btoj\u0101s presti\u017eaj\u0101 Par\u012bzes Modes skol\u0101. T\u0101pat uzman\u012bbu piesaist\u012bja Karina Kelle ar saviem unik\u0101lajiem apgleznotajiem kimono un \u201cTreimane Studio\u201d, kas prezent\u0113ja kapsulas kolekciju, rad\u012btu no ilgtsp\u0113j\u012bgiem materi\u0101liem, uzsverot atbild\u012bgas modes noz\u012bm\u012bgumu. \u0160\u012b dinamisk\u0101 jaun\u0101s paaudzes dizaineru par\u0101d\u012b\u0161an\u0101s liecina par modes industrijas nep\u0101rtraukto att\u012bst\u012bbu un sp\u0113ju piel\u0101goties jaun\u0101m idej\u0101m un tehnolo\u0123ij\u0101m. R\u012bga stingri nostiprina savu poz\u012bciju k\u0101 modes centru, kur\u0101 satiekas trad\u012bcijas un inov\u0101cijas. Uz RFW skatuves redz\u0113ti ar\u012b atpaz\u012bstami starptautiski z\u012bmoli, piem\u0113ram, \u201cSzczygiel\u201d no Polijas, \u201cMoel Bosh\u201d no Uzbekist\u0101nas un \u201cPohjanheimo\u201d no Igaunijas, k\u0101 ar\u012b igau\u0146u dizaineru kolekt\u012bvs \u201cEmbassy of Fashion Atelier\u201d. Jaunums \u0161aj\u0101 sezon\u0101 bija ar\u012b lietuvie\u0161u stilista K\u0119sta Rimd\u017eus un uzbeku z\u012bmola Mursak performances, kas piev\u0113r\u0161as amatniec\u012bbas trad\u012bcij\u0101m.<\/p>\n<p>Ilgtsp\u0113j\u012bba un N\u0101kotnes V\u012bzijas Modes Dizain\u0101<\/p>\n<p>R\u012bgas modes ned\u0113\u013ca \u0161ogad \u012bpa\u0161i akcent\u0113ja ilgtsp\u0113j\u012bgas att\u012bst\u012bbas principus. Vair\u0101ki dizaineri sav\u0101s kolekcij\u0101s izmantoja videi draudz\u012bgus materi\u0101lus, atjaunojamus resursus un p\u0101rstr\u0101d\u0101tus audumus, demonstr\u0113jot, ka modes industrij\u0101 arvien vair\u0101k piev\u0113r\u0161as atbild\u012bgam pat\u0113ri\u0146am un ra\u017eo\u0161anai. \u0160\u012b tendence atspogu\u013co pla\u0161\u0101ku glob\u0101lo p\u0101rmai\u0146u procesu, kur\u0101 pat\u0113r\u0113t\u0101ji arvien vair\u0101k pieprasa produktus, kas rada maz\u0101ku kait\u0113jumu videi. Dizaineri eksperiment\u0113 ar klasiskiem siluetiem, ienesot tajos jaunus, inovat\u012bvus elementus un apzin\u0101ti veidojot t\u0113rpus, kas ir ne tikai est\u0113tiski pievilc\u012bgi, bet ar\u012b ilgtsp\u0113j\u012bgi. Tas ir apliecin\u0101jums tam, ka mode var b\u016bt gan moderna, gan atbild\u012bga.<\/p>\n<p>Izgl\u012btojo\u0161as Iniciat\u012bvas un M\u0101kslas Siner\u0123ija<\/p>\n<p>Papildus modes skat\u0113m, RFW programma bija bag\u0101tin\u0101ta ar da\u017e\u0101d\u0101m izgl\u012btojo\u0161\u0101m iniciat\u012bv\u0101m un m\u0101kslas izst\u0101d\u0113m. Notika meistarklases, kas velt\u012btas modes fotogr\u0101fijas m\u0101kslai, k\u0101 ar\u012b rado\u0161\u0101s darbn\u012bcas par ap\u0123\u0113rbu otrreiz\u0113ju izmanto\u0161anu, sniedzot praktiskas zin\u0101\u0161anas un iedvesmu nozares profesion\u0101\u013ciem un entuziastiem. \u0160\u0101di pas\u0101kumi veicina diskusijas par modes lomu sabiedr\u012bb\u0101 un t\u0101s saist\u012bbu ar cit\u0101m rado\u0161aj\u0101m industrij\u0101m, radot unik\u0101lu platformu, kur\u0101 satiekas m\u0101ksla, dizains un inov\u0101cijas. R\u012bgas modes ned\u0113\u013ca ne tikai demonstr\u0113 jaun\u0101kos modes sasniegumus, bet ar\u012b kalpo k\u0101 svar\u012bga platforma diskusij\u0101m par modes n\u0101kotni un t\u0101s lomu m\u016bsdienu pasaul\u0113.<\/p>\n","protected":false},"excerpt":{"rendered":"R\u012bgas Modes Ned\u0113\u013cas Nosl\u0113gums: 17 Kolekciju Svin\u012bbas un Jaunu Talantu Atkl\u0101smes R\u012bgas modes ned\u0113\u013ca (RFW) ir nosl\u0113gusies, atst\u0101jot&hellip;\n","protected":false},"author":2,"featured_media":31711,"comment_status":"","ping_status":"","sticky":false,"template":"","format":"standard","meta":{"footnotes":""},"categories":[19],"tags":[89,9406,90,7504,35,39,38,36,37,34,40,3425,3058,8281],"class_list":{"0":"post-31710","1":"post","2":"type-post","3":"status-publish","4":"format-standard","5":"has-post-thumbnail","7":"category-izklaide","8":"tag-entertainment","9":"tag-ilgtspejiga-mode","10":"tag-izklaide","11":"tag-jaunie-talanti","12":"tag-latvia","13":"tag-latvian","14":"tag-latviesu","15":"tag-latviesu-valoda","16":"tag-latviesuvaloda","17":"tag-latvija","18":"tag-lv","19":"tag-modes-dizains","20":"tag-modes-tendences","21":"tag-rigas-modes-nedela"},"share_on_mastodon":{"url":"https:\/\/pubeurope.com\/@lv\/115441694330247520","error":""},"_links":{"self":[{"href":"https:\/\/www.europesays.com\/lv\/wp-json\/wp\/v2\/posts\/31710","targetHints":{"allow":["GET"]}}],"collection":[{"href":"https:\/\/www.europesays.com\/lv\/wp-json\/wp\/v2\/posts"}],"about":[{"href":"https:\/\/www.europesays.com\/lv\/wp-json\/wp\/v2\/types\/post"}],"author":[{"embeddable":true,"href":"https:\/\/www.europesays.com\/lv\/wp-json\/wp\/v2\/users\/2"}],"replies":[{"embeddable":true,"href":"https:\/\/www.europesays.com\/lv\/wp-json\/wp\/v2\/comments?post=31710"}],"version-history":[{"count":0,"href":"https:\/\/www.europesays.com\/lv\/wp-json\/wp\/v2\/posts\/31710\/revisions"}],"wp:featuredmedia":[{"embeddable":true,"href":"https:\/\/www.europesays.com\/lv\/wp-json\/wp\/v2\/media\/31711"}],"wp:attachment":[{"href":"https:\/\/www.europesays.com\/lv\/wp-json\/wp\/v2\/media?parent=31710"}],"wp:term":[{"taxonomy":"category","embeddable":true,"href":"https:\/\/www.europesays.com\/lv\/wp-json\/wp\/v2\/categories?post=31710"},{"taxonomy":"post_tag","embeddable":true,"href":"https:\/\/www.europesays.com\/lv\/wp-json\/wp\/v2\/tags?post=31710"}],"curies":[{"name":"wp","href":"https:\/\/api.w.org\/{rel}","templated":true}]}}