{"id":31720,"date":"2025-10-26T17:55:08","date_gmt":"2025-10-26T17:55:08","guid":{"rendered":"https:\/\/www.europesays.com\/lv\/31720\/"},"modified":"2025-10-26T17:55:08","modified_gmt":"2025-10-26T17:55:08","slug":"no-nakama-gada-pieaugs-suna-turesanas-nodeva-liepaja","status":"publish","type":"post","link":"https:\/\/www.europesays.com\/lv\/31720\/","title":{"rendered":"No n\u0101kam\u0101 gada pieaugs su\u0146a tur\u0113\u0161anas nodeva Liep\u0101j\u0101"},"content":{"rendered":"<p>&#8220;Lai veicin\u0101tu atbild\u012bgu attieksmi pret m\u0101jdz\u012bvniekiem, r\u016bp\u0113tos par sabiedrisko k\u0101rt\u012bbu un sakoptu pils\u0113tvidi, k\u0101 ar\u012b nodro\u0161in\u0101tu skaidrus un iedz\u012bvot\u0101jiem saprotamus noteikumus dz\u012bvnieku tur\u0113\u0161an\u0101&#8221;, Liep\u0101j\u0101 st\u0101ju\u0161ies sp\u0113k\u0101 jauni saisto\u0161ie noteikumi, kas preciz\u0113 pras\u012bbas m\u0101jdz\u012bvnieku apr\u016bp\u0113 un uzraudz\u012bb\u0101, maina su\u0146a tur\u0113\u0161anas nodevas apm\u0113ru un ievie\u0161 jaunus atvieglojumus iedz\u012bvot\u0101jiem.<\/p>\n<p>Noteikumi skaidri nosaka pien\u0101kumus gan dz\u012bvnieku \u012bpa\u0161niekiem, gan person\u0101m, kuras r\u016bp\u0113jas par bezsaimnieka dz\u012bvniekiem, veicinot atbild\u012bgu un savstarp\u0113ji cie\u0146pilnu l\u012bdz\u0101spast\u0101v\u0113\u0161anu sabiedr\u012bb\u0101. Tie paredz konkr\u0113tas pras\u012bbas dz\u012bvnieku apr\u016bp\u0113, inform\u0113 par pien\u0101kumiem pazu\u0161anas gad\u012bjum\u0101 un baro\u0161anas vietu uztur\u0113\u0161an\u0101.<\/p>\n<p>Ja m\u0101jdz\u012bvnieks paz\u016bd, \u012bpa\u0161niekam par to nekav\u0113joties j\u0101zi\u0146o dz\u012bvnieku patversmei &#8220;Lauvas sirds&#8221; vai Liep\u0101jas pa\u0161vald\u012bbas policijai, lai atvieglotu dz\u012bvnieka mekl\u0113\u0161anu un \u0101tr\u0101ku atgrie\u0161anu m\u0101j\u0101s.<\/p>\n<p>T\u0101pat noteikts, ka ar su\u0146iem at\u013cauts uztur\u0113ties vis\u0101s publiskaj\u0101s viet\u0101s, iz\u0146emot peldvietas un teritorijas ar uzst\u0101d\u012bt\u0101m aizlieguma z\u012bm\u0113m. \u0100rpus sava \u012bpa\u0161uma teritorijas suns oblig\u0101ti j\u0101ved pavad\u0101, iz\u0146emot specializ\u0113tos pastaigu laukumus, kur dz\u012bvnieks dr\u012bkst br\u012bvi kust\u0113ties.<\/p>\n<p>Liep\u0101j\u0101 darbojas tr\u012bs su\u0146u pastaigu laukumi &#8211; Cieceres iel\u0101 21, Zvejnieku alej\u0101 11a un 14. novembra bulv\u0101r\u012b 29 pie dz\u012bvnieku patversmes &#8220;Lauvas sirds&#8221;. Laukums 14. novembra bulv\u0101r\u012b ir pieejams patversmes darba laik\u0101.<\/p>\n","protected":false},"excerpt":{"rendered":"&#8220;Lai veicin\u0101tu atbild\u012bgu attieksmi pret m\u0101jdz\u012bvniekiem, r\u016bp\u0113tos par sabiedrisko k\u0101rt\u012bbu un sakoptu pils\u0113tvidi, k\u0101 ar\u012b nodro\u0161in\u0101tu skaidrus un&hellip;\n","protected":false},"author":2,"featured_media":31721,"comment_status":"","ping_status":"","sticky":false,"template":"","format":"standard","meta":{"footnotes":""},"categories":[12],"tags":[23,28,29,32,33,22,30,31,35,39,38,36,37,34,444,40,20,26,27,5942,24,25,9537,21],"class_list":{"0":"post-31720","1":"post","2":"type-post","3":"status-publish","4":"format-standard","5":"has-post-thumbnail","7":"category-latvija","8":"tag-aktualitates","9":"tag-breaking-news","10":"tag-breakingnews","11":"tag-featured-news","12":"tag-featurednews","13":"tag-headlines","14":"tag-latest-news","15":"tag-latestnews","16":"tag-latvia","17":"tag-latvian","18":"tag-latviesu","19":"tag-latviesu-valoda","20":"tag-latviesuvaloda","21":"tag-latvija","22":"tag-liepaja","23":"tag-lv","24":"tag-news","25":"tag-popularakas-zinas","26":"tag-popularakaszinas","27":"tag-suni","28":"tag-top-stories","29":"tag-topstories","30":"tag-uzturesanas-atlaujas","31":"tag-zinas"},"share_on_mastodon":{"url":"https:\/\/pubeurope.com\/@lv\/115441757269055736","error":""},"_links":{"self":[{"href":"https:\/\/www.europesays.com\/lv\/wp-json\/wp\/v2\/posts\/31720","targetHints":{"allow":["GET"]}}],"collection":[{"href":"https:\/\/www.europesays.com\/lv\/wp-json\/wp\/v2\/posts"}],"about":[{"href":"https:\/\/www.europesays.com\/lv\/wp-json\/wp\/v2\/types\/post"}],"author":[{"embeddable":true,"href":"https:\/\/www.europesays.com\/lv\/wp-json\/wp\/v2\/users\/2"}],"replies":[{"embeddable":true,"href":"https:\/\/www.europesays.com\/lv\/wp-json\/wp\/v2\/comments?post=31720"}],"version-history":[{"count":0,"href":"https:\/\/www.europesays.com\/lv\/wp-json\/wp\/v2\/posts\/31720\/revisions"}],"wp:featuredmedia":[{"embeddable":true,"href":"https:\/\/www.europesays.com\/lv\/wp-json\/wp\/v2\/media\/31721"}],"wp:attachment":[{"href":"https:\/\/www.europesays.com\/lv\/wp-json\/wp\/v2\/media?parent=31720"}],"wp:term":[{"taxonomy":"category","embeddable":true,"href":"https:\/\/www.europesays.com\/lv\/wp-json\/wp\/v2\/categories?post=31720"},{"taxonomy":"post_tag","embeddable":true,"href":"https:\/\/www.europesays.com\/lv\/wp-json\/wp\/v2\/tags?post=31720"}],"curies":[{"name":"wp","href":"https:\/\/api.w.org\/{rel}","templated":true}]}}