{"id":31722,"date":"2025-10-26T17:57:07","date_gmt":"2025-10-26T17:57:07","guid":{"rendered":"https:\/\/www.europesays.com\/lv\/31722\/"},"modified":"2025-10-26T17:57:07","modified_gmt":"2025-10-26T17:57:07","slug":"operdziedatajai-marinai-rebekai-pieskirts-nacionalais-ordenis-maksla-un-literatura-lente-lv","status":"publish","type":"post","link":"https:\/\/www.europesays.com\/lv\/31722\/","title":{"rendered":"Operdzied\u0101t\u0101jai Marinai Rebekai pie\u0161\u0137irts Nacion\u0101lais ordenis m\u0101ksl\u0101 un literat\u016br\u0101\u00a0\u2014\u00a0Lente.lv"},"content":{"rendered":"<p>Latvijas operzvaigznei Marinai Rebekai pie\u0161\u0137irts presti\u017eais Francijas Nacion\u0101lais ordenis m\u0101ksl\u0101 un literat\u016br\u0101<\/p>\n<p>Izcil\u0101 latvie\u0161u dzied\u0101t\u0101ja Marina Rebeka sa\u0146\u0113musi augstu Francijas apbalvojumu \u2013 Nacion\u0101lo ordeni m\u0101ksl\u0101 un literat\u016br\u0101. Ceremonija norisin\u0101j\u0101s Latvijas Nacion\u0101laj\u0101 oper\u0101 un balet\u0101, kur Francijas v\u0113stnieks Latvij\u0101, Manuels Lafons Rapnuijs, pasniedza ordeni m\u0101ksliniecei, godinot vi\u0146as iev\u0113rojamo ieguld\u012bjumu fran\u010du operm\u016bzikas populariz\u0113\u0161an\u0101 un kult\u016bras sai\u0161u stiprin\u0101\u0161an\u0101 starp ab\u0101m valst\u012bm.<\/p>\n<p>\u0160is godpilnais apbalvojums ir ne tikai noz\u012bm\u012bgs pagodin\u0101jums Marinas Rebekas karjer\u0101, bet ar\u012b spilgts apliecin\u0101jums vi\u0146as starptautiskajam talantam un nopelniem pasaules m\u0101kslas ar\u0113n\u0101. Ordenis m\u0101ksl\u0101 un literat\u016br\u0101, kas dibin\u0101ts 1957. gad\u0101, ir Francijas valsts augst\u0101kais apbalvojums person\u012bb\u0101m, kuru darbi ir sniegu\u0161i \u012bpa\u0161u un noz\u012bm\u012bgu devumu m\u0101kslas un literat\u016bras jom\u0101. Marina Rebeka sa\u0146\u0113musi orde\u0146a kavalieres pak\u0101pi, kas ir nopietns apliecin\u0101jums vi\u0146as profesion\u0101laj\u0101m un m\u0101kslinieciskaj\u0101m kvalit\u0101t\u0113m.<\/p>\n<p>Ce\u013c\u0161 uz zvaigzn\u0113m un Francijas atzin\u012bbu<\/p>\n<p>Marina Rebeka, kas dzimusi R\u012bg\u0101 1980. gad\u0101, ir k\u013cuvusi par vienu no piepras\u012bt\u0101kaj\u0101m un atz\u012bt\u0101kaj\u0101m latvie\u0161u operdzied\u0101t\u0101j\u0101m pasaul\u0113. Vi\u0146as starptautisk\u0101 karjera uzplauka 2009. gad\u0101 Zalcburgas festiv\u0101l\u0101 ar izcilu Violetas lomas atveidojumu D\u017euzepes Verdi oper\u0101 \u201cTraviata\u201d. Kop\u0161 t\u0101 laika vi\u0146as karjera att\u012bst\u0101s ar iespaid\u012bgu tempu. Rebeka regul\u0101ri uzst\u0101jusies pasaules presti\u017e\u0101kajos opernamos un koncertz\u0101l\u0113s, tostarp \u0145ujorkas Metropoles oper\u0101, Mil\u0101nas \u201cLa Scala\u201d, Londonas Karaliskaj\u0101 Koventg\u0101rdena oper\u0101, V\u012bnes Valsts oper\u0101 un daudz\u0101s cit\u0101s.<\/p>\n<p>Francijas publika \u012bpa\u0161i nov\u0113rt\u0113jusi vi\u0146as sniegumu fran\u010du operu lom\u0101s. Dzied\u0101t\u0101jas repertu\u0101r\u0101 ir vair\u0101kas fran\u010du komponistu darbu interpret\u0101cijas, piem\u0113ram, Margar\u0113tas loma \u0160arla Guno oper\u0101 \u201cFausts\u201d, D\u017euljetas loma Guno \u201cRomeo un D\u017euljet\u0101\u201d, Leila \u017dor\u017ea Biz\u0113 oper\u0101 \u201cP\u0113r\u013cu zvejnieki\u201d, Mika\u0113la loma Biz\u0113 \u201cKarmen\u0101\u201d un citas. Pirms \u0161\u012b apbalvojuma vi\u0146a jau ieguvusi vair\u0101kus citus noz\u012bm\u012bgus apbalvojumus, tostarp Triju Zvaig\u017e\u0146u ordeni un Izcil\u012bbas balvu kult\u016br\u0101 2020. gad\u0101. T\u0101pat vi\u0146a ir vair\u0101ku presti\u017eu balvu laure\u0101te, tostarp ieguvusi \u201cGada lab\u0101k\u0101s dzied\u0101t\u0101jas\u201d titulu Starptautiskaj\u0101 Klasisk\u0101s m\u016bzikas balv\u0101.<\/p>\n<p>Francijas Nacion\u0101lais ordenis \u2013 nov\u0113rt\u0113jums m\u0101kslai un kult\u016brai<\/p>\n<p>Ordenis m\u0101ksl\u0101 un literat\u016br\u0101 tika dibin\u0101ts 1957. gad\u0101, un tas ir noz\u012bm\u012bgs Francijas valsts apbalvojums, kas apliecina atzin\u012bbu par person\u012bb\u0101m, kuru rado\u0161ie darbi un ieguld\u012bjums ir b\u016btiski veicin\u0101ju\u0161i m\u0101kslas un literat\u016bras att\u012bst\u012bbu un populariz\u0113\u0161anu. T\u0101 pie\u0161\u0137ir\u0161ana Marinas Rebekas ir apliecin\u0101jums vi\u0146as centieniem ne tikai izcili izpild\u012bt lomas, bet ar\u012b veicin\u0101t kult\u016bras dialogu un savstarp\u0113jo izpratni starp taut\u0101m, \u012bpa\u0161i starp Latviju un Franciju. V\u0113stnieks Manuels Lafons Rapnuijs pasnieg\u0161anas ceremonij\u0101 uzsv\u0113ra Rebekas noz\u012bm\u012bgo lomu fran\u010du operm\u016bzikas populariz\u0113\u0161an\u0101 un veiksm\u012bgo sadarb\u012bbu ar Francijas operte\u0101triem un koncertz\u0101l\u0113m.<\/p>\n<p>Marina Rebeka, kura ir ar\u012b veiksm\u012bga ierakstu izdevniec\u012bbas \u201cPrima Classic\u201d dibin\u0101t\u0101ja, turpina savu spo\u017eo karjeru, aizvien uzst\u0101joties pasaules vado\u0161ajos opernamos un piedaloties da\u017e\u0101dos kult\u016bras projektos, apliecinot savu neapturamo talantu un aizraut\u012bbu pret m\u0101kslu.<\/p>\n","protected":false},"excerpt":{"rendered":"Latvijas operzvaigznei Marinai Rebekai pie\u0161\u0137irts presti\u017eais Francijas Nacion\u0101lais ordenis m\u0101ksl\u0101 un literat\u016br\u0101 Izcil\u0101 latvie\u0161u dzied\u0101t\u0101ja Marina Rebeka sa\u0146\u0113musi&hellip;\n","protected":false},"author":2,"featured_media":31723,"comment_status":"","ping_status":"","sticky":false,"template":"","format":"standard","meta":{"footnotes":""},"categories":[19],"tags":[89,9538,9540,90,35,39,38,36,37,34,160,40,7288,9539],"class_list":{"0":"post-31722","1":"post","2":"type-post","3":"status-publish","4":"format-standard","5":"has-post-thumbnail","7":"category-izklaide","8":"tag-entertainment","9":"tag-francijas-nacionalais-ordenis-maksla-un-literatura","10":"tag-francijas-vestnieks-latvija","11":"tag-izklaide","12":"tag-latvia","13":"tag-latvian","14":"tag-latviesu","15":"tag-latviesu-valoda","16":"tag-latviesuvaloda","17":"tag-latvija","18":"tag-latvijas-kultura","19":"tag-lv","20":"tag-marina-rebeka","21":"tag-operdziedataja"},"share_on_mastodon":{"url":"https:\/\/pubeurope.com\/@lv\/115441765122339502","error":""},"_links":{"self":[{"href":"https:\/\/www.europesays.com\/lv\/wp-json\/wp\/v2\/posts\/31722","targetHints":{"allow":["GET"]}}],"collection":[{"href":"https:\/\/www.europesays.com\/lv\/wp-json\/wp\/v2\/posts"}],"about":[{"href":"https:\/\/www.europesays.com\/lv\/wp-json\/wp\/v2\/types\/post"}],"author":[{"embeddable":true,"href":"https:\/\/www.europesays.com\/lv\/wp-json\/wp\/v2\/users\/2"}],"replies":[{"embeddable":true,"href":"https:\/\/www.europesays.com\/lv\/wp-json\/wp\/v2\/comments?post=31722"}],"version-history":[{"count":0,"href":"https:\/\/www.europesays.com\/lv\/wp-json\/wp\/v2\/posts\/31722\/revisions"}],"wp:featuredmedia":[{"embeddable":true,"href":"https:\/\/www.europesays.com\/lv\/wp-json\/wp\/v2\/media\/31723"}],"wp:attachment":[{"href":"https:\/\/www.europesays.com\/lv\/wp-json\/wp\/v2\/media?parent=31722"}],"wp:term":[{"taxonomy":"category","embeddable":true,"href":"https:\/\/www.europesays.com\/lv\/wp-json\/wp\/v2\/categories?post=31722"},{"taxonomy":"post_tag","embeddable":true,"href":"https:\/\/www.europesays.com\/lv\/wp-json\/wp\/v2\/tags?post=31722"}],"curies":[{"name":"wp","href":"https:\/\/api.w.org\/{rel}","templated":true}]}}