{"id":31726,"date":"2025-10-26T18:01:14","date_gmt":"2025-10-26T18:01:14","guid":{"rendered":"https:\/\/www.europesays.com\/lv\/31726\/"},"modified":"2025-10-26T18:01:14","modified_gmt":"2025-10-26T18:01:14","slug":"raimondam-paulam-pieskir-triju-zvaigznu-ordena-augstako-pirmo-skiru","status":"publish","type":"post","link":"https:\/\/www.europesays.com\/lv\/31726\/","title":{"rendered":"Raimondam Paulam pie\u0161\u0137ir Triju zvaig\u017e\u0146u orde\u0146a augst\u0101ko \u2013 pirmo \u0161\u0137iru"},"content":{"rendered":"<p>Maestro zi\u0146u par gaid\u0101mo apbalvojumu sa\u0146\u0113mis, br\u012bdi kad c\u012bn\u012bj\u0101s ar vesel\u012bbas likst\u0101m.<\/p>\n<p>&#8220;Man pazi\u0146oja taj\u0101 moment\u0101, kad man vien\u012bgais gandar\u012bjums bija, ka es v\u0113l dz\u012bvs paliku,&#8221; sac\u012bja Pauls.<\/p>\n<p>Maestro sp\u0113l\u0113tie koncerti vienm\u0113r ir \u013cau\u017eu p\u0101rpild\u012bti, tostarp sestdien aizvad\u012bta izr\u0101de &#8220;\u0160ek\u0161p\u012brs. Soneti&#8221;, kur\u0101 kop\u0101 ar Maestro piedal\u012bj\u0101s ar\u012b m\u016bzi\u0137is Intars Busulis un aktieris Andris Kei\u0161s. Skat\u012bt\u0101ju vid\u016b bija ar\u012b Valsts prezidents Edgars Rink\u0113vi\u010ds.<\/p>\n<p>Orde\u0146u kapituls atz\u012bm\u0113, ka ar augst\u0101kajiem Latvijas valsts apbalvojumiem apbalvoti visda\u017e\u0101d\u0101ko jomu p\u0101rst\u0101vji, kuru godpr\u0101t\u012bgais profesion\u0101lais darbs un sabiedriskais veikums valsts m\u0113rog\u0101 ir sevi\u0161\u0137i noz\u012bm\u012bgs.<\/p>\n<p>Tie ir cilv\u0113ki, kuru m\u0113r\u0137tiec\u012bg\u0101 darb\u012bba, akt\u012bv\u0101 pilsonisk\u0101 st\u0101ja, drosme un pa\u0161aizliedz\u012bba stiprina m\u016bsu Latviju un ir augst\u0101k\u0101s valsts atzin\u012bbas v\u0113rta un godin\u0101ma. Cilv\u0113ki, kuru izcilais talants un rado\u0161ais devums ir guvis pla\u0161u starptautisku atzin\u012bbu un ir noz\u012bm\u012bgs ieguld\u012bjums Latvijas t\u0113la veido\u0161an\u0101 pasaul\u0113. Tie ir cilv\u0113ki, kuru m\u016b\u017ea veikums ir ietekm\u0113jis visu Latvijas sabiedr\u012bbu.<\/p>\n<p>Apbalvoto personu vid\u016b ir izgl\u012bt\u012bbas, zin\u0101tnes, medic\u012bnas, kult\u016bras un m\u0101kslas darbinieki, sportisti, uz\u0146\u0113m\u0113ji, sabiedriskie darbinieki, Nacion\u0101lo bru\u0146oto sp\u0113ku karav\u012bri un zemessargi, Valsts policijas amatpersonas, valsts robe\u017esargi, kuri stiprina m\u016bsu valsts dro\u0161\u012bbu, aizsardz\u012bbas sp\u0113jas un sarg\u0101 m\u016bsu Latviju.<\/p>\n<p>Augst\u0101ko valsts apbalvojumu \u2013 Triju Zvaig\u017e\u0146u orde\u0146a, Viestura orde\u0146a un Atzin\u012bbas krusta \u2013 svin\u012bg\u0101 pasnieg\u0161anas ceremonija pl\u0101nota Latvijas Republikas Proklam\u0113\u0161anas 107. gadadien\u0101, 2025. gada 18. novembr\u012b, plkst. 15.30, R\u012bgas pil\u012b. Ceremonija tie\u0161raid\u0113 tiks transl\u0113ta Latvijas Telev\u012bzijas 1. kan\u0101l\u0101.<\/p>\n","protected":false},"excerpt":{"rendered":"Maestro zi\u0146u par gaid\u0101mo apbalvojumu sa\u0146\u0113mis, br\u012bdi kad c\u012bn\u012bj\u0101s ar vesel\u012bbas likst\u0101m. &#8220;Man pazi\u0146oja taj\u0101 moment\u0101, kad man&hellip;\n","protected":false},"author":2,"featured_media":31727,"comment_status":"","ping_status":"","sticky":false,"template":"","format":"standard","meta":{"footnotes":""},"categories":[12],"tags":[23,28,29,32,33,22,30,31,35,39,38,36,37,34,40,20,26,27,2672,24,25,9541,21],"class_list":{"0":"post-31726","1":"post","2":"type-post","3":"status-publish","4":"format-standard","5":"has-post-thumbnail","7":"category-latvija","8":"tag-aktualitates","9":"tag-breaking-news","10":"tag-breakingnews","11":"tag-featured-news","12":"tag-featurednews","13":"tag-headlines","14":"tag-latest-news","15":"tag-latestnews","16":"tag-latvia","17":"tag-latvian","18":"tag-latviesu","19":"tag-latviesu-valoda","20":"tag-latviesuvaloda","21":"tag-latvija","22":"tag-lv","23":"tag-news","24":"tag-popularakas-zinas","25":"tag-popularakaszinas","26":"tag-raimonds-pauls","27":"tag-top-stories","28":"tag-topstories","29":"tag-triju-zvaigznu-ordenis","30":"tag-zinas"},"share_on_mastodon":{"url":"https:\/\/pubeurope.com\/@lv\/115441780947154144","error":""},"_links":{"self":[{"href":"https:\/\/www.europesays.com\/lv\/wp-json\/wp\/v2\/posts\/31726","targetHints":{"allow":["GET"]}}],"collection":[{"href":"https:\/\/www.europesays.com\/lv\/wp-json\/wp\/v2\/posts"}],"about":[{"href":"https:\/\/www.europesays.com\/lv\/wp-json\/wp\/v2\/types\/post"}],"author":[{"embeddable":true,"href":"https:\/\/www.europesays.com\/lv\/wp-json\/wp\/v2\/users\/2"}],"replies":[{"embeddable":true,"href":"https:\/\/www.europesays.com\/lv\/wp-json\/wp\/v2\/comments?post=31726"}],"version-history":[{"count":0,"href":"https:\/\/www.europesays.com\/lv\/wp-json\/wp\/v2\/posts\/31726\/revisions"}],"wp:featuredmedia":[{"embeddable":true,"href":"https:\/\/www.europesays.com\/lv\/wp-json\/wp\/v2\/media\/31727"}],"wp:attachment":[{"href":"https:\/\/www.europesays.com\/lv\/wp-json\/wp\/v2\/media?parent=31726"}],"wp:term":[{"taxonomy":"category","embeddable":true,"href":"https:\/\/www.europesays.com\/lv\/wp-json\/wp\/v2\/categories?post=31726"},{"taxonomy":"post_tag","embeddable":true,"href":"https:\/\/www.europesays.com\/lv\/wp-json\/wp\/v2\/tags?post=31726"}],"curies":[{"name":"wp","href":"https:\/\/api.w.org\/{rel}","templated":true}]}}