{"id":31736,"date":"2025-10-26T18:07:07","date_gmt":"2025-10-26T18:07:07","guid":{"rendered":"https:\/\/www.europesays.com\/lv\/31736\/"},"modified":"2025-10-26T18:07:07","modified_gmt":"2025-10-26T18:07:07","slug":"sinoptiku-laika-prognoze-nakamajai-nedelai-apollo-lv","status":"publish","type":"post","link":"https:\/\/www.europesays.com\/lv\/31736\/","title":{"rendered":"Sinopti\u0137u laika prognoze n\u0101kamajai ned\u0113\u013cai &#8211; Apollo.lv"},"content":{"rendered":"<ol>\n<li><a href=\"https:\/\/news.google.com\/rss\/articles\/CBMifEFVX3lxTFBSUjJUd3BpR3VKTlhhR3NPTmVhU2pKYmhoZlY1Q24yREJEVFZIR1VJNVR4c3NVb3B5UlNDdFBTelpMVW9JbkIweHJ5VlVyaG1ta1oyN01kZFc1cGloYmFwN2w4SzI2emhTeU9sYW50OTVjTkYzV1pNV2VBZW0?oc=5\" target=\"_blank\" rel=\"nofollow noopener\">Sinopti\u0137u laika prognoze n\u0101kamajai ned\u0113\u013cai<\/a>&nbsp;&nbsp;Apollo.lv<\/li>\n<li><a href=\"https:\/\/news.google.com\/rss\/articles\/CBMigwFBVV95cUxPckFzbU5LMjN1OWt0amNxUEJydk4zZnZ3eHNBeVQzMjQtNHB6b1lCLUpzS25lSUJ6N012OWtzREJ1U1ozeGRWdlhLSmZoRjB3NEo2YnUyVlFVbWZJcUhtSC1weWgwcmUxdjBYN1F3XzhueF9NbzY1T21KclcxckxXdExDYw?oc=5\" target=\"_blank\" rel=\"nofollow noopener\">Ar k\u0101diem laikapst\u0101k\u013ciem m\u016bs sveiks jaun\u0101 ned\u0113\u013ca?<\/a>&nbsp;&nbsp;TVNET<\/li>\n<li><a href=\"https:\/\/news.google.com\/rss\/articles\/CBMikAFBVV95cUxQbkE0cG5TNVpEZjlEbGVnVzVMWDBiOGJGeTJlTE0yOFNvclJoSHNyVTA1N0pod3RfZ1BNZ0xVck1jb2ZNM2lIOGE5Mnc2V0dJSmJ5ZEx3SkNIeWxueGRfN19rNUd2Rl9tSDdwUzZyTGg1RnRjYkdHUVVXa2tEVVBJb2s2OG5ncnBqcDd2OXBvTW0?oc=5\" target=\"_blank\" rel=\"nofollow noopener\">Dr\u0113gnais rudens piln\u0101 spar\u0101! Sinopti\u0137i atkl\u0101j, kas m\u016bs sagaida aiz loga<\/a>&nbsp;&nbsp;LA.LV<\/li>\n<li><a href=\"https:\/\/news.google.com\/rss\/articles\/CBMiggFBVV95cUxPSWVQODZkWVo1Q1pkNUFQRzg3bGdYblBEY1NpMHRERmpWX0lfVFBWb2hGcjhNUEtMaUwyeURQVzdHR0hYVkZJSTBzLVQ1ZDFMRjBUQ3U2QmhvTTF3ckhHbE9nVGRoZVNVVnE5RzZiME4tTWJ0SHRwLUZ2VHF5SmQ5cDZR?oc=5\" target=\"_blank\" rel=\"nofollow noopener\">K\u0101das ir sinopti\u0137u prognozes n\u0101kamajai ned\u0113\u013cai?<\/a>&nbsp;&nbsp;Apollo.lv<\/li>\n<li><a href=\"https:\/\/news.google.com\/rss\/articles\/CBMipwFBVV95cUxOZ29EbjNFRkYyS2NMb2FIWkp4WWpCT1JJYTBNbmEtM2x2MHhjVmhlbEdvcmZXbGpIT0dFb2VWNFFSTUNFY0JfcXhkVWhwaGdDYXRvUTJZYkR3eHlZN01CT2NTeExnSXctcjJNWjV0WHhCU2NJLUgtekdUbmk5SkUyQ3VYZXhobXdHSUNMN3RKRGdvcGNpZ0F4Yl9IazBsVmNCaGZUT2ttMA?oc=5\" target=\"_blank\" rel=\"nofollow noopener\">Nakt\u012b uz pirmdienu b\u016bs m\u0101ko\u0146ains un daudzviet l\u012bs<\/a>&nbsp;&nbsp;liepajniekiem.lv<\/li>\n<\/ol>\n","protected":false},"excerpt":{"rendered":"Sinopti\u0137u laika prognoze n\u0101kamajai ned\u0113\u013cai&nbsp;&nbsp;Apollo.lv Ar k\u0101diem laikapst\u0101k\u013ciem m\u016bs sveiks jaun\u0101 ned\u0113\u013ca?&nbsp;&nbsp;TVNET Dr\u0113gnais rudens piln\u0101 spar\u0101! Sinopti\u0137i atkl\u0101j,&hellip;\n","protected":false},"author":2,"featured_media":30540,"comment_status":"","ping_status":"","sticky":false,"template":"","format":"standard","meta":{"footnotes":""},"categories":[12],"tags":[23,28,29,32,33,22,396,397,30,31,35,39,38,36,37,34,40,20,26,27,155,24,25,21],"class_list":{"0":"post-31736","1":"post","2":"type-post","3":"status-publish","4":"format-standard","5":"has-post-thumbnail","7":"category-latvija","8":"tag-aktualitates","9":"tag-breaking-news","10":"tag-breakingnews","11":"tag-featured-news","12":"tag-featurednews","13":"tag-headlines","14":"tag-laika-zinas","15":"tag-laikapstakli","16":"tag-latest-news","17":"tag-latestnews","18":"tag-latvia","19":"tag-latvian","20":"tag-latviesu","21":"tag-latviesu-valoda","22":"tag-latviesuvaloda","23":"tag-latvija","24":"tag-lv","25":"tag-news","26":"tag-popularakas-zinas","27":"tag-popularakaszinas","28":"tag-rudens","29":"tag-top-stories","30":"tag-topstories","31":"tag-zinas"},"share_on_mastodon":{"url":"https:\/\/pubeurope.com\/@lv\/115441804432110306","error":""},"_links":{"self":[{"href":"https:\/\/www.europesays.com\/lv\/wp-json\/wp\/v2\/posts\/31736","targetHints":{"allow":["GET"]}}],"collection":[{"href":"https:\/\/www.europesays.com\/lv\/wp-json\/wp\/v2\/posts"}],"about":[{"href":"https:\/\/www.europesays.com\/lv\/wp-json\/wp\/v2\/types\/post"}],"author":[{"embeddable":true,"href":"https:\/\/www.europesays.com\/lv\/wp-json\/wp\/v2\/users\/2"}],"replies":[{"embeddable":true,"href":"https:\/\/www.europesays.com\/lv\/wp-json\/wp\/v2\/comments?post=31736"}],"version-history":[{"count":0,"href":"https:\/\/www.europesays.com\/lv\/wp-json\/wp\/v2\/posts\/31736\/revisions"}],"wp:featuredmedia":[{"embeddable":true,"href":"https:\/\/www.europesays.com\/lv\/wp-json\/wp\/v2\/media\/30540"}],"wp:attachment":[{"href":"https:\/\/www.europesays.com\/lv\/wp-json\/wp\/v2\/media?parent=31736"}],"wp:term":[{"taxonomy":"category","embeddable":true,"href":"https:\/\/www.europesays.com\/lv\/wp-json\/wp\/v2\/categories?post=31736"},{"taxonomy":"post_tag","embeddable":true,"href":"https:\/\/www.europesays.com\/lv\/wp-json\/wp\/v2\/tags?post=31736"}],"curies":[{"name":"wp","href":"https:\/\/api.w.org\/{rel}","templated":true}]}}