{"id":31739,"date":"2025-10-26T18:10:25","date_gmt":"2025-10-26T18:10:25","guid":{"rendered":"https:\/\/www.europesays.com\/lv\/31739\/"},"modified":"2025-10-26T18:10:25","modified_gmt":"2025-10-26T18:10:25","slug":"riga-kapteinis-cernomordijs-atklaj-cempiontitula-atgusanas-recepti-futbols-sportacentrs-com","status":"publish","type":"post","link":"https:\/\/www.europesays.com\/lv\/31739\/","title":{"rendered":"&#8220;Riga&#8221; kapteinis \u010cernomordijs atkl\u0101j \u010dempiontitula atg\u016b\u0161anas recepti \u2013 Futbols \u2013 Sportacentrs.com"},"content":{"rendered":"<p>&#8220;Starp tituliem bija pieci gadi, tas mums bija gr\u016bts laiks. Drusku jau aizmirsu to saj\u016btu, k\u0101 b\u016bt \u010dempionam, bet \u0161ogad jau sezonas vid\u016b jut\u0101m, ka esam tuvu un ka varam uzvar\u0113t. Redz\u0113j\u0101m, k\u0101 m\u0113s sp\u0113l\u0113jam, un mums bija p\u0101rliec\u012bba, ka varam to izdar\u012bt. Un \u0161odien to ar\u012b paveic\u0101m,&#8221; 29 gadus vecais daugavpilietis sac\u012bja port\u0101lam Sportacentrs.com.<\/p>\n<p>Ieskaitot ar\u012b superkausu, &#8220;Riga&#8221; sezonu s\u0101ka ar bilanci 2-3-2, ta\u010du kop\u0161 sensacion\u0101l\u0101 un nelo\u0123isk\u0101 zaud\u0113juma marta izska\u0146\u0101 &#8220;Daugavpilij&#8221; (1:2) Virsl\u012bg\u0101 nav zaud\u0113jusi jau 30 sp\u0113l\u0113s p\u0113c k\u0101rtas (26-4-0). Ja ieskaita ar\u012b Latvijas kausu un Eirokausu m\u0101jas sp\u0113les, tad &#8220;Riga&#8221; ofici\u0101l\u0101s sp\u0113l\u0113s Latvij\u0101 nav zaud\u0113jusi jau 36 sp\u0113l\u0113s p\u0113c k\u0101rtas (32-4-0). &#8220;Sezonas s\u0101kums m\u0101ksl\u012bgajos laukumos bija gr\u016bts, ner\u0101d\u012bj\u0101m p\u0101rliecino\u0161u sniegumu pat tad, kad uzvar\u0113j\u0101m, bet p\u0113c &#8220;Metta&#8221; [1:1] sp\u0113les aizg\u0101ja uzvaru s\u0113rija. Starpsezon\u0101 ielik\u0101m smagu darbu, un tas beig\u0101s ar\u012b atnesa aug\u013cus.&#8221;<\/p>\n<p>&#8220;Ar ko \u0161osezon bij\u0101m p\u0101r\u0101ki? Manupr\u0101t, bij\u0101m fiziski lab\u0101k sagatavoti. Var\u0113j\u0101m sp\u0113l\u0113s tur\u0113t augstu intensit\u0101ti, da\u017eas komandas nesp\u0113ja tur\u0113t mums l\u012bdzi. Tas bija viens no m\u016bsu iero\u010diem. Un, manupr\u0101t, \u0161osezon ar\u012b \u013coti labi aizg\u0101ja standartsitu\u0101cijas, ar kur\u0101m izvilk\u0101m \u013coti daudz sp\u0113\u013cu. Ja paskat\u0101mies tabul\u0101, tad \u0161ogad \u013coti liela starp\u012bba pret cit\u0101m komand\u0101m ir ielaistajos v\u0101rtos [&#8220;Riga&#8221; 34 sp\u0113les ielaidusi 21, RFS 33 sp\u0113l\u0113s ir 35, &#8220;Liep\u0101jai&#8221; pat 49 \u2013 A.S.] \u2013 ar\u012b kop\u0113jais aizsardz\u012bbas darbs \u0161ogad bija \u013coti labs. Tituli s\u0101kas ar aizsardz\u012bbu? Bet, protams! Ja laid\u012bsi katr\u0101 sp\u0113l\u0113, tad uzvar\u0113t b\u016bs \u013coti gr\u016bti.&#8221;<\/p>\n<p>Viena no r\u012bdzinieku atsl\u0113g\u0101m ir ar\u012b vesel\u012bba \u2013 pa\u0161laik savainojuma d\u0113\u013c gan nesp\u0113l\u0113 centra aizsargs Baba Mus\u0101, ta\u010du t\u0101 ir viena no retaj\u0101m \u0161\u012bs sezonas traum\u0101m, turkl\u0101t p\u0101rsvar\u0101 tie biju\u0161i \u012bstermi\u0146a gad\u012bjumi. &#8220;\u013boti daudz str\u0101d\u0101j\u0101m pirmssezon\u0101, daudz skr\u0113j\u0101m, daudz str\u0101d\u0101j\u0101m svaru z\u0101l\u0113 \u2013 tas viss pamats, ko ielik\u0101m pirmssezon\u0101, pal\u012bdz\u0113ja sezonai iziet cauri bez smag\u0101m traum\u0101m. Ar\u012b Babam savainojums nav tik nopietns. Tas ir \u013coti labi, ka mums san\u0101ca iztikt bez traum\u0101m, un ceru, ka t\u0101 ar\u012b turpin\u0101sim.&#8221;<\/p>\n<p>&#8220;Riga&#8221; trenerus main\u012bjusi k\u0101 ze\u0137es, bet ar ko tie\u0161i Adri\u0101nam Gu\u013cam izdevies paveikt to, kas neizdev\u0101s priek\u0161g\u0101j\u0113jiem? &#8220;Ar tic\u012bbu! Ar\u012b m\u0113s k\u0101 sp\u0113l\u0113t\u0101ji tic\u0113j\u0101m m\u016bsu procesam \u2013 ar\u012b gr\u016btos br\u012b\u017eos, kad daudzi varb\u016bt run\u0101ja, ka treneri t\u016bli\u0146, t\u016bli\u0146 atlaid\u012bs, bet m\u0113s kop\u012bgi izg\u0101j\u0101m no t\u0101s gr\u016bt\u0101s situ\u0101cijas un kop\u012bgi sasniedz\u0101m m\u0113r\u0137i. Mums ir komanda \u2013 mums nav atsevi\u0161\u0137u l\u012bderu, mums visi sit v\u0101rtus, visi str\u0101d\u0101 aizsardz\u012bb\u0101. \u0160osezon nevar izcelt k\u0101du \u012bpa\u0161i \u2013 \u0161ogad uzvar\u0113j\u0101m ar kop\u012bgu komandas darbu. Bij\u0101m ar\u012b salied\u0113t\u0101ki, jo daudz sp\u0113l\u0113t\u0101ju palika ar\u012b no iepriek\u0161\u0113j\u0101s sezonas, bet tie, kuri atn\u0101ca, \u0101tri iejut\u0101s komand\u0101. Bij\u0101m vair\u0101k kop\u0101 k\u0101 viena \u0123imene.&#8221;<\/p>\n<p>Titula atg\u016b\u0161ana noz\u012bm\u0113 ar\u012b to, ka n\u0101kamvasar tie\u0161i &#8220;Riga&#8221; sp\u0113l\u0113s \u010cempionu l\u012bg\u0101 un tiks pie \u010dempionu zara \u2013 pirmaj\u0101 k\u0101rt\u0101 r\u012bdzinieki, \u013coti iesp\u0113jams, b\u016bs izs\u0113to pulk\u0101, tom\u0113r situ\u0101ciju v\u0113l var ietekm\u0113t konkurentu sekmes \u0161\u012bs sezonas l\u012bgas f\u0101z\u0113 un izsl\u0113g\u0161anas c\u012b\u0146\u0101s. &#8220;M\u0113s gribam sp\u0113l\u0113t Eirop\u0101. Ja esam \u010dempioni, tad, protams, mums ir drusku viegl\u0101k un dr\u012bkstam ar\u012b k\u013c\u016bd\u012bties. M\u016bsu m\u0113r\u0137is bija k\u013c\u016bt par \u010dempioniem, lai sp\u0113l\u0113tu \u010cempionu l\u012bg\u0101, bet m\u016bsu galvenais m\u0113r\u0137is ir sp\u0113l\u0113t l\u012bgas f\u0101z\u0113 \u2013 ar otro vai tre\u0161o vietu to sasniegt ir daudz, daudz gr\u016bt\u0101k, visi to apzin\u0101mies. Neviens nesaka, ka m\u0113s tur ar\u012b iek\u013c\u016bsim, bet k\u0101 \u010dempioniem to izdar\u012bt noteikti ir viegl\u0101k.&#8221;<\/p>\n<p>&#8220;Sezona v\u0113l nav beigusies \u2013 tre\u0161dien priek\u0161\u0101 v\u0113l viena svar\u012bga sp\u0113le [kausa fin\u0101ls pret &#8220;Audu&#8221;], gribam pa\u0146emt ar\u012b kausu. Neviens nav teicis, ka mums tas kauss neb\u016btu vajadz\u012bgs. Gribam tikt pie dubulttrofejas. \u0160odien svinam, r\u012bt varb\u016bt v\u0113l b\u016bs br\u012bvdiena, bet par\u012bt jau gatavosimies kausa fin\u0101lam \u2013 tre\u0161dien atst\u0101sim visus sp\u0113kus,&#8221; vakar sac\u012bja \u010cernomordijs.<\/p>\n","protected":false},"excerpt":{"rendered":"&#8220;Starp tituliem bija pieci gadi, tas mums bija gr\u016bts laiks. Drusku jau aizmirsu to saj\u016btu, k\u0101 b\u016bt \u010dempionam,&hellip;\n","protected":false},"author":2,"featured_media":31740,"comment_status":"","ping_status":"","sticky":false,"template":"","format":"standard","meta":{"footnotes":""},"categories":[17],"tags":[676,35,39,38,36,37,34,40,67],"class_list":{"0":"post-31739","1":"post","2":"type-post","3":"status-publish","4":"format-standard","5":"has-post-thumbnail","7":"category-sports","8":"tag-futbols","9":"tag-latvia","10":"tag-latvian","11":"tag-latviesu","12":"tag-latviesu-valoda","13":"tag-latviesuvaloda","14":"tag-latvija","15":"tag-lv","16":"tag-sports"},"share_on_mastodon":{"url":"https:\/\/pubeurope.com\/@lv\/115441816246539850","error":""},"_links":{"self":[{"href":"https:\/\/www.europesays.com\/lv\/wp-json\/wp\/v2\/posts\/31739","targetHints":{"allow":["GET"]}}],"collection":[{"href":"https:\/\/www.europesays.com\/lv\/wp-json\/wp\/v2\/posts"}],"about":[{"href":"https:\/\/www.europesays.com\/lv\/wp-json\/wp\/v2\/types\/post"}],"author":[{"embeddable":true,"href":"https:\/\/www.europesays.com\/lv\/wp-json\/wp\/v2\/users\/2"}],"replies":[{"embeddable":true,"href":"https:\/\/www.europesays.com\/lv\/wp-json\/wp\/v2\/comments?post=31739"}],"version-history":[{"count":0,"href":"https:\/\/www.europesays.com\/lv\/wp-json\/wp\/v2\/posts\/31739\/revisions"}],"wp:featuredmedia":[{"embeddable":true,"href":"https:\/\/www.europesays.com\/lv\/wp-json\/wp\/v2\/media\/31740"}],"wp:attachment":[{"href":"https:\/\/www.europesays.com\/lv\/wp-json\/wp\/v2\/media?parent=31739"}],"wp:term":[{"taxonomy":"category","embeddable":true,"href":"https:\/\/www.europesays.com\/lv\/wp-json\/wp\/v2\/categories?post=31739"},{"taxonomy":"post_tag","embeddable":true,"href":"https:\/\/www.europesays.com\/lv\/wp-json\/wp\/v2\/tags?post=31739"}],"curies":[{"name":"wp","href":"https:\/\/api.w.org\/{rel}","templated":true}]}}