{"id":31747,"date":"2025-10-26T18:26:07","date_gmt":"2025-10-26T18:26:07","guid":{"rendered":"https:\/\/www.europesays.com\/lv\/31747\/"},"modified":"2025-10-26T18:26:07","modified_gmt":"2025-10-26T18:26:07","slug":"maestro-raimondam-paulam-pieskir-triju-zvaigznu-ordeni","status":"publish","type":"post","link":"https:\/\/www.europesays.com\/lv\/31747\/","title":{"rendered":"Maestro Raimondam Paulam pie\u0161\u0137ir Triju Zvaig\u017e\u0146u ordeni"},"content":{"rendered":"<p class=\"descr\">Saska\u0146\u0101 ar Orde\u0146u kapitula 2025. gada 21. oktobra l\u0113mumiem pie\u0161\u0137irti augst\u0101kie Latvijas valsts apbalvojumi \u2013 Triju Zvaig\u017e\u0146u ordenis, Viestura ordenis un Atzin\u012bbas krusts.<\/p>\n<p>Valsts prezidents Edgars Rink\u0113vi\u010ds un Orde\u0146u kapituls 2025. gada 21. oktobr\u012b atbilsto\u0161i Valsts apbalvojumu likuma 11. pantam nol\u0113ma par sevi\u0161\u0137iem nopelniem Latvijas valsts lab\u0101 apbalvot ar Triju Zvaig\u017e\u0146u ordeni un iecelt par Triju Zvaig\u017e\u0146u orde\u0146a lielkrusta komandieri: komponistu un pianistu Raimondu Paulu.<\/p>\n<p>Maestro zi\u0146u par gaid\u0101mo apbalvojumu sa\u0146\u0113mis, br\u012bdi kad c\u012bn\u012bj\u0101s ar vesel\u012bbas likst\u0101m, v\u0113sta LTV raid\u012bjums &#8220;Panorama&#8221;.<\/p>\n<p>&#8220;Man pazi\u0146oja taj\u0101 moment\u0101, kad man vien\u012bgais gandar\u012bjums bija, ka es v\u0113l dz\u012bvs paliku,&#8221; sac\u012bja Pauls.<\/p>\n<p>\t\t\t\t\t\tinfo<\/p>\n<p>Uzzini pirmais<br \/>kas interesants noticis Latvij\u0101 un pasaul\u0113,<br \/>pievienojoties mums <a href=\"https:\/\/t.me\/neatkariga\" rel=\"nofollow\">Telegram<\/a> vai <a href=\"https:\/\/whatsapp.com\/channel\/0029VaMLFUH5K3zLU5s4wm3y\" rel=\"nofollow noopener\" target=\"_blank\">Whatsapp<\/a> kan\u0101l\u0101<\/p>\n","protected":false},"excerpt":{"rendered":"Saska\u0146\u0101 ar Orde\u0146u kapitula 2025. gada 21. oktobra l\u0113mumiem pie\u0161\u0137irti augst\u0101kie Latvijas valsts apbalvojumi \u2013 Triju Zvaig\u017e\u0146u ordenis,&hellip;\n","protected":false},"author":2,"featured_media":31748,"comment_status":"","ping_status":"","sticky":false,"template":"","format":"standard","meta":{"footnotes":""},"categories":[5],"tags":[23,28,29,32,33,22,30,31,35,39,38,36,37,34,40,20,26,27,24,25,21],"class_list":{"0":"post-31747","1":"post","2":"type-post","3":"status-publish","4":"format-standard","5":"has-post-thumbnail","7":"category-aktualitates","8":"tag-aktualitates","9":"tag-breaking-news","10":"tag-breakingnews","11":"tag-featured-news","12":"tag-featurednews","13":"tag-headlines","14":"tag-latest-news","15":"tag-latestnews","16":"tag-latvia","17":"tag-latvian","18":"tag-latviesu","19":"tag-latviesu-valoda","20":"tag-latviesuvaloda","21":"tag-latvija","22":"tag-lv","23":"tag-news","24":"tag-popularakas-zinas","25":"tag-popularakaszinas","26":"tag-top-stories","27":"tag-topstories","28":"tag-zinas"},"share_on_mastodon":{"url":"https:\/\/pubeurope.com\/@lv\/115441879261516530","error":""},"_links":{"self":[{"href":"https:\/\/www.europesays.com\/lv\/wp-json\/wp\/v2\/posts\/31747","targetHints":{"allow":["GET"]}}],"collection":[{"href":"https:\/\/www.europesays.com\/lv\/wp-json\/wp\/v2\/posts"}],"about":[{"href":"https:\/\/www.europesays.com\/lv\/wp-json\/wp\/v2\/types\/post"}],"author":[{"embeddable":true,"href":"https:\/\/www.europesays.com\/lv\/wp-json\/wp\/v2\/users\/2"}],"replies":[{"embeddable":true,"href":"https:\/\/www.europesays.com\/lv\/wp-json\/wp\/v2\/comments?post=31747"}],"version-history":[{"count":0,"href":"https:\/\/www.europesays.com\/lv\/wp-json\/wp\/v2\/posts\/31747\/revisions"}],"wp:featuredmedia":[{"embeddable":true,"href":"https:\/\/www.europesays.com\/lv\/wp-json\/wp\/v2\/media\/31748"}],"wp:attachment":[{"href":"https:\/\/www.europesays.com\/lv\/wp-json\/wp\/v2\/media?parent=31747"}],"wp:term":[{"taxonomy":"category","embeddable":true,"href":"https:\/\/www.europesays.com\/lv\/wp-json\/wp\/v2\/categories?post=31747"},{"taxonomy":"post_tag","embeddable":true,"href":"https:\/\/www.europesays.com\/lv\/wp-json\/wp\/v2\/tags?post=31747"}],"curies":[{"name":"wp","href":"https:\/\/api.w.org\/{rel}","templated":true}]}}