{"id":31759,"date":"2025-10-26T18:37:13","date_gmt":"2025-10-26T18:37:13","guid":{"rendered":"https:\/\/www.europesays.com\/lv\/31759\/"},"modified":"2025-10-26T18:37:13","modified_gmt":"2025-10-26T18:37:13","slug":"ka-riga-uzlabot-gaisa-kvalitati-tapis-plans-aicina-iesaistities-iedzivotajus","status":"publish","type":"post","link":"https:\/\/www.europesays.com\/lv\/31759\/","title":{"rendered":"K\u0101 R\u012bg\u0101 uzlabot gaisa kvalit\u0101ti? Tapis pl\u0101ns, aicina iesaist\u012bties iedz\u012bvot\u0101jus"},"content":{"rendered":"<p>Lai uzlabotu gaisa kvalit\u0101ti galvaspils\u0113t\u0101, izstr\u0101d\u0101ta jauna &#8220;<a rel=\"noopener nofollow\" target=\"_blank\" href=\"https:\/\/www.delfi.lv\/temas\/34640607\/riga\" tag-id=\"34640607\">R\u012bgas<\/a> pils\u0113tas gaisa kvalit\u0101tes uzlabo\u0161anas r\u012bc\u012bbas programma 2026.\u20132030. gadam&#8221;, kas tagad nodota sabiedriskajai apsprie\u0161anai un r\u012bdzinieki l\u012bdz 10. novembrim aicin\u0101ti paust savus viedok\u013cus un ieteikumus, &#8220;Delfi&#8221; inform\u0113ja pa\u0161vald\u012bb\u0101.<\/p>\n<p>Programmas galvenais m\u0113r\u0137is ir uzlabot gaisa kvalit\u0101ti R\u012bg\u0101 laika posm\u0101 no 2026. l\u012bdz 2030. gadam. Programma fokus\u0113jas uz t\u0101d\u0101m viel\u0101m k\u0101 da\u013ci\u0146as (piem\u0113ram, PM10, PM2.5), sl\u0101pek\u013ca dioks\u012bds (NO\u2082), benzols un benz-a-pir\u0113ns \u2014 tie ir b\u016btiski gaisa kvalit\u0101tes riski pils\u0113tvid\u0113.<\/p>\n<p>Programma paredz vair\u0101kus r\u012bc\u012bbas virzienus, piem\u0113ram:<\/p>\n<ul>\n<li>\n<p>Transporta un satiksmes infrastrukt\u016bras uzlabo\u0161ana \u2014 veicinot sabiedrisko transportu, alternat\u012bvos degvielu risin\u0101jumus, maz\u0101k pies\u0101r\u0146ojo\u0161us transportl\u012bdzek\u013cus.<\/p>\n<\/li>\n<li>\n<p>Siltumapg\u0101des un apkures iek\u0101rtu moderniz\u0101cija \u2014 samazin\u0101t emisijas no individu\u0101l\u0101s un centraliz\u0113t\u0101s apkures.<\/p>\n<\/li>\n<li>\n<p>Stacion\u0101ro pies\u0101r\u0146ojo\u0161o avotu (piem\u0113ram, r\u016bpniec\u012bba) emisiju uzraudz\u012bba un samazin\u0101\u0161ana.<\/p>\n<\/li>\n<li>\n<p>P\u0101rvald\u012bbas, kontroles, sabiedr\u012bbas izgl\u012bt\u012bbas un inform\u0113\u0161anas pas\u0101kumu stiprin\u0101\u0161ana \u2014 lai sabiedr\u012bba un uz\u0146\u0113mumi vair\u0101k iesaist\u012btos gaisa kvalit\u0101tes uzlabo\u0161an\u0101.<\/p>\n<\/li>\n<\/ul>\n<p>Ar pilnu <a rel=\"noopener nofollow\" target=\"_blank\" href=\"https:\/\/www.riga.lv\/lv\/node\/104084\" data-rel-date-range=\"[]\">programmu<\/a> var iepaz\u012bties R\u012bgas pa\u0161vald\u012bbas m\u0101jaslap\u0101 &#8220;<a rel=\"noopener nofollow\" target=\"_blank\" href=\"http:\/\/riga.lv\" data-rel-date-range=\"[]\">riga.lv<\/a>&#8221; sada\u013c\u0101 &#8220;Publisk\u0101s apsprie\u0161anas&#8221;.<\/p>\n<p>Publisk\u0101s apsprie\u0161anas san\u0101ksme notiks 3. novembr\u012b no pulksten 17.30 l\u012bdz 19.30 R\u0101tslaukum\u0101 1, R\u012bgas domes \u0113kas Portretu z\u0101l\u0113. San\u0101ksm\u0113 b\u016bs iesp\u0113jams piedal\u012bties ar\u012b att\u0101lin\u0101ti \u2013 re\u0123istr\u0113tajiem dal\u012bbniekiem tiks izs\u016bt\u012bts uzaicin\u0101jums un saite uz att\u0101lin\u0101to san\u0101ksmi. Interesenti aicin\u0101ti pieteikties l\u012bdz 31. oktobrim, aizpildot <a rel=\"noopener nofollow\" target=\"_blank\" href=\"https:\/\/forms.cloud.microsoft\/e\/U3KmxbRMsw\" data-rel-date-range=\"[]\">re\u0123istr\u0101cijas anketu<\/a>.<\/p>\n<p>Rakstiskus koment\u0101rus un priek\u0161likumus l\u012bdz 10. novembrim var iesniegt, nos\u016btot e-pastu: <a rel=\"noopener nofollow\" target=\"_blank\" href=\"https:\/\/www.delfi.lv\/193\/politics\/120092358\/mailto:alise@environment.lv\" data-rel-date-range=\"[]\">alise@environment.lv<\/a> vai <a rel=\"noopener nofollow\" target=\"_blank\" href=\"https:\/\/www.delfi.lv\/193\/politics\/120092358\/mailto:kristine.masalska@riga.lv\" data-rel-date-range=\"[]\">kristine.masalska@riga.lv<\/a>.<\/p>\n<p>Programmu p\u0113c R\u012bgas pa\u0161vald\u012bbas M\u0101jok\u013cu un vides departamenta pas\u016bt\u012bjuma izstr\u0101d\u0101ja SIA &#8220;Estonian, Latvian &amp; Lithuanian Environment&#8221;.<\/p>\n<p>Kas dar\u012bts l\u012bdz \u0161im<\/p>\n<p>Pateicoties da\u017e\u0101diem R\u012bgas pa\u0161vald\u012bbas veiktajiem pas\u0101kumiem \u2013 agr\u0101kai smil\u0161u sav\u0101k\u0161anai, ielu mitrajai uzkop\u0161anai un dubultajai virsmas apstr\u0101dei grants iel\u0101s, p\u0113d\u0113jo gadu laik\u0101 galvaspils\u0113t\u0101 samazin\u0101jies putek\u013cu <a rel=\"noopener nofollow\" target=\"_blank\" href=\"https:\/\/www.delfi.lv\/temas\/39404003\/piesarnojums\" tag-id=\"39404003\">pies\u0101r\u0146ojums<\/a>, tom\u0113r R\u012bg\u0101 joproj\u0101m ir situ\u0101cijas, kad gaisa kvalit\u0101tes normat\u012bvi vai v\u0113rt\u012bbu sliek\u0161\u0146i tiek p\u0101rsniegti, un jaun\u0101 programma \u013caus virz\u012bties uz neatliekam\u0101m normat\u012bvo pras\u012bbu iev\u0113ro\u0161anu un vesel\u012bbas un vides aizsardz\u012bbu pils\u0113t\u0101. T\u0101 ar\u012b veicina ilgtsp\u0113j\u012bgu pils\u0113tvidi, samazina iedz\u012bvot\u0101ju pak\u013cau\u0161anu pies\u0101r\u0146otam gaisam, k\u0101 ar\u012b uzlabo pils\u0113tas dz\u012bves kvalit\u0101ti un pievilc\u012bbu.<\/p>\n<p>Iev\u0113rojami samazin\u0101jies R\u012bgas gais\u0101 eso\u0161o s\u012bko putek\u013cu daudzums (PM 2.5) \u2013 2020. gad\u0101 to bija 14,2 mikrogrami uz kubikmetru gaisa, bet 2023. gad\u0101 tas samazin\u0101j\u0101s l\u012bdz 12,8 mikrogramiem un 2024. gad\u0101 jau l\u012bdz 10,5 mikrogramiem uz kubikmetru gaisa.<\/p>\n<p>T\u0101pat samazin\u0101jies s\u012bko putek\u013cu (PM10) daudzums koncentr\u0101cija \u2013 Br\u012bv\u012bbas ielas monitoringa stacij\u0101 2020. gad\u0101 t\u0101 bija aptuveni 25\u201330 mikrogrami uz kubikmetru gaisa, bet 2024. gad\u0101 vairs tikai 18\u201322 mikrogrami uz kubikmetru gaisa, nor\u0101da pa\u0161vald\u012bb\u0101.<\/p>\n<p>Br\u012bv\u012bbas iel\u0101, kur R\u012bgai parasti ir visvair\u0101k p\u0101rsniegumi, da\u013ci\u0146u PM10 pie\u013caujam\u0101 24 stundu robe\u017ev\u0113rt\u012bba cilv\u0113ka vesel\u012bbas aizsardz\u012bbai (50 mikrogrami uz kubikmetru gaisa) 2023. gad\u0101 tika p\u0101rsniegta 15 dienas, bet p\u0113rn \u2013 piecas dienas. MK noteikumi par gaisa kvalit\u0101ti paredz, ka p\u0101rsniegumu var b\u016bt l\u012bdz 35 dien\u0101m.<\/p>\n<p>R\u012bgas gaisa kvalit\u0101tes uzlabo\u0161an\u0101s atbilst pla\u0161\u0101k\u0101m Eiropas Savien\u012bbas p\u016bl\u0113m samazin\u0101t da\u013ci\u0146u daudzumu, ko veicina stingr\u0101kas emisiju regulas un pils\u0113tas t\u012br\u012b\u0161anas iniciat\u012bvas. Diem\u017e\u0113l gaisa kvalit\u0101ti R\u012bg\u0101 ietekm\u0113 ar\u012b p\u0101rrobe\u017eu p\u0101rnese, kad pies\u0101r\u0146ojo\u0161\u0101s vielas non\u0101k v\u0113ja ietekm\u0113 ar\u012b Latvij\u0101 un R\u012bg\u0101, k\u0101 piem\u0113ru var min\u0113t Sah\u0101ras tuksne\u0161a putek\u013cus 2024. gada pavasar\u012b, k\u0101 ar\u012b, valdot dienvidu un austrumu v\u0113jiem, pies\u0101r\u0146ojums n\u0101k no Baltkrievijas, Krievijas, Ukrainas ugunsgr\u0113kiem. Klimata p\u0101rmai\u0146as ir pasliktin\u0101ju\u0161as pavasara putek\u013cu l\u012bmeni Zieme\u013ceirop\u0101, ta\u010du R\u012bgas pa\u0161vald\u012bbas veiktie pas\u0101kumi mazin\u0101ja da\u013cu no \u0161iem efektiem.<\/p>\n<p>Lai nodro\u0161in\u0101tu prec\u012bzus gaisa kvalit\u0101tes datus, R\u012bg\u0101 darbojas vair\u0101kas gaisa monitoringa stacijas. M\u0101jok\u013cu un vides departaments uztur stacijas Br\u012bv\u012bbas iel\u0101 73, M\u012blgr\u0101vja iel\u0101 10 un P\u0101rdaugav\u0101 priv\u0101tm\u0101ju teritorij\u0101 Kantora-Slampes ielu krustojum\u0101, bet VSIA &#8220;<a rel=\"noopener nofollow\" target=\"_blank\" href=\"https:\/\/www.delfi.lv\/temas\/48967671\/latvijas-vides-geologijas-un-meteorologijas-centrs\" tag-id=\"48967671\">Latvijas Vides, \u0123eolo\u0123ijas un meteorolo\u0123ijas centrs<\/a>&#8221; \u2013 K. Valdem\u0101ra iel\u0101 65 un Kronvalda bulv\u0101r\u012b 4. T\u0101pat savas stacijas uztur R\u012bgas br\u012bvostas p\u0101rvalde un vair\u0101ki R\u012bgas ostas uz\u0146\u0113mumi.<\/p>\n<p>Liel\u0101kie gaisa pies\u0101r\u0146ot\u0101ji R\u012bg\u0101 ir <a rel=\"noopener nofollow\" target=\"_blank\" href=\"https:\/\/www.delfi.lv\/temas\/43308835\/putekli\" tag-id=\"43308835\">putek\u013ci<\/a> \u2013 PM 2,5 un PM10 da\u013ci\u0146as, nevis CO2. D\u012bzelis ir daudz pies\u0101r\u0146ojo\u0161\u0101ks nek\u0101 benz\u012bna transportl\u012bdzek\u013ci. Ir ar\u012b faktori, kurus nevaram ietekm\u0113t (piem\u0113ram, Sah\u0101ras tuksne\u0161a putek\u013ci, me\u017eu ugunsgr\u0113ki u.c.). No 2030. gada b\u016bs stingr\u0101kas gaisa kvalit\u0101tes robe\u017ev\u0113rt\u012bbas, nor\u0101da pa\u0161vald\u012bb\u0101.<\/p>\n<p>Sekot l\u012bdzi gaisa kvalit\u0101tei (R\u012bgas gaisa kvalit\u0101tes indekss (GKI) var M\u0101jok\u013cu un vides departamenta <a rel=\"noopener nofollow\" target=\"_blank\" href=\"https:\/\/gmsd.riga.lv\/main.php\" data-rel-date-range=\"[]\">m\u0101jas lap\u0101<\/a>.<\/p>\n<p>Savuk\u0101rt tr\u012bs dienu gaisa kvalit\u0101tes prognozei var sekot l\u012bdzi <a rel=\"noopener nofollow\" target=\"_blank\" href=\"https:\/\/www.rigaairtext.lv\/\" data-rel-date-range=\"[]\">\u0161eit<\/a>.<\/p>\n<p class=\"m-0\">Seko &#8220;Delfi&#8221; ar\u012b  <a target=\"_blank\" href=\"https:\/\/www.instagram.com\/delfi.lv\/\" rel=\"nofollow noopener\">Instagram<\/a>  un <a target=\"_blank\" href=\"https:\/\/www.youtube.com\/channel\/UCw5foWtcJvAbUm64rv7jwUQ\" rel=\"nofollow noopener\">YouTube<\/a>  profil\u0101 \u2013 pievienojies, lai uzzin\u0101tu svar\u012bg\u0101ko un interesant\u0101ko pirmais!<\/p>\n<p>Publik\u0101cijas saturs vai t\u0101s jebk\u0101da apjoma da\u013ca ir aizsarg\u0101ts autorties\u012bbu objekts Autorties\u012bbu likuma izpratn\u0113, un t\u0101 izmanto\u0161ana bez izdev\u0113ja at\u013caujas ir aizliegta. Vair\u0101k lasi  <a target=\"_blank\" href=\"https:\/\/www.delfi.lv\/noteikumi#autortiesibas\" rel=\"nofollow noopener\">\u0161eit<\/a><script async src=\"\/\/www.instagram.com\/embed.js\"><\/script><\/p>\n","protected":false},"excerpt":{"rendered":"Lai uzlabotu gaisa kvalit\u0101ti galvaspils\u0113t\u0101, izstr\u0101d\u0101ta jauna &#8220;R\u012bgas pils\u0113tas gaisa kvalit\u0101tes uzlabo\u0161anas r\u012bc\u012bbas programma 2026.\u20132030. gadam&#8221;, kas tagad&hellip;\n","protected":false},"author":2,"featured_media":31760,"comment_status":"","ping_status":"","sticky":false,"template":"","format":"standard","meta":{"footnotes":""},"categories":[12],"tags":[23,28,29,32,33,3375,22,30,31,35,39,38,36,37,34,7186,40,20,3939,26,27,9547,172,24,25,21],"class_list":{"0":"post-31759","1":"post","2":"type-post","3":"status-publish","4":"format-standard","5":"has-post-thumbnail","7":"category-latvija","8":"tag-aktualitates","9":"tag-breaking-news","10":"tag-breakingnews","11":"tag-featured-news","12":"tag-featurednews","13":"tag-geologijas-un-meteorologijas-centrs","14":"tag-headlines","15":"tag-latest-news","16":"tag-latestnews","17":"tag-latvia","18":"tag-latvian","19":"tag-latviesu","20":"tag-latviesu-valoda","21":"tag-latviesuvaloda","22":"tag-latvija","23":"tag-latvijas-vides","24":"tag-lv","25":"tag-news","26":"tag-piesarnojums","27":"tag-popularakas-zinas","28":"tag-popularakaszinas","29":"tag-putekli","30":"tag-riga","31":"tag-top-stories","32":"tag-topstories","33":"tag-zinas"},"share_on_mastodon":{"url":"https:\/\/pubeurope.com\/@lv\/115441922482970009","error":""},"_links":{"self":[{"href":"https:\/\/www.europesays.com\/lv\/wp-json\/wp\/v2\/posts\/31759","targetHints":{"allow":["GET"]}}],"collection":[{"href":"https:\/\/www.europesays.com\/lv\/wp-json\/wp\/v2\/posts"}],"about":[{"href":"https:\/\/www.europesays.com\/lv\/wp-json\/wp\/v2\/types\/post"}],"author":[{"embeddable":true,"href":"https:\/\/www.europesays.com\/lv\/wp-json\/wp\/v2\/users\/2"}],"replies":[{"embeddable":true,"href":"https:\/\/www.europesays.com\/lv\/wp-json\/wp\/v2\/comments?post=31759"}],"version-history":[{"count":0,"href":"https:\/\/www.europesays.com\/lv\/wp-json\/wp\/v2\/posts\/31759\/revisions"}],"wp:featuredmedia":[{"embeddable":true,"href":"https:\/\/www.europesays.com\/lv\/wp-json\/wp\/v2\/media\/31760"}],"wp:attachment":[{"href":"https:\/\/www.europesays.com\/lv\/wp-json\/wp\/v2\/media?parent=31759"}],"wp:term":[{"taxonomy":"category","embeddable":true,"href":"https:\/\/www.europesays.com\/lv\/wp-json\/wp\/v2\/categories?post=31759"},{"taxonomy":"post_tag","embeddable":true,"href":"https:\/\/www.europesays.com\/lv\/wp-json\/wp\/v2\/tags?post=31759"}],"curies":[{"name":"wp","href":"https:\/\/api.w.org\/{rel}","templated":true}]}}