{"id":31778,"date":"2025-10-26T18:56:14","date_gmt":"2025-10-26T18:56:14","guid":{"rendered":"https:\/\/www.europesays.com\/lv\/31778\/"},"modified":"2025-10-26T18:56:14","modified_gmt":"2025-10-26T18:56:14","slug":"avoti-zino-par-asv-gatavotam-jaunam-sankcijam","status":"publish","type":"post","link":"https:\/\/www.europesays.com\/lv\/31778\/","title":{"rendered":"avoti zi\u0146o par ASV gatavot\u0101m jaun\u0101m sankcij\u0101m"},"content":{"rendered":"<p><a rel=\"noopener nofollow\" target=\"_blank\" href=\"https:\/\/www.delfi.lv\/temas\/42596146\/asv\" tag-id=\"42596146\">ASV<\/a> prezidenta Donalda Trampa administr\u0101cija ir sagatavojusi papildu sankcijas, kas var\u0113tu tikt piem\u0113rotas pret svar\u012bg\u0101kaj\u0101m <a rel=\"noopener nofollow\" target=\"_blank\" href=\"https:\/\/www.delfi.lv\/temas\/35525519\/krievija\" tag-id=\"35525519\">Krievijas<\/a> ekonomikas nozar\u0113m, ja diktators Vladimirs Putins turpin\u0101s kav\u0113t kara izbeig\u0161anu, zi\u0146o a\u0123ent\u016bra &#8220;Reuters&#8221;, atsaucoties uz saviem avotiem.<\/p>\n<p>Saska\u0146\u0101 ar &#8220;Reuters&#8221; inform\u0101ciju ASV amatpersonas ar\u012b inform\u0113ju\u0161as savus Eiropas kol\u0113\u0123us, ka t\u0101s atbalsta Eiropas Savien\u012bbas (ES) valstu iesald\u0113to Krievijas akt\u012bvu izmanto\u0161anu ASV iero\u010du ieg\u0101dei Kijivai. Turkl\u0101t Va\u0161ingtona ir s\u0101kusi apspriest iesp\u0113ju izmantot ASV uzglab\u0101tos Krievijas akt\u012bvus milit\u0101ram atbalstam <a rel=\"noopener nofollow\" target=\"_blank\" href=\"https:\/\/www.delfi.lv\/temas\/35467179\/ukraina\" tag-id=\"35467179\">Ukrainai<\/a>, pav\u0113st\u012bja divi ASV avoti.<\/p>\n<p>Pagaid\u0101m nav skaidrs, vai Va\u0161ingtona tuv\u0101kaj\u0101 laik\u0101 spers k\u0101du no \u0161iem so\u013ciem, ta\u010du tas liecina, ka administr\u0101cijai ir labi izstr\u0101d\u0101ts instrumentu kopums, lai v\u0113l vair\u0101k paaugstin\u0101tu likmes p\u0113c sankciju noteik\u0161anas diviem liel\u0101kajiem Krievijas naftas uz\u0146\u0113mumiem &#8211; &#8220;Ros\u0146eftj&#8221; un &#8220;Lukoil&#8221;, koment\u0113 &#8220;Reuters&#8221;.<\/p>\n<p>&#8220;Eiropas sabiedrotie, kurus nom\u0101c Trampa sv\u0101rst\u012bbas starp samierin\u0101\u0161anos un dusm\u0101m pret Putinu, cer, ka vi\u0146\u0161 turpin\u0101s palielin\u0101t spiedienu uz Maskavu, un ar\u012b pa\u0161i apsver nopietnas darb\u012bbas,&#8221; raksta &#8220;Reuters&#8221;.<\/p>\n<p>Viena ASV amatpersona a\u0123ent\u016brai sac\u012bja, ka v\u0113l\u0113tos, lai Eiropas sabiedrotie spertu n\u0101kamo noz\u012bm\u012bgo soli pret Krieviju, kas var\u0113tu ietvert papildu sankcijas vai nodevas. Cits avots sac\u012bja, ka Tramps, visticam\u0101k, uz da\u017e\u0101m ned\u0113\u013c\u0101m ietur\u0113s pauzi, lai izv\u0113rt\u0113tu Krievijas reakciju uz tre\u0161dien izsludin\u0101taj\u0101m sankcij\u0101m.<\/p>\n<p>Da\u017eas no ASV sagatavotaj\u0101m papildu sankcij\u0101m var\u0113tu b\u016bt v\u0113rstas pret Krievijas banku sektoru un infrastrukt\u016bru, ko izmanto naftas pieg\u0101dei tirg\u016b, nor\u0101d\u012bja avoti.<\/p>\n<p>Pag\u0101ju\u0161aj\u0101 ned\u0113\u013c\u0101 Ukrainas amatpersonas v\u0113rs\u0101s pie ASV ar priek\u0161likumiem par jaun\u0101m sankcij\u0101m, sac\u012bja a\u0123ent\u016bras sarunu biedrs. Starp izvirz\u012btaj\u0101m idej\u0101m bija ar\u012b pas\u0101kumi, lai visas Krievijas bankas atsl\u0113gtu no dol\u0101ru sist\u0113mas. Nav skaidrs, cik nopietni tiek izskat\u012bti Ukrainas l\u016bgumi, nor\u0101d\u012bja a\u0123ent\u016bra.<\/p>\n<p>Krievija kop\u0161 gada s\u0101kuma raid\u012bjusi 770 ballistisk\u0101s ra\u0137etes un vair\u0101k nek\u0101 50 ra\u0137etes &#8220;Kin\u017eal&#8221;<\/p>\n<p>Ukrainas prezidents Volodimirs Zelenskis sestdien pazi\u0146oja, ka Krievija kop\u0161 gada s\u0101kuma uz Ukrainu ir iz\u0161\u0101vusi aptuveni 770 ballistisk\u0101s ra\u0137etes un vair\u0101k nek\u0101 50 ra\u0137etes &#8220;Kin\u017eal&#8221;.<\/p>\n<p>&#8220;\u0160onakt Krievija atkal uzbruka Ukrainai \u2013 \u0161oreiz ar desmitiem bezpilota lidapar\u0101tu un devi\u0146\u0101m ballistiskaj\u0101m ra\u0137et\u0113m. Notika ra\u0137e\u0161u trieciens Kijivai,&#8221; Zelenskis raksta soci\u0101lajos t\u012bklos.<\/p>\n<p>Prezidents nor\u0101d\u012bja: &#8220;Ir zin\u0101ms, ka diem\u017e\u0113l ir boj\u0101g\u0101ju\u0161ie. Izsaku l\u012bdzj\u016bt\u012bbu \u0123imen\u0113m un tuviniekiem. Desmitiem cilv\u0113ku ir cietu\u0161i.&#8221;<\/p>\n<p>&#8220;Gandr\u012bz katrs uzbrukums m\u016bsu cilv\u0113kiem ir kombin\u0113ti ballistiskie triecieni. Tikai kop\u0161 \u0161\u0101 gada s\u0101kuma Krievija tikai uz Ukrainu vien ir iz\u0161\u0101vusi aptuveni 770 ballistisk\u0101s ra\u0137etes un vair\u0101k nek\u0101 50 &#8220;Kin\u017eal&#8221;,&#8221; pav\u0113st\u012bja Zelenskis.<\/p>\n<p>P\u0113c vi\u0146a teikt\u0101, &#8220;tie\u0161i \u0161\u0101du uzbrukumu d\u0113\u013c m\u0113s piev\u0113r\u0161am \u012bpa\u0161u uzman\u012bbu &#8220;Patriot&#8221; sist\u0113m\u0101m, lai sp\u0113tu pasarg\u0101t m\u016bsu pils\u0113tas no \u0161\u012bm \u0161ausm\u0101m. Ir \u013coti svar\u012bgi, lai partneri, kuriem ir \u0161\u0101das iesp\u0113jas, saprastu to, par ko m\u0113s run\u0101jam p\u0113d\u0113j\u0101s dien\u0101s. Nevienai valstij nevajadz\u0113tu palikt vienai pret \u0161\u0101du \u013caunumu. Ir j\u0101turpina sadarb\u012bba. Visu var izdar\u012bt: partneriem ir nepiecie\u0161am\u0101s sist\u0113mas, un vi\u0146i jau tagad var pal\u012bdz\u0113t Ukrainas aizsardz\u012bb\u0101,&#8221; uzsv\u0113ra Zelenskis.<\/p>\n<p>&#8220;Amerika, Eiropa, G7 valstis var pal\u012bdz\u0113t, lai \u0161\u0101di triecieni vairs neapdraud\u0113tu dz\u012bv\u012bbu. Uz Krievijas ballistiskaj\u0101m ra\u0137et\u0113m ir nepiecie\u0161ama sp\u0113c\u012bgu valstu reakcija re\u0101l\u0101 sadarb\u012bb\u0101, lai aizsarg\u0101tu dz\u012bv\u012bbu,&#8221; nor\u0101d\u012bja Zelenskis.<\/p>\n<p>Nakt\u012b uz sestdienu Kijiv\u0101 krievu ra\u0137e\u0161u triecienos nogalin\u0101ti divi un ievainoti 12 cilv\u0113ki, D\u0146ipropetrovskas apgabal\u0101 nogalin\u0101ti divi cilv\u0113ki un v\u0113l septi\u0146i ir ievainoti.<\/p>\n<p class=\"m-0\">Seko &#8220;Delfi&#8221; ar\u012b  <a target=\"_blank\" href=\"https:\/\/www.instagram.com\/delfi.lv\/\" rel=\"nofollow noopener\">Instagram<\/a>  un <a target=\"_blank\" href=\"https:\/\/www.youtube.com\/channel\/UCw5foWtcJvAbUm64rv7jwUQ\" rel=\"nofollow noopener\">YouTube<\/a>  profil\u0101 \u2013 pievienojies, lai uzzin\u0101tu svar\u012bg\u0101ko un interesant\u0101ko pirmais!<\/p>\n<p>Publik\u0101cijas saturs vai t\u0101s jebk\u0101da apjoma da\u013ca ir aizsarg\u0101ts autorties\u012bbu objekts Autorties\u012bbu likuma izpratn\u0113, un t\u0101 izmanto\u0161ana bez izdev\u0113ja at\u013caujas ir aizliegta. Vair\u0101k lasi  <a target=\"_blank\" href=\"https:\/\/www.delfi.lv\/noteikumi#autortiesibas\" rel=\"nofollow noopener\">\u0161eit<\/a><script async src=\"\/\/www.instagram.com\/embed.js\"><\/script><\/p>\n","protected":false},"excerpt":{"rendered":"ASV prezidenta Donalda Trampa administr\u0101cija ir sagatavojusi papildu sankcijas, kas var\u0113tu tikt piem\u0113rotas pret svar\u012bg\u0101kaj\u0101m Krievijas ekonomikas nozar\u0113m,&hellip;\n","protected":false},"author":2,"featured_media":31779,"comment_status":"","ping_status":"","sticky":false,"template":"","format":"standard","meta":{"footnotes":""},"categories":[5],"tags":[23,292,28,29,32,33,22,234,74,30,31,35,39,38,36,37,34,40,20,26,27,24,25,276,21],"class_list":{"0":"post-31778","1":"post","2":"type-post","3":"status-publish","4":"format-standard","5":"has-post-thumbnail","7":"category-aktualitates","8":"tag-aktualitates","9":"tag-asv","10":"tag-breaking-news","11":"tag-breakingnews","12":"tag-featured-news","13":"tag-featurednews","14":"tag-headlines","15":"tag-krievija","16":"tag-krievijas-iebrukums-ukraina","17":"tag-latest-news","18":"tag-latestnews","19":"tag-latvia","20":"tag-latvian","21":"tag-latviesu","22":"tag-latviesu-valoda","23":"tag-latviesuvaloda","24":"tag-latvija","25":"tag-lv","26":"tag-news","27":"tag-popularakas-zinas","28":"tag-popularakaszinas","29":"tag-top-stories","30":"tag-topstories","31":"tag-ukraina","32":"tag-zinas"},"share_on_mastodon":{"url":"https:\/\/pubeurope.com\/@lv\/115441997127141425","error":""},"_links":{"self":[{"href":"https:\/\/www.europesays.com\/lv\/wp-json\/wp\/v2\/posts\/31778","targetHints":{"allow":["GET"]}}],"collection":[{"href":"https:\/\/www.europesays.com\/lv\/wp-json\/wp\/v2\/posts"}],"about":[{"href":"https:\/\/www.europesays.com\/lv\/wp-json\/wp\/v2\/types\/post"}],"author":[{"embeddable":true,"href":"https:\/\/www.europesays.com\/lv\/wp-json\/wp\/v2\/users\/2"}],"replies":[{"embeddable":true,"href":"https:\/\/www.europesays.com\/lv\/wp-json\/wp\/v2\/comments?post=31778"}],"version-history":[{"count":0,"href":"https:\/\/www.europesays.com\/lv\/wp-json\/wp\/v2\/posts\/31778\/revisions"}],"wp:featuredmedia":[{"embeddable":true,"href":"https:\/\/www.europesays.com\/lv\/wp-json\/wp\/v2\/media\/31779"}],"wp:attachment":[{"href":"https:\/\/www.europesays.com\/lv\/wp-json\/wp\/v2\/media?parent=31778"}],"wp:term":[{"taxonomy":"category","embeddable":true,"href":"https:\/\/www.europesays.com\/lv\/wp-json\/wp\/v2\/categories?post=31778"},{"taxonomy":"post_tag","embeddable":true,"href":"https:\/\/www.europesays.com\/lv\/wp-json\/wp\/v2\/tags?post=31778"}],"curies":[{"name":"wp","href":"https:\/\/api.w.org\/{rel}","templated":true}]}}