{"id":31782,"date":"2025-10-26T19:00:11","date_gmt":"2025-10-26T19:00:11","guid":{"rendered":"https:\/\/www.europesays.com\/lv\/31782\/"},"modified":"2025-10-26T19:00:11","modified_gmt":"2025-10-26T19:00:11","slug":"ka-14-gadus-vecais-hemans-bekele-izstradaja-ziepes-veza-arstesanai","status":"publish","type":"post","link":"https:\/\/www.europesays.com\/lv\/31782\/","title":{"rendered":"K\u0101 14 gadus vecais Hemans Bekele izstr\u0101d\u0101ja ziepes v\u0113\u017ea \u0101rst\u0113\u0161anai"},"content":{"rendered":"<p class=\"descr\">Pirmaj\u0101 mirkl\u012b doma, ka parastas ziepes var b\u016bt l\u012bdzeklis c\u012b\u0146\u0101 pret \u0101das v\u0113zi, izklaus\u0101s p\u0113c m\u012bta. Tom\u0113r 14 gadus vecais Hemans Bekele, skol\u0113ns no Annandeilas, ir prezent\u0113jis atkl\u0101jumu, kas pier\u0101da pret\u0113jo.<\/p>\n<p>Jaunajam amerik\u0101\u0146u zin\u0101tniekam ir iesp\u0113ja par\u0101d\u012bt savu atkl\u0101jumu pasaulei, pateicoties 3M un Discovery Education, kas katru gadu r\u012bko inov\u0101ciju konkursu vidusskol\u0113niem Amerikas Savienotaj\u0101s Valst\u012bs.<\/p>\n<p>P\u0113c Hemana teikt\u0101, vi\u0146a agr\u012bn\u0101s b\u0113rn\u012bbas atmi\u0146as no Etiopijas, kur liel\u0101k\u0101 da\u013ca v\u012brie\u0161u str\u0101d\u0101 atkl\u0101t\u0101 saul\u0113 no agra r\u012bta l\u012bdz v\u0113lam vakaram bez jebk\u0101diem aizsargl\u012bdzek\u013ciem, iedvesmoja vi\u0146u s\u0101kt str\u0101d\u0101t \u0161aj\u0101 jom\u0101.<\/p>\n<p>T\u0101 rezult\u0101t\u0101 daudzi no vi\u0146iem s\u0101k ciest no \u013caundab\u012bgiem audz\u0113jiem, kuru \u0101rst\u0113\u0161anai vienk\u0101r\u0161i nav l\u012bdzek\u013cu.<\/p>\n<blockquote><p>Tas iedvesmoja jauno izgudrot\u0101ju secin\u0101t, ka <a href=\"https:\/\/nra.lv\/birka\/adas-vezis\/\" target=\"_blank\" rel=\"noopener nofollow\">\u0101das v\u0113\u017ea<\/a> pacientu skaitu jaunatt\u012bst\u012bbas valst\u012bs var\u0113tu iev\u0113rojami samazin\u0101t tikai pied\u0101v\u0101jot cilv\u0113kiem produktu, kas k\u013c\u016btu par neat\u0146emamu vi\u0146u ikdienas sast\u0101vda\u013cu.<\/p><\/blockquote>\n<p>Galu gal\u0101 Bekele izstr\u0101d\u0101ja prototipu tam, ko pats nosauca par &#8220;\u0101das v\u0113\u017ea ziep\u0113m&#8221;. T\u0101s atk\u0101rtoti aktiviz\u0113 dendritisk\u0101s \u0161\u016bnas, kuras bie\u017ei boj\u0101 v\u0113\u017ea \u0161\u016bnas. P\u0113c atjauno\u0161anas \u0161\u012bs \u0161\u016bnas s\u0101k c\u012bn\u012bties ar v\u0113\u017ea \u0161\u016bn\u0101m un atg\u0101dina organismam, k\u0101 sevi aizsarg\u0101t.<\/p>\n","protected":false},"excerpt":{"rendered":"Pirmaj\u0101 mirkl\u012b doma, ka parastas ziepes var b\u016bt l\u012bdzeklis c\u012b\u0146\u0101 pret \u0101das v\u0113zi, izklaus\u0101s p\u0113c m\u012bta. Tom\u0113r 14&hellip;\n","protected":false},"author":2,"featured_media":31783,"comment_status":"","ping_status":"","sticky":false,"template":"","format":"standard","meta":{"footnotes":""},"categories":[14],"tags":[23,57,28,29,32,33,22,30,31,35,39,38,36,37,34,40,20,26,27,24,25,54,55,56,21,58],"class_list":{"0":"post-31782","1":"post","2":"type-post","3":"status-publish","4":"format-standard","5":"has-post-thumbnail","7":"category-zinas-no-arvalstim","8":"tag-aktualitates","9":"tag-arvalstim","10":"tag-breaking-news","11":"tag-breakingnews","12":"tag-featured-news","13":"tag-featurednews","14":"tag-headlines","15":"tag-latest-news","16":"tag-latestnews","17":"tag-latvia","18":"tag-latvian","19":"tag-latviesu","20":"tag-latviesu-valoda","21":"tag-latviesuvaloda","22":"tag-latvija","23":"tag-lv","24":"tag-news","25":"tag-popularakas-zinas","26":"tag-popularakaszinas","27":"tag-top-stories","28":"tag-topstories","29":"tag-world","30":"tag-world-news","31":"tag-worldnews","32":"tag-zinas","33":"tag-zinas-no-arvalstim"},"share_on_mastodon":{"url":"https:\/\/pubeurope.com\/@lv\/115442012857283621","error":""},"_links":{"self":[{"href":"https:\/\/www.europesays.com\/lv\/wp-json\/wp\/v2\/posts\/31782","targetHints":{"allow":["GET"]}}],"collection":[{"href":"https:\/\/www.europesays.com\/lv\/wp-json\/wp\/v2\/posts"}],"about":[{"href":"https:\/\/www.europesays.com\/lv\/wp-json\/wp\/v2\/types\/post"}],"author":[{"embeddable":true,"href":"https:\/\/www.europesays.com\/lv\/wp-json\/wp\/v2\/users\/2"}],"replies":[{"embeddable":true,"href":"https:\/\/www.europesays.com\/lv\/wp-json\/wp\/v2\/comments?post=31782"}],"version-history":[{"count":0,"href":"https:\/\/www.europesays.com\/lv\/wp-json\/wp\/v2\/posts\/31782\/revisions"}],"wp:featuredmedia":[{"embeddable":true,"href":"https:\/\/www.europesays.com\/lv\/wp-json\/wp\/v2\/media\/31783"}],"wp:attachment":[{"href":"https:\/\/www.europesays.com\/lv\/wp-json\/wp\/v2\/media?parent=31782"}],"wp:term":[{"taxonomy":"category","embeddable":true,"href":"https:\/\/www.europesays.com\/lv\/wp-json\/wp\/v2\/categories?post=31782"},{"taxonomy":"post_tag","embeddable":true,"href":"https:\/\/www.europesays.com\/lv\/wp-json\/wp\/v2\/tags?post=31782"}],"curies":[{"name":"wp","href":"https:\/\/api.w.org\/{rel}","templated":true}]}}