{"id":31784,"date":"2025-10-26T19:04:11","date_gmt":"2025-10-26T19:04:11","guid":{"rendered":"https:\/\/www.europesays.com\/lv\/31784\/"},"modified":"2025-10-26T19:04:11","modified_gmt":"2025-10-26T19:04:11","slug":"rekis-kompensacijas-laika-izrauj-metta-komandai-svarigu-uzvaru","status":"publish","type":"post","link":"https:\/\/www.europesays.com\/lv\/31784\/","title":{"rendered":"R\u0113\u0137is kompens\u0101cijas laik\u0101 izrauj &#8220;Metta&#8221; komandai svar\u012bgu uzvaru"},"content":{"rendered":"<p>&#8220;Metta&#8221; no pirmsp\u0113d\u0113j\u0101s poz\u012bcijas atpaliek par diviem punktiem un p\u0113d\u0113j\u0101s div\u0101s k\u0101rt\u0101s c\u012bn\u012bsies par palik\u0161anu augst\u0101kaj\u0101 l\u012bg\u0101, ar nosac\u012bjumu, ja n\u0101kamgad paliek nemain\u012bgs desmit vien\u012bbu skaits. &#8220;Auda&#8221; savuk\u0101rt atpaliek par \u010detriem punktiem no ceturt\u0101s vietas, kas garant\u0113tu dal\u012bbu Eirokausos, ja to neizdosies nodro\u0161in\u0101t ar uzvaru Latvijas kaus\u0101.<\/p>\n<p>&#8220;Metta&#8221; komandai v\u0101rtus guva ar\u012b Aleksandrs Molotkovs un Da\u0146iils \u010ci\u0146ajevs, bet &#8220;Audas&#8221; rind\u0101s izc\u0113l\u0101s <a href=\"https:\/\/sports.tvnet.lv\/term\/807621\/eduards-daskevics\" class=\"topicLink\" target=\"_blank\" rel=\"nofollow noopener\">Eduards Da\u0161\u0137evi\u010ds<\/a> un <a href=\"https:\/\/sports.tvnet.lv\/term\/807620\/deniss-melniks\" class=\"topicLink\" target=\"_blank\" rel=\"nofollow noopener\">Deniss Me\u013c\u0146iks<\/a>.<\/p>\n<p>J\u016brmal\u0101 m\u0101jinieku status\u0101 sp\u0113l\u0113jus\u012b &#8220;Metta&#8221; vad\u012bb\u0101 izvirz\u012bj\u0101s 25. min\u016bt\u0113, kad Molotkovs ar sp\u0113c\u012bgu sitienu no distances guva savus pirmos v\u0101rtus virsl\u012bg\u0101. Neiz\u0161\u0137irtu viesi pan\u0101ca pirm\u0101 puslaika kompens\u0101cijas laika beig\u0101s, kad p\u0113c Mohameda Kamar\u0101 p\u0101rk\u0101puma 11 metru soda sitienu realiz\u0113ja Da\u0161\u0137evi\u010ds.<\/p>\n<p>&#8220;Metta&#8221; priek\u0161\u0101 atgriez\u0101s otr\u0101 puslaika s\u0101kum\u0101, kad 53. min\u016bt\u0113 p\u0113c pretuzbrukuma v\u0101rtus guva \u010ci\u0146ajevs. \u010cetras min\u016btes pirms pamatlaika beig\u0101m Da\u0161\u0137evi\u010ds p\u0113c uzvar\u0113tas divc\u012b\u0146as piesp\u0113l\u0113ja Me\u013c\u0146ikam, kur\u0161 pan\u0101ca 2:2.<\/p>\n<p>Kompens\u0101cijas laika p\u0113d\u0113j\u0101s min\u016bt\u0113s R\u0113\u0137is apsteidza pretinieku aizsargus un izskr\u0113ja pret Niku Aleksandrovu, sitot bumbu labaj\u0101 v\u0101rtu st\u016br\u012b.<\/p>\n<p>Dienas otraj\u0101 ma\u010d\u0101, kas s\u0101ksies plkst. 16, <a href=\"https:\/\/sports.tvnet.lv\/term\/688545\/rfs\" class=\"topicLink\" target=\"_blank\" rel=\"nofollow noopener\">RFS<\/a> futbolisti &#8220;LNK Sporta park\u0101&#8221; uz\u0146ems &#8220;Grobi\u0146u&#8221;.<\/p>\n<p>Piektdien &#8220;Riga&#8221; sav\u0101 laukum\u0101 sp\u0113l\u0113ja 0:0 ar &#8220;Tukums 2000&#8221; komandu un ceturto reizi uzvar\u0113ja Latvijas \u010dempion\u0101t\u0101. Sestdien 34. k\u0101rtas turpin\u0101jum\u0101 &#8220;Daugavpils&#8221; m\u0101j\u0101s sp\u0113l\u0113ja 2:2 ar &#8220;Super Nova&#8221; komandu, ar t\u0101du pa\u0161u rezult\u0101tu nosl\u0113dzoties ar\u012b &#8220;Jelgavas&#8221; un &#8220;Liep\u0101jas&#8221; c\u012b\u0146ai.<\/p>\n<p>P\u0113c 34 sp\u0113l\u0113m &#8220;Riga&#8221; komandai ir 87 punkti, 33 c\u012b\u0146\u0101s RFS &#8211; 78 punkti, bet 34 ma\u010dos &#8220;Liep\u0101jai&#8221; ir 58 un &#8220;Daugavpilij&#8221; &#8211; 48 punkti. 34 sp\u0113l\u0113s &#8220;Auda&#8221; vien\u012bba ir sakr\u0101jusi 44, bet 34 ma\u010dos &#8220;Jelgavai&#8221; ir 36 un &#8220;Tukums 2000&#8221; komandai &#8211; 32 punkti. 33 sp\u0113l\u0113s &#8220;Grobi\u0146ai&#8221; ir 30 punkti, 34 ma\u010dos &#8220;Super Nova&#8221; komandai &#8211; 29 un 34 c\u012b\u0146\u0101s &#8220;Metta&#8221; komandai &#8211; 27 punkti.<\/p>\n<p>Virsl\u012bgas \u010dempion\u0101ts ar desmit komandu l\u012bdzdal\u012bbu notiek \u010detros ap\u013cos, katrai komandai l\u012bdz novembrim aizvadot 36 sp\u0113les.<\/p>\n<p>Pag\u0101ju\u0161aj\u0101 sezon\u0101 tre\u0161o reizi par \u010dempioni k\u013cuva RFS.<\/p>\n","protected":false},"excerpt":{"rendered":"&#8220;Metta&#8221; no pirmsp\u0113d\u0113j\u0101s poz\u012bcijas atpaliek par diviem punktiem un p\u0113d\u0113j\u0101s div\u0101s k\u0101rt\u0101s c\u012bn\u012bsies par palik\u0161anu augst\u0101kaj\u0101 l\u012bg\u0101, ar&hellip;\n","protected":false},"author":2,"featured_media":31785,"comment_status":"","ping_status":"","sticky":false,"template":"","format":"standard","meta":{"footnotes":""},"categories":[17],"tags":[1423,9552,9553,713,9551,35,39,38,36,37,34,40,1297,1422,67],"class_list":{"0":"post-31784","1":"post","2":"type-post","3":"status-publish","4":"format-standard","5":"has-post-thumbnail","7":"category-sports","8":"tag-auda","9":"tag-deniss-melniks","10":"tag-eduards-daskevics","11":"tag-futbola-virsliga","12":"tag-kristofers-rekis","13":"tag-latvia","14":"tag-latvian","15":"tag-latviesu","16":"tag-latviesu-valoda","17":"tag-latviesuvaloda","18":"tag-latvija","19":"tag-lv","20":"tag-metta","21":"tag-rfs","22":"tag-sports"},"share_on_mastodon":{"url":"https:\/\/pubeurope.com\/@lv\/115442028674366776","error":""},"_links":{"self":[{"href":"https:\/\/www.europesays.com\/lv\/wp-json\/wp\/v2\/posts\/31784","targetHints":{"allow":["GET"]}}],"collection":[{"href":"https:\/\/www.europesays.com\/lv\/wp-json\/wp\/v2\/posts"}],"about":[{"href":"https:\/\/www.europesays.com\/lv\/wp-json\/wp\/v2\/types\/post"}],"author":[{"embeddable":true,"href":"https:\/\/www.europesays.com\/lv\/wp-json\/wp\/v2\/users\/2"}],"replies":[{"embeddable":true,"href":"https:\/\/www.europesays.com\/lv\/wp-json\/wp\/v2\/comments?post=31784"}],"version-history":[{"count":0,"href":"https:\/\/www.europesays.com\/lv\/wp-json\/wp\/v2\/posts\/31784\/revisions"}],"wp:featuredmedia":[{"embeddable":true,"href":"https:\/\/www.europesays.com\/lv\/wp-json\/wp\/v2\/media\/31785"}],"wp:attachment":[{"href":"https:\/\/www.europesays.com\/lv\/wp-json\/wp\/v2\/media?parent=31784"}],"wp:term":[{"taxonomy":"category","embeddable":true,"href":"https:\/\/www.europesays.com\/lv\/wp-json\/wp\/v2\/categories?post=31784"},{"taxonomy":"post_tag","embeddable":true,"href":"https:\/\/www.europesays.com\/lv\/wp-json\/wp\/v2\/tags?post=31784"}],"curies":[{"name":"wp","href":"https:\/\/api.w.org\/{rel}","templated":true}]}}