{"id":31786,"date":"2025-10-26T19:06:19","date_gmt":"2025-10-26T19:06:19","guid":{"rendered":"https:\/\/www.europesays.com\/lv\/31786\/"},"modified":"2025-10-26T19:06:19","modified_gmt":"2025-10-26T19:06:19","slug":"polija-notiesa-tris-ukrainas-pilsonus-par-lidzdalibu-krievijas-noziedziga-grupa","status":"publish","type":"post","link":"https:\/\/www.europesays.com\/lv\/31786\/","title":{"rendered":"Polij\u0101 noties\u0101 tr\u012bs Ukrainas pilso\u0146us par l\u012bdzdal\u012bbu Krievijas noziedz\u012bg\u0101 grup\u0101"},"content":{"rendered":"<p>Divi no v\u012brie\u0161iem tika atz\u012bti par vain\u012bgiem ar\u012b par izmekl\u0113\u0161anas kav\u0113\u0161anu saist\u012bb\u0101 ar dedzin\u0101\u0161anas uzbrukumiem &#8220;IKEA&#8221; tirdzniec\u012bbas centram Vi\u013c\u0146\u0101, Lietuv\u0101, un tirdzniec\u012bbas centram Var\u0161av\u0101.<\/p>\n<p>Var\u0161avas <a href=\"https:\/\/www.apollo.lv\/term\/565583\/tiesa\" class=\"topicLink\" target=\"_blank\" rel=\"nofollow noopener\">tiesa<\/a> piesprieda Pavlo T. piecus ar pusi gadus cietum\u0101, Serhijam R. &#8211; divus ar pusi gadus, bet Vladislavam I. &#8211; vienu gadu un \u010detrus m\u0113ne\u0161us, pazi\u0146oja prokurat\u016bras preses p\u0101rst\u0101vis P\u0161emislavs Novaks.<\/p>\n<p>Vi\u0146u uzv\u0101rdi netiek izpausti saska\u0146\u0101 ar Polijas likumiem par priv\u0101t\u0101s dz\u012bves neaizskaram\u012bbu.<\/p>\n<p>Spriedums nav gal\u012bgs, un to var p\u0101rs\u016bdz\u0113t, zi\u0146o valsts zi\u0146u a\u0123ent\u016bra PAP.<\/p>\n<p>Prokurori nor\u0101d\u012bja, ka v\u012brie\u0161i pieder\u0113ja grupai, kas aps\u016bdz\u0113ta sabot\u0101\u017eas un dedzin\u0101\u0161anas aktos, kuru m\u0113r\u0137is bija lielas komerci\u0101las \u0113kas vis\u0101 Eiropas Savien\u012bb\u0101.<\/p>\n<p>Divi no noties\u0101tajiem v\u012brie\u0161iem ar\u012b pal\u012bdz\u0113ja citam aizdom\u0101s tur\u0113tajam Serhijam \u010calijam aizb\u0113gt no Polijas p\u0113c 2024. gada maija ugunsgr\u0113kiem.<\/p>\n<p>Vi\u0146i noorganiz\u0113ja vi\u0146a izmitin\u0101\u0161anu, pal\u012bdz\u0113ja vi\u0146am ieg\u0101d\u0101ties aviobi\u013cetes un nog\u0101d\u0101ja vi\u0146u caur \u010cehiju uz Austriju.<\/p>\n<p>Izmekl\u0113\u0161ana ir da\u013ca no pla\u0161\u0101kas izmekl\u0113\u0161anas par iesp\u0113jamo Krievijas vad\u012bto sabot\u0101\u017eas t\u012bklu, kas ir atbild\u012bgs par vair\u0101kiem dedzin\u0101\u0161anas uzbrukumiem ES valst\u012bs.<\/p>\n","protected":false},"excerpt":{"rendered":"Divi no v\u012brie\u0161iem tika atz\u012bti par vain\u012bgiem ar\u012b par izmekl\u0113\u0161anas kav\u0113\u0161anu saist\u012bb\u0101 ar dedzin\u0101\u0161anas uzbrukumiem &#8220;IKEA&#8221; tirdzniec\u012bbas centram&hellip;\n","protected":false},"author":2,"featured_media":31787,"comment_status":"","ping_status":"","sticky":false,"template":"","format":"standard","meta":{"footnotes":""},"categories":[14],"tags":[23,57,63,28,29,32,33,22,30,31,35,39,38,36,37,34,40,20,295,26,27,375,24,25,54,55,56,21,58],"class_list":{"0":"post-31786","1":"post","2":"type-post","3":"status-publish","4":"format-standard","5":"has-post-thumbnail","7":"category-zinas-no-arvalstim","8":"tag-aktualitates","9":"tag-arvalstim","10":"tag-arvalstis","11":"tag-breaking-news","12":"tag-breakingnews","13":"tag-featured-news","14":"tag-featurednews","15":"tag-headlines","16":"tag-latest-news","17":"tag-latestnews","18":"tag-latvia","19":"tag-latvian","20":"tag-latviesu","21":"tag-latviesu-valoda","22":"tag-latviesuvaloda","23":"tag-latvija","24":"tag-lv","25":"tag-news","26":"tag-noziegums","27":"tag-popularakas-zinas","28":"tag-popularakaszinas","29":"tag-tiesa","30":"tag-top-stories","31":"tag-topstories","32":"tag-world","33":"tag-world-news","34":"tag-worldnews","35":"tag-zinas","36":"tag-zinas-no-arvalstim"},"share_on_mastodon":{"url":"https:\/\/pubeurope.com\/@lv\/115442036475160962","error":""},"_links":{"self":[{"href":"https:\/\/www.europesays.com\/lv\/wp-json\/wp\/v2\/posts\/31786","targetHints":{"allow":["GET"]}}],"collection":[{"href":"https:\/\/www.europesays.com\/lv\/wp-json\/wp\/v2\/posts"}],"about":[{"href":"https:\/\/www.europesays.com\/lv\/wp-json\/wp\/v2\/types\/post"}],"author":[{"embeddable":true,"href":"https:\/\/www.europesays.com\/lv\/wp-json\/wp\/v2\/users\/2"}],"replies":[{"embeddable":true,"href":"https:\/\/www.europesays.com\/lv\/wp-json\/wp\/v2\/comments?post=31786"}],"version-history":[{"count":0,"href":"https:\/\/www.europesays.com\/lv\/wp-json\/wp\/v2\/posts\/31786\/revisions"}],"wp:featuredmedia":[{"embeddable":true,"href":"https:\/\/www.europesays.com\/lv\/wp-json\/wp\/v2\/media\/31787"}],"wp:attachment":[{"href":"https:\/\/www.europesays.com\/lv\/wp-json\/wp\/v2\/media?parent=31786"}],"wp:term":[{"taxonomy":"category","embeddable":true,"href":"https:\/\/www.europesays.com\/lv\/wp-json\/wp\/v2\/categories?post=31786"},{"taxonomy":"post_tag","embeddable":true,"href":"https:\/\/www.europesays.com\/lv\/wp-json\/wp\/v2\/tags?post=31786"}],"curies":[{"name":"wp","href":"https:\/\/api.w.org\/{rel}","templated":true}]}}