{"id":31792,"date":"2025-10-26T19:12:14","date_gmt":"2025-10-26T19:12:14","guid":{"rendered":"https:\/\/www.europesays.com\/lv\/31792\/"},"modified":"2025-10-26T19:12:14","modified_gmt":"2025-10-26T19:12:14","slug":"bija-smagi-dazi-neiztureja-no-krievijas-ieslodzijuma-atbrivotie-ukrainu-civiliedzivotaji-par-gusta-piedzivoto-lsm","status":"publish","type":"post","link":"https:\/\/www.europesays.com\/lv\/31792\/","title":{"rendered":"Bija smagi, da\u017ei neiztur\u0113ja. No Krievijas ieslodz\u012bjuma atbr\u012bvotie ukrai\u0146u civiliedz\u012bvot\u0101ji par g\u016bst\u0101 piedz\u012bvoto &#8211; LSM"},"content":{"rendered":"<ol>\n<li><a href=\"https:\/\/news.google.com\/rss\/articles\/CBMi_gFBVV95cUxNaEd2RkNaX2FjLWRNakpfVU9BWHJSQnVzQUpyenV5enNvYmxoeGE0WmYyRnpGU2FzanZTOG5QaVhzb0hmSWpIZGxuV1FLdGQ3dW9TY2s4SHVHRkFvWGJfSktUM2EwLVJRWE5PbmdEN01JWXpEU0d1T1dKdm5rcVpvWGZ4blM0Y1Z5QmI5SjBnR0w5a01kOWxtaFdrMk9KaGt0NDhwTVNGZWVSbmNSQlJhNV9MUEgydUVnS1ZTQTcwM3AtQ0pmaUJIR3MwSVNkRkJfY09GZjFwX0xRS3BKQnk4SGxKcmlhWTY5dm5jaGt4QkJ3bjZmUURTODVVS05ZZw?oc=5\" target=\"_blank\" rel=\"nofollow noopener\">Bija smagi, da\u017ei neiztur\u0113ja. No Krievijas ieslodz\u012bjuma atbr\u012bvotie ukrai\u0146u civiliedz\u012bvot\u0101ji par g\u016bst\u0101 piedz\u012bvoto<\/a>&nbsp;&nbsp;LSM<\/li>\n<li><a href=\"https:\/\/news.google.com\/rss\/articles\/CBMi-wFBVV95cUxPWXVCZGJzSHhFRlc0ejhWZDhpWXNVclFESmpGeWhJNFdtMkR0RlpGT1YwYS1VNDk5S2huRThlaW1kSHZqRVZEdktMemxFZ1Q3TXBWOVBmTVZYUnZPZ1JVMjNTVkpRRWFZNC04TmllVFlPVERBUmctWDFkSUgxQlZQSmNXTmhEUzN4cThJMW1mZlFvZ21VNmVuQkF4SG9YU2M5OFZwanltNGZ5OWxJNkl5U01DT244cHFsaEVLWTRpb1JVakV6Z3k3NGdpYXQ1YmtKb19WTVNfRThLX2VfX2R1WW1lZEFLWUdBc1BPSzBVMjZXOVQzM2lPQVNSQQ?oc=5\" target=\"_blank\" rel=\"nofollow noopener\">Bads, fiziska un psiholo\u0123iska vardarb\u012bba; Krievijas g\u016bst\u0101 atrodas vismaz 2 t\u016bksto\u0161i Ukrainas civiliedz\u012bvot\u0101ju<\/a>&nbsp;&nbsp;LSM<\/li>\n<li><a href=\"https:\/\/news.google.com\/rss\/articles\/CBMisAFBVV95cUxOYUoxakV5d0JSQ0xJNVdyVVdQSUxKdWJNZ0lXU1F6MlhrdnZmdHdfTjNsQ01rMnBJaTFranNzSHhIaUpGcWN4TDgwR1RqeGVzZXVrSnpndU4yUWdmc0N1czN3OVM1YzVabjVsMzVHRzVWZzE5TTNJSzJoMmx2ZDlBZHFIeFgzbExtVkQwdWoxREQyR0Y1QU5Zdk5wS1BnYVcxeWZ2YXVBazEyS3dENEg4Nw?oc=5\" target=\"_blank\" rel=\"nofollow noopener\">Atkl\u0101ti sievie\u0161u un v\u012brie\u0161u st\u0101sti par seksu\u0101lo vardarb\u012bbu kara plos\u012btaj\u0101 Ukrain\u0101<\/a>&nbsp;&nbsp;Apollo.lv<\/li>\n<li><a href=\"https:\/\/news.google.com\/rss\/articles\/CBMiuwFBVV95cUxPSWxtQ01tUU0tbEUwaWRJME4xb1RCelR2dmZDSm1FRGl1TzdnaHc3cFZfSTJNTE5FcWZzR0pQNjZxa010NlFlZ3llWER1S29Fa3REb2M3UHRoalMxY2c5V0dyVUFESzYxQjU1QkNuR0xkNS1nRmFiTEFkTWlGd09NSVNhTkVlYV9MeTctZkg2dnVFTEJJdGx1UzVvYmViX29oeS0tLVJQbE5DY1QwYXR1TGdIVVZQandCZDFJ?oc=5\" target=\"_blank\" rel=\"nofollow noopener\">Kara dr\u0101ma Ukrain\u0101: Seksu\u0101l\u0101 vardarb\u012bba k\u0101 apzin\u0101ts Krievijas armijas ierocis<\/a>&nbsp;&nbsp;Lente.lv<\/li>\n<\/ol>\n","protected":false},"excerpt":{"rendered":"Bija smagi, da\u017ei neiztur\u0113ja. No Krievijas ieslodz\u012bjuma atbr\u012bvotie ukrai\u0146u civiliedz\u012bvot\u0101ji par g\u016bst\u0101 piedz\u012bvoto&nbsp;&nbsp;LSM Bads, fiziska un psiholo\u0123iska vardarb\u012bba;&hellip;\n","protected":false},"author":2,"featured_media":27452,"comment_status":"","ping_status":"","sticky":false,"template":"","format":"standard","meta":{"footnotes":""},"categories":[14],"tags":[23,57,28,29,32,33,22,30,31,35,39,38,36,37,34,40,20,26,27,24,25,54,55,56,21,58],"class_list":{"0":"post-31792","1":"post","2":"type-post","3":"status-publish","4":"format-standard","5":"has-post-thumbnail","7":"category-zinas-no-arvalstim","8":"tag-aktualitates","9":"tag-arvalstim","10":"tag-breaking-news","11":"tag-breakingnews","12":"tag-featured-news","13":"tag-featurednews","14":"tag-headlines","15":"tag-latest-news","16":"tag-latestnews","17":"tag-latvia","18":"tag-latvian","19":"tag-latviesu","20":"tag-latviesu-valoda","21":"tag-latviesuvaloda","22":"tag-latvija","23":"tag-lv","24":"tag-news","25":"tag-popularakas-zinas","26":"tag-popularakaszinas","27":"tag-top-stories","28":"tag-topstories","29":"tag-world","30":"tag-world-news","31":"tag-worldnews","32":"tag-zinas","33":"tag-zinas-no-arvalstim"},"share_on_mastodon":{"url":"https:\/\/pubeurope.com\/@lv\/115442060102013600","error":""},"_links":{"self":[{"href":"https:\/\/www.europesays.com\/lv\/wp-json\/wp\/v2\/posts\/31792","targetHints":{"allow":["GET"]}}],"collection":[{"href":"https:\/\/www.europesays.com\/lv\/wp-json\/wp\/v2\/posts"}],"about":[{"href":"https:\/\/www.europesays.com\/lv\/wp-json\/wp\/v2\/types\/post"}],"author":[{"embeddable":true,"href":"https:\/\/www.europesays.com\/lv\/wp-json\/wp\/v2\/users\/2"}],"replies":[{"embeddable":true,"href":"https:\/\/www.europesays.com\/lv\/wp-json\/wp\/v2\/comments?post=31792"}],"version-history":[{"count":0,"href":"https:\/\/www.europesays.com\/lv\/wp-json\/wp\/v2\/posts\/31792\/revisions"}],"wp:featuredmedia":[{"embeddable":true,"href":"https:\/\/www.europesays.com\/lv\/wp-json\/wp\/v2\/media\/27452"}],"wp:attachment":[{"href":"https:\/\/www.europesays.com\/lv\/wp-json\/wp\/v2\/media?parent=31792"}],"wp:term":[{"taxonomy":"category","embeddable":true,"href":"https:\/\/www.europesays.com\/lv\/wp-json\/wp\/v2\/categories?post=31792"},{"taxonomy":"post_tag","embeddable":true,"href":"https:\/\/www.europesays.com\/lv\/wp-json\/wp\/v2\/tags?post=31792"}],"curies":[{"name":"wp","href":"https:\/\/api.w.org\/{rel}","templated":true}]}}