{"id":31812,"date":"2025-10-26T19:37:09","date_gmt":"2025-10-26T19:37:09","guid":{"rendered":"https:\/\/www.europesays.com\/lv\/31812\/"},"modified":"2025-10-26T19:37:09","modified_gmt":"2025-10-26T19:37:09","slug":"raidijums-%e2%9f%a9-par-vp-reklamas-kampanas-iepirkuma-dalibnieka-alpha-baltic-media-darbibam-sakts-kriminalprocess","status":"publish","type":"post","link":"https:\/\/www.europesays.com\/lv\/31812\/","title":{"rendered":"RAID\u012aJUMS \u27e9 Par VP rekl\u0101mas kampa\u0146as iepirkuma dal\u012bbnieka \u201cAlpha Baltic Media\u201d darb\u012bb\u0101m s\u0101kts krimin\u0101lprocess"},"content":{"rendered":"<p>Un tur bija policijai \u2013 teiksim, ja es atceros \u0161o gad\u012bjumu, tas bija \u013coti sen, varu deta\u013cas neatcer\u0113ties \u2013 bija milz\u012bgs cenu k\u0101pums. T\u0101tad, par to, ka m\u0113s uztais\u0101m publisku pas\u0101kumu, brauc visi b\u0113rni ar rite\u0146iem, j\u0101maks\u0101 septi\u0146i t\u016bksto\u0161i.<\/p>\n<p>Un tur bija dro\u0161i vien diskusija par to, ka main\u012bj\u0101s tarifs pirms pas\u016bt\u012b\u0161anas un bija str\u012bds par tarifu. Bet beig\u0101s tas viss tika atrisin\u0101ts, nomaks\u0101ts un pretenzijas nevienam nav.\u201d<\/p>\n<p>Savuk\u0101rt tam, ka policij\u0101 \u0161obr\u012bd var\u0113tu b\u016bt k\u0101ds iesniegums par vi\u0146a uz\u0146\u0113mumiem, \u0160pillers neticot \u2013 t\u0101 esot kaut k\u0101da manipul\u0101cija, un vi\u0146\u0161 dom\u0101jot, ka inform\u0101cija neesot pareiza, jo neko par to nezinot. \u201cde facto\u201d gan noskaidroja, ka LSM pavasar\u012b patie\u0161\u0101m v\u0113rs\u0101s Valsts policij\u0101 saist\u012bb\u0101 ar \u201cAlpha Baltic Media\u201d darb\u012bb\u0101m Latvijas Radio projektu \u201cDod pieci!\u201d un \u201cMuzik\u0101l\u0101 banka\u201d kampa\u0146as l\u012bguma izpild\u0113.<\/p>\n<p>Tagad policija par to s\u0101kusi krimin\u0101lprocesu. \u201cSaist\u012bb\u0101 ar to konkr\u0113to iesniegumu, lai p\u0101rbaud\u012btu taj\u0101 min\u0113tos faktus, ir ierosin\u0101ts krimin\u0101lprocess. Tas \u0161obr\u012bd ir kvalific\u0113ts p\u0113c Krimin\u0101llikuma XVIII noda\u013cas, kas ir noziedz\u012bgi nodar\u012bjumi pret \u012bpa\u0161umu,\u201d st\u0101sta VP Sabiedrisko attiec\u012bbu noda\u013cas vad\u012bt\u0101ja Simona Gr\u0101v\u012bte.<\/p>\n<p>VP p\u0101rst\u0101ve ar\u012b apstiprin\u0101ja, ka iest\u0101de turpina mekl\u0113t rekl\u0101mas kampa\u0146as \u012bstenot\u0101ju un \u0161aj\u0101 iepirkum\u0101 uzvar\u0113t\u0101js v\u0113l nav izzi\u0146ots: \u201cJa m\u0113s run\u0101jam par konkr\u0113to<\/p>\n<p>iepirkumu, \u0161obr\u012bd Valsts policijai ir iepirkums, kas ir saist\u012bts tie\u0161i ar komunik\u0101cijas aktivit\u0101t\u0113m \u2013 informat\u012bvo radio rekl\u0101mu un digit\u0101lo vizu\u0101lo materi\u0101lu izstr\u0101de un izvieto\u0161ana. (..)<\/p>\n<p>V\u0113l notiek izv\u0113rt\u0113\u0161anas process. Un es ar\u012b varu apstiprin\u0101t, ka m\u0113s esam sa\u0146\u0113mu\u0161i \u0161o LRA v\u0113stuli par iesp\u0113jamajiem riskiem. T\u0101 tiek \u0146emta v\u0113r\u0101 iepirkuma izv\u0113rt\u0113\u0161an\u0101, bet pla\u0161\u0101k koment\u0113t nevaru.\u201d<\/p>\n<p>Lai gan saska\u0146\u0101 ar gada p\u0101rskatu \u201cAlpha Baltic Media\u201d p\u0113rn bija divi darbinieki, \u0160pillers \u201cde facto\u201d apgalvoja, ka \u0161obr\u012bd vi\u0146am esot ap 20 darbinieku: se\u0161i ar past\u0101v\u012bgiem darba l\u012bgumiem, bet p\u0101r\u0113jie str\u0101d\u0101jot uz autoratl\u012bdz\u012bbu vai uz\u0146\u0113muma l\u012bgumu pamata. \u201cde facto\u201d ierodoties a\u0123ent\u016bras biroj\u0101 darbadienas vid\u016b gan sastapa \u0160pilleru vienu pa\u0161u.<\/p>\n","protected":false},"excerpt":{"rendered":"Un tur bija policijai \u2013 teiksim, ja es atceros \u0161o gad\u012bjumu, tas bija \u013coti sen, varu deta\u013cas neatcer\u0113ties&hellip;\n","protected":false},"author":2,"featured_media":31813,"comment_status":"","ping_status":"","sticky":false,"template":"","format":"standard","meta":{"footnotes":""},"categories":[12],"tags":[23,9563,28,29,32,33,22,573,30,31,35,39,38,36,37,34,40,20,26,27,24,25,138,21],"class_list":{"0":"post-31812","1":"post","2":"type-post","3":"status-publish","4":"format-standard","5":"has-post-thumbnail","7":"category-latvija","8":"tag-aktualitates","9":"tag-alpha-baltic-media","10":"tag-breaking-news","11":"tag-breakingnews","12":"tag-featured-news","13":"tag-featurednews","14":"tag-headlines","15":"tag-kriminallieta","16":"tag-latest-news","17":"tag-latestnews","18":"tag-latvia","19":"tag-latvian","20":"tag-latviesu","21":"tag-latviesu-valoda","22":"tag-latviesuvaloda","23":"tag-latvija","24":"tag-lv","25":"tag-news","26":"tag-popularakas-zinas","27":"tag-popularakaszinas","28":"tag-top-stories","29":"tag-topstories","30":"tag-valsts-policija","31":"tag-zinas"},"share_on_mastodon":{"url":"https:\/\/pubeurope.com\/@lv\/115442158316570746","error":""},"_links":{"self":[{"href":"https:\/\/www.europesays.com\/lv\/wp-json\/wp\/v2\/posts\/31812","targetHints":{"allow":["GET"]}}],"collection":[{"href":"https:\/\/www.europesays.com\/lv\/wp-json\/wp\/v2\/posts"}],"about":[{"href":"https:\/\/www.europesays.com\/lv\/wp-json\/wp\/v2\/types\/post"}],"author":[{"embeddable":true,"href":"https:\/\/www.europesays.com\/lv\/wp-json\/wp\/v2\/users\/2"}],"replies":[{"embeddable":true,"href":"https:\/\/www.europesays.com\/lv\/wp-json\/wp\/v2\/comments?post=31812"}],"version-history":[{"count":0,"href":"https:\/\/www.europesays.com\/lv\/wp-json\/wp\/v2\/posts\/31812\/revisions"}],"wp:featuredmedia":[{"embeddable":true,"href":"https:\/\/www.europesays.com\/lv\/wp-json\/wp\/v2\/media\/31813"}],"wp:attachment":[{"href":"https:\/\/www.europesays.com\/lv\/wp-json\/wp\/v2\/media?parent=31812"}],"wp:term":[{"taxonomy":"category","embeddable":true,"href":"https:\/\/www.europesays.com\/lv\/wp-json\/wp\/v2\/categories?post=31812"},{"taxonomy":"post_tag","embeddable":true,"href":"https:\/\/www.europesays.com\/lv\/wp-json\/wp\/v2\/tags?post=31812"}],"curies":[{"name":"wp","href":"https:\/\/api.w.org\/{rel}","templated":true}]}}