{"id":31823,"date":"2025-10-26T19:49:08","date_gmt":"2025-10-26T19:49:08","guid":{"rendered":"https:\/\/www.europesays.com\/lv\/31823\/"},"modified":"2025-10-26T19:49:08","modified_gmt":"2025-10-26T19:49:08","slug":"ilgtermina-mezizstrades-ligumi-ierobezo-konkurenci-apollo-lv","status":"publish","type":"post","link":"https:\/\/www.europesays.com\/lv\/31823\/","title":{"rendered":"Ilgtermi\u0146a me\u017eizstr\u0101des l\u012bgumi ierobe\u017eo konkurenci &#8211; Apollo.lv"},"content":{"rendered":"<ol>\n<li><a href=\"https:\/\/news.google.com\/rss\/articles\/CBMihwFBVV95cUxQd09ZbVJ0ajlabWhkYTdLa1JNbllkZGNSTDZoQU53dV8tcE4yUGZTS1NVT0MtalVTZWp3d0FybmpBSHZFdENCVzhqNVhsdXo4RlI0cmpRTkZKTVFfUkE0dnRfcm4wdmpUVkJHYzhKWTdLTTZtSHZHYkp5V091c3duQzkxbnlsb2s?oc=5\" target=\"_blank\" rel=\"nofollow noopener\">Ilgtermi\u0146a me\u017eizstr\u0101des l\u012bgumi ierobe\u017eo konkurenci<\/a>&nbsp;&nbsp;Apollo.lv<\/li>\n<li><a href=\"https:\/\/news.google.com\/rss\/articles\/CBMigwJBVV95cUxOdkpfWHBuVUZOemVYVlo5dERrRElfNnFBUHl0em00ODcyTU5aRWE2cmM4cW16STViM292bzY5N0hibkNsV1Q2YVBldTRnc1pUR2pUMktRUlpkZl9DWTc0MUluZzRCV1RQZ1lXMmpMbWRVYVFMbG1oYkh3QWtxU3daUjZhOFBGb252d2JZbGh2OE1xcDJpVUo5UE1ZTng3V09FbS1WWWZVaTl2VTdiclZvazVUdXhQcGFKZEJSN1djajdLT2JZYmZabGJxbUxfSEd3amE1X3h6WUJWV3hUM2pJNUMtOVhsN0x3SnExRVMxSTE5SzBiVnctdS1MQkMwNU1JODFJ?oc=5\" target=\"_blank\" rel=\"nofollow noopener\">Pras\u012bs ministra Krauzes izv\u0113rt\u0113jumu l\u0113mumam, kas par 30 miljoniem eiro samazin\u0101ja \u00abLatvijas valsts me\u017eu\u00bb ie\u0146\u0113mumus<\/a>&nbsp;&nbsp;LSM<\/li>\n<li><a href=\"https:\/\/news.google.com\/rss\/articles\/CBMiekFVX3lxTFBtZ3BPTlM5ZXYwOEN2ckl0UVh6b0VuMV9CRFhWQmp5LXVBMjZ1MUFnd1c1cWthSUlyZUZfeTBDdVpienl2M0hzOG5oWFozcGJvNktKT0lzWm1HWmh6bXlveWNQY1hPNER2M1k4VUZWTExuTUljSWhWQ193?oc=5\" target=\"_blank\" rel=\"nofollow noopener\">Aizst\u0101vot viet\u0113jos uz\u0146\u0113mumus, vald\u012bba sa\u0146em d\u016bri sej\u0101<\/a>&nbsp;&nbsp;LA.LV<\/li>\n<li><a href=\"https:\/\/news.google.com\/rss\/articles\/CBMi6wFBVV95cUxQSUIwak9keFRMXzhKc3FFaXA3ODlzR1kxSlg0Sk5HdmZjbGcyZ3c5YTJKTlNWMENsbjZDX2duNU05SnVtNlU4Rkx1LUl1Nk9FY1FpUF9STWk4b2prSHpiZkVzQ2Z5aGd6TEhuckw3UEpoT0lXYUFfYWtuVWdpZ3VBWDRSalhVYnRVWVFMYlprM1lEcUlPb2VlMkI0RDhWRG9KeEVEMGc4bFNSYXdvSWtDTUNrck5oeUJBLVBGcW91TUowY2VKcmtoaHZnUkRpV3dKTDdwQUU5dmVYRV9fZ2cxQjNMX1QwY2tZajFR?oc=5\" target=\"_blank\" rel=\"nofollow noopener\">Putni\u0146\u0161 atst\u0101j \u00abLatvijas Valsts me\u017eu\u00bb vad\u012bt\u0101ja amatu; pl\u0101nota valdes samazin\u0101\u0161ana efektivit\u0101tes nol\u016bkos<\/a>&nbsp;&nbsp;Lente.lv<\/li>\n<li><a href=\"https:\/\/news.google.com\/rss\/articles\/CBMijAFBVV95cUxNVWZYa3kwYTNCc2hveU9BYWFRdTIzQUlQT3hqbkJxRzhZMnBQaUdBcXpJY2NUOXRXT2h5OHlKZkRQWmpYMnFVWUpfRWVEVUNMcWF0cGhKYjdMdW9PSVNmYWtmRTZvejRkN1JiRldJVVpWa1dYRmlRTnVBY2xtTkJWTkhBeW9DRHoyZEJsRQ?oc=5\" target=\"_blank\" rel=\"nofollow noopener\">Raid\u012bjums: LVM valdes priek\u0161s\u0113d\u0113t\u0101js Putni\u0146\u0161 atk\u0101pies no amata<\/a>&nbsp;&nbsp;Dienas Bizness<\/li>\n<\/ol>\n","protected":false},"excerpt":{"rendered":"Ilgtermi\u0146a me\u017eizstr\u0101des l\u012bgumi ierobe\u017eo konkurenci&nbsp;&nbsp;Apollo.lv Pras\u012bs ministra Krauzes izv\u0113rt\u0113jumu l\u0113mumam, kas par 30 miljoniem eiro samazin\u0101ja \u00abLatvijas valsts&hellip;\n","protected":false},"author":2,"featured_media":31824,"comment_status":"","ping_status":"","sticky":false,"template":"","format":"standard","meta":{"footnotes":""},"categories":[12],"tags":[23,28,29,32,33,22,9564,30,31,35,39,38,36,37,34,664,40,20,26,27,24,25,21],"class_list":{"0":"post-31823","1":"post","2":"type-post","3":"status-publish","4":"format-standard","5":"has-post-thumbnail","7":"category-latvija","8":"tag-aktualitates","9":"tag-breaking-news","10":"tag-breakingnews","11":"tag-featured-news","12":"tag-featurednews","13":"tag-headlines","14":"tag-kokmateriali","15":"tag-latest-news","16":"tag-latestnews","17":"tag-latvia","18":"tag-latvian","19":"tag-latviesu","20":"tag-latviesu-valoda","21":"tag-latviesuvaloda","22":"tag-latvija","23":"tag-latvijas-valsts-mezi","24":"tag-lv","25":"tag-news","26":"tag-popularakas-zinas","27":"tag-popularakaszinas","28":"tag-top-stories","29":"tag-topstories","30":"tag-zinas"},"share_on_mastodon":{"url":"https:\/\/pubeurope.com\/@lv\/115442205502792821","error":""},"_links":{"self":[{"href":"https:\/\/www.europesays.com\/lv\/wp-json\/wp\/v2\/posts\/31823","targetHints":{"allow":["GET"]}}],"collection":[{"href":"https:\/\/www.europesays.com\/lv\/wp-json\/wp\/v2\/posts"}],"about":[{"href":"https:\/\/www.europesays.com\/lv\/wp-json\/wp\/v2\/types\/post"}],"author":[{"embeddable":true,"href":"https:\/\/www.europesays.com\/lv\/wp-json\/wp\/v2\/users\/2"}],"replies":[{"embeddable":true,"href":"https:\/\/www.europesays.com\/lv\/wp-json\/wp\/v2\/comments?post=31823"}],"version-history":[{"count":0,"href":"https:\/\/www.europesays.com\/lv\/wp-json\/wp\/v2\/posts\/31823\/revisions"}],"wp:featuredmedia":[{"embeddable":true,"href":"https:\/\/www.europesays.com\/lv\/wp-json\/wp\/v2\/media\/31824"}],"wp:attachment":[{"href":"https:\/\/www.europesays.com\/lv\/wp-json\/wp\/v2\/media?parent=31823"}],"wp:term":[{"taxonomy":"category","embeddable":true,"href":"https:\/\/www.europesays.com\/lv\/wp-json\/wp\/v2\/categories?post=31823"},{"taxonomy":"post_tag","embeddable":true,"href":"https:\/\/www.europesays.com\/lv\/wp-json\/wp\/v2\/tags?post=31823"}],"curies":[{"name":"wp","href":"https:\/\/api.w.org\/{rel}","templated":true}]}}