{"id":31827,"date":"2025-10-26T20:03:08","date_gmt":"2025-10-26T20:03:08","guid":{"rendered":"https:\/\/www.europesays.com\/lv\/31827\/"},"modified":"2025-10-26T20:03:08","modified_gmt":"2025-10-26T20:03:08","slug":"koris-kamer-ceturto-reizi-izcina-eiropas-grand-prix-trofeju-2","status":"publish","type":"post","link":"https:\/\/www.europesays.com\/lv\/31827\/","title":{"rendered":"Koris &#8220;Kam\u0113r&#8230;&#8221; ceturto reizi izc\u012bna Eiropas &#8220;Grand Prix&#8221; trofeju"},"content":{"rendered":"<p>Tolos\u0101 &#8220;Kam\u0113r&#8230;&#8221; sacent\u0101s ar koriem &#8220;Imusicapella&#8221; un &#8220;Los Cantantes de Manila&#8221; no Filip\u012bn\u0101m, &#8220;The Resonanz Children\u2019s Choir&#8221; no Indon\u0113zijas un &#8220;S\u014dla&#8221; no Latvijas.<\/p>\n<p>Konkursa fin\u0101l\u0101 &#8220;Kam\u0113r&#8230;&#8221; izpild\u012bja \u0100dolfa Skultes kompoz\u012bciju &#8220;J\u016brai&#8221;, Henrija P\u0113rsela un Svena D\u0101vida Sandstrema &#8220;Hear My Prayer, O Lord&#8221;, Ri\u010darda D\u0113ringa &#8220;Factum est silentium&#8221;, \u0112rika E\u0161envalda &#8220;A Drop in the Ocean&#8221; un Tadejas Vulcas &#8220;Sine Sole Nihil Sum&#8221;.<\/p>\n<p>Ties\u012bbas \u0161ogad sacensties par Eiropas koru &#8220;Grand Prix&#8221; balvu &#8220;Kam\u0113r&#8230;&#8221; ieguva jau pag\u0101ju\u0161\u0101 gada ruden\u012b, Bulg\u0101rijas pils\u0113t\u0101 Varn\u0101 uzvarot Starptautiskaj\u0101 profesora Georgija Dimitrova koru konkurs\u0101.<\/p>\n<p>Savuk\u0101rt otrs Eiropas koru &#8220;Grand Prix&#8221; fin\u0101l\u0101 no Latvijas start\u0113ju\u0161ais <a href=\"https:\/\/sejas.tvnet.lv\/term\/807658\/koris\" class=\"topicLink\" target=\"_blank\" rel=\"nofollow noopener\">koris<\/a> &#8211; &#8220;S\u014dla&#8221; ar diri\u0123entu un m\u0101ksliniecisko vad\u012bt\u0101ju Kasparu \u0100damsonu &#8211; ce\u013caz\u012bmi uz Tolosu izc\u012bn\u012bja p\u0113rn Starptautiskaj\u0101 Baltijas j\u016bras koru konkurs\u0101 J\u016brmal\u0101. \u0160\u012b ir tre\u0161\u0101 reize, kad &#8220;S\u014dla&#8221; piedal\u0101s Eiropas koru &#8220;Grand Prix&#8221; fin\u0101l\u0101.<\/p>\n<p>Eiropas Liel\u0101 balva kora dzied\u0101\u0161an\u0101 ir ikgad\u0113js koru konkurss, kur\u0101 piedal\u0101s se\u0161u Eiropas koru konkursu uzvar\u0113t\u0101ji, kas var b\u016bt kori no visas pasaules.<\/p>\n<p>1990. gad\u0101 dibin\u0101tais <a href=\"https:\/\/sejas.tvnet.lv\/term\/807659\/koris-kamer\" class=\"topicLink\" target=\"_blank\" rel=\"nofollow noopener\">koris &#8220;Kam\u0113r&#8230;&#8221;<\/a> jau iepriek\u0161 \u0161aj\u0101 konkurs\u0101 bija uzvar\u0113jis tr\u012bs reizes &#8211; 2004. gad\u0101 diri\u0123enta M\u0101ra Sirm\u0101 vad\u012bb\u0101, 2013. gad\u0101 J\u0101\u0146a Liepi\u0146a vad\u012bb\u0101 un 2019. gad\u0101 Aivja Gretera vad\u012bb\u0101.<\/p>\n","protected":false},"excerpt":{"rendered":"Tolos\u0101 &#8220;Kam\u0113r&#8230;&#8221; sacent\u0101s ar koriem &#8220;Imusicapella&#8221; un &#8220;Los Cantantes de Manila&#8221; no Filip\u012bn\u0101m, &#8220;The Resonanz Children\u2019s Choir&#8221; no&hellip;\n","protected":false},"author":2,"featured_media":31826,"comment_status":"","ping_status":"","sticky":false,"template":"","format":"standard","meta":{"footnotes":""},"categories":[19],"tags":[89,339,90,9566,9567,35,39,38,36,37,34,40],"class_list":{"0":"post-31827","1":"post","2":"type-post","3":"status-publish","4":"format-standard","5":"has-post-thumbnail","7":"category-izklaide","8":"tag-entertainment","9":"tag-grand-prix","10":"tag-izklaide","11":"tag-koris","12":"tag-koris-kamer","13":"tag-latvia","14":"tag-latvian","15":"tag-latviesu","16":"tag-latviesu-valoda","17":"tag-latviesuvaloda","18":"tag-latvija","19":"tag-lv"},"share_on_mastodon":{"url":"https:\/\/pubeurope.com\/@lv\/115442260584854681","error":""},"_links":{"self":[{"href":"https:\/\/www.europesays.com\/lv\/wp-json\/wp\/v2\/posts\/31827","targetHints":{"allow":["GET"]}}],"collection":[{"href":"https:\/\/www.europesays.com\/lv\/wp-json\/wp\/v2\/posts"}],"about":[{"href":"https:\/\/www.europesays.com\/lv\/wp-json\/wp\/v2\/types\/post"}],"author":[{"embeddable":true,"href":"https:\/\/www.europesays.com\/lv\/wp-json\/wp\/v2\/users\/2"}],"replies":[{"embeddable":true,"href":"https:\/\/www.europesays.com\/lv\/wp-json\/wp\/v2\/comments?post=31827"}],"version-history":[{"count":0,"href":"https:\/\/www.europesays.com\/lv\/wp-json\/wp\/v2\/posts\/31827\/revisions"}],"wp:featuredmedia":[{"embeddable":true,"href":"https:\/\/www.europesays.com\/lv\/wp-json\/wp\/v2\/media\/31826"}],"wp:attachment":[{"href":"https:\/\/www.europesays.com\/lv\/wp-json\/wp\/v2\/media?parent=31827"}],"wp:term":[{"taxonomy":"category","embeddable":true,"href":"https:\/\/www.europesays.com\/lv\/wp-json\/wp\/v2\/categories?post=31827"},{"taxonomy":"post_tag","embeddable":true,"href":"https:\/\/www.europesays.com\/lv\/wp-json\/wp\/v2\/tags?post=31827"}],"curies":[{"name":"wp","href":"https:\/\/api.w.org\/{rel}","templated":true}]}}