{"id":31828,"date":"2025-10-26T20:09:11","date_gmt":"2025-10-26T20:09:11","guid":{"rendered":"https:\/\/www.europesays.com\/lv\/31828\/"},"modified":"2025-10-26T20:09:11","modified_gmt":"2025-10-26T20:09:11","slug":"mani-vienmer-bijis-spridisa-gens-lente-lv","status":"publish","type":"post","link":"https:\/\/www.europesays.com\/lv\/31828\/","title":{"rendered":"&#8220;Man\u012b vienm\u0113r bijis Spr\u012bd\u012b\u0161a g\u0113ns!&#8221;\u00a0\u2014\u00a0Lente.lv"},"content":{"rendered":"<p>M\u0101rti\u0146\u0161 Sils: Ce\u013co\u0161ana bez pl\u0101na ir mana filozofija<\/p>\n<p>Motobrauc\u0113js M\u0101rti\u0146\u0161 Sils, kur\u0161 divreiz apce\u013cojis apk\u0101rt pasaulei un pabijis 105 valst\u012bs, dal\u0101s savos p\u0101rsteidzo\u0161ajos piedz\u012bvojumos \u0100frik\u0101 un citur pasaul\u0113. Vi\u0146a moto ir vienk\u0101r\u0161s, bet dzi\u013c\u0161: lab\u0101kais pl\u0101ns ir nek\u0101du pl\u0101nu. \u0160\u012b filozofija ir pav\u0113rusi vi\u0146am durvis uz negaid\u012bt\u0101m un aizraujo\u0161\u0101m pieredz\u0113m, kas bie\u017ei vien ir v\u0113rt\u012bg\u0101kas par jebkuru iepriek\u0161 sast\u0101d\u012btu mar\u0161rutu.<\/p>\n<p>Spr\u012bd\u012b\u0161a G\u0113ns un Neizm\u0113rojamais Nobraukums<\/p>\n<p>Sils atz\u012bst, ka vi\u0146\u0101 vienm\u0113r m\u0101jojis \u201cSpr\u012bd\u012b\u0161a g\u0113ns\u201d \u2013 v\u0113lme izzin\u0101t un doties pla\u0161aj\u0101 pasaul\u0113. Ar savu uzticamo motociklu, kur\u0161 vienlaikus ir gan transports, gan m\u012blest\u012bbas objekts, vi\u0146\u0161 ir nobraucis iespaid\u012bgu 250 000 kilometru. Tas ir vair\u0101k nek\u0101 se\u0161as reizes apk\u0101rt zemeslodei! Vi\u0146a divi pilni apvedce\u013ci apk\u0101rt pasaulei, k\u0101 vi\u0146\u0161 pats smej, devu\u0161i vi\u0146am divas dienas un divus saull\u0113ktus vair\u0101k nek\u0101 citiem \u2013 unik\u0101lu perspekt\u012bvu uz dz\u012bvi un pasauli.<\/p>\n<p>\u0100frikas Piedz\u012bvojumi un Ce\u013cu Burv\u012bba<\/p>\n<p>Lai gan konkr\u0113ti \u0100frikas piedz\u012bvojumi tiek piemin\u0113ti k\u0101 piem\u0113rs, Sils uzsver, ka neprognoz\u0113jam\u012bba ir ce\u013co\u0161anas esence. Vi\u0146\u0161 kop\u0101 ar domubiedriem vien zina, kad j\u0101atgrie\u017eas m\u0101j\u0101s, bet l\u012bdz tam \u2013 br\u012bv\u012bba izv\u0113l\u0113ties virzienu. \u201cGandr\u012bz vienm\u0113r lab\u0101k\u0101s lietas atn\u0101k ce\u013c\u0101,\u201d vi\u0146\u0161 saka, uzsverot, ka spontanit\u0101te un atv\u0113rt\u012bba jauniem piedz\u012bvojumiem ir atsl\u0113ga dzi\u013c\u0101kai izpratnei par pasauli un t\u0101s iem\u012btniekiem. \u0160\u012b pieeja ne\u013cauj rut\u012bnai p\u0101r\u0146emt un nodro\u0161ina, ka katrs ce\u013cojums ir pilns ar p\u0101rsteigumiem un neaizmirstam\u0101m atmi\u0146\u0101m.<\/p>\n","protected":false},"excerpt":{"rendered":"M\u0101rti\u0146\u0161 Sils: Ce\u013co\u0161ana bez pl\u0101na ir mana filozofija Motobrauc\u0113js M\u0101rti\u0146\u0161 Sils, kur\u0161 divreiz apce\u013cojis apk\u0101rt pasaulei un pabijis&hellip;\n","protected":false},"author":2,"featured_media":31829,"comment_status":"","ping_status":"","sticky":false,"template":"","format":"standard","meta":{"footnotes":""},"categories":[19],"tags":[3004,1992,89,90,35,39,38,36,37,34,40,9568,5647,9569],"class_list":{"0":"post-31828","1":"post","2":"type-post","3":"status-publish","4":"format-standard","5":"has-post-thumbnail","7":"category-izklaide","8":"tag-afrika","9":"tag-celojumi","10":"tag-entertainment","11":"tag-izklaide","12":"tag-latvia","13":"tag-latvian","14":"tag-latviesu","15":"tag-latviesu-valoda","16":"tag-latviesuvaloda","17":"tag-latvija","18":"tag-lv","19":"tag-martins-sils","20":"tag-motocikls","21":"tag-piedzivojumi"},"share_on_mastodon":{"url":"https:\/\/pubeurope.com\/@lv\/115442284160921516","error":""},"_links":{"self":[{"href":"https:\/\/www.europesays.com\/lv\/wp-json\/wp\/v2\/posts\/31828","targetHints":{"allow":["GET"]}}],"collection":[{"href":"https:\/\/www.europesays.com\/lv\/wp-json\/wp\/v2\/posts"}],"about":[{"href":"https:\/\/www.europesays.com\/lv\/wp-json\/wp\/v2\/types\/post"}],"author":[{"embeddable":true,"href":"https:\/\/www.europesays.com\/lv\/wp-json\/wp\/v2\/users\/2"}],"replies":[{"embeddable":true,"href":"https:\/\/www.europesays.com\/lv\/wp-json\/wp\/v2\/comments?post=31828"}],"version-history":[{"count":0,"href":"https:\/\/www.europesays.com\/lv\/wp-json\/wp\/v2\/posts\/31828\/revisions"}],"wp:featuredmedia":[{"embeddable":true,"href":"https:\/\/www.europesays.com\/lv\/wp-json\/wp\/v2\/media\/31829"}],"wp:attachment":[{"href":"https:\/\/www.europesays.com\/lv\/wp-json\/wp\/v2\/media?parent=31828"}],"wp:term":[{"taxonomy":"category","embeddable":true,"href":"https:\/\/www.europesays.com\/lv\/wp-json\/wp\/v2\/categories?post=31828"},{"taxonomy":"post_tag","embeddable":true,"href":"https:\/\/www.europesays.com\/lv\/wp-json\/wp\/v2\/tags?post=31828"}],"curies":[{"name":"wp","href":"https:\/\/api.w.org\/{rel}","templated":true}]}}