{"id":31830,"date":"2025-10-26T20:14:15","date_gmt":"2025-10-26T20:14:15","guid":{"rendered":"https:\/\/www.europesays.com\/lv\/31830\/"},"modified":"2025-10-26T20:14:15","modified_gmt":"2025-10-26T20:14:15","slug":"saeima-steidzamibas-karta-virzis-izstasanos-no-stambulas-konvencijas-izraisot-politiskas-diskusijas-lente-lv","status":"publish","type":"post","link":"https:\/\/www.europesays.com\/lv\/31830\/","title":{"rendered":"Saeima steidzam\u012bbas k\u0101rt\u0101 virz\u012bs izst\u0101\u0161anos no Stambulas konvencijas, izraisot politisk\u0101s diskusijas\u00a0\u2014\u00a0Lente.lv"},"content":{"rendered":"<p>Saeima steidzam\u012bbas k\u0101rt\u0101 lemj par izst\u0101\u0161anos no Stambulas konvencijas<\/p>\n<p>Saeimas deput\u0101tu vair\u0101kums ceturtdien, 23. oktobr\u012b, atbalst\u012bja likumprojekta par Latvijas izst\u0101\u0161anos no Eiropas Padomes Konvencijas par vardarb\u012bbas pret sieviet\u0113m un vardarb\u012bbas \u0123imen\u0113 nov\u0113r\u0161anu un apkaro\u0161anu (zin\u0101mu ar\u012b k\u0101 Stambulas konvenciju) izskat\u012b\u0161anu steidzam\u012bbas k\u0101rt\u0101. \u0160\u0101ds l\u0113mums tika pie\u0146emts p\u0113c opoz\u012bcijas partiju un koal\u012bcij\u0101 eso\u0161\u0101s Za\u013co un zemnieku savien\u012bbas (ZZS) iniciat\u012bvas, par ko balsoja 52 deput\u0101ti. Pret balsoja 31 deput\u0101ts no &#8220;Progres\u012bvo&#8221; un &#8220;Jaun\u0101s vienot\u012bbas&#8221; frakcij\u0101m, savuk\u0101rt viens ZZS deput\u0101ts attur\u0113j\u0101s.<\/p>\n<p>Steidzam\u012bbas k\u0101rtas noteik\u0161ana noz\u012bm\u0113, ka likumprojekts tiks izskat\u012bts pa\u0101trin\u0101t\u0101 temp\u0101, ta\u010du \u0161is balsojums neguva divu tre\u0161da\u013cu kl\u0101teso\u0161o deput\u0101tu vair\u0101kumu, kas ir nepiecie\u0161ams, lai Valsts prezidents nevar\u0113tu piepras\u012bt likuma otrreiz\u0113ju caurl\u016bko\u0161anu vai nodot to tautas nobalso\u0161anai. Priek\u0161likumu iesnieg\u0161anas termi\u0146\u0161 likumprojektam noteikts tikai viena diena, radot spiedienu uz likumdo\u0161anas procesu.<\/p>\n<p>Politisk\u0101s diskusijas un argumenti<\/p>\n<p>L\u0113mums par steidzam\u012bbas noteik\u0161anu izrais\u012bjis asas debates Saeim\u0101. Deput\u0101ti no &#8220;Jaun\u0101s vienot\u012bbas&#8221; un &#8220;Progres\u012bvajiem&#8221; kritiz\u0113 steidz\u012bgo izskat\u012b\u0161anu, nor\u0101dot uz nepiecie\u0161am\u012bbu veikt padzi\u013cin\u0101tu finansi\u0101l\u0101s un tiesisk\u0101s ietekmes anal\u012bzi pirms izst\u0101\u0161an\u0101s l\u0113muma pie\u0146em\u0161anas. Vi\u0146upr\u0101t, jaut\u0101jums nav pietiekami izdiskut\u0113ts, un t\u0101 izskat\u012b\u0161ana steidzam\u012bbas k\u0101rt\u0101 ir nepie\u0146emama. Savuk\u0101rt Stambulas konvencijas pretinieki, tostarp \u0100rlietu komisijas priek\u0161s\u0113d\u0113t\u0101ja In\u0101ra M\u016brniece, apgalvo, ka apst\u0101k\u013ci ir main\u012bju\u0161ies un ka steidzam\u012bba ir nepiecie\u0161ama, lai izv\u0113rt\u0113tu likumprojektu.<\/p>\n<p>Debates par konvenciju atkl\u0101ju\u0161as dzi\u013cu plaisu starp deput\u0101tu viedok\u013ciem. Kam\u0113r viens politiskais sp\u0113ks uzskata konvenciju par b\u016btisku instrumentu cietu\u0161o aizsardz\u012bbai, citi to redz k\u0101 ideolo\u0123isku draudu un uzsver nepiecie\u0161am\u012bbu saglab\u0101t nacion\u0101lo regul\u0113jumu. &#8220;Progres\u012bvo&#8221; p\u0101rst\u0101vis Andris \u0160uvajevs paudis, ka izst\u0101\u0161an\u0101s no konvencijas b\u016btu kauna traips un kait\u0113jums gan vardarb\u012bb\u0101 cietu\u0161ajiem, gan Latvijas valsts t\u0113lam. Vi\u0146\u0161 pie\u013cauj iesp\u0113ju v\u0113rsties pie Valsts prezidenta vai Satversmes tiesas, ja likumprojekts tiks gal\u012bgi pie\u0146emts.<\/p>\n<p>Stambulas konvencija Latvij\u0101: V\u0113sture un m\u0113r\u0137i<\/p>\n<p>Eiropas Padomes Konvencija par vardarb\u012bbas pret sieviet\u0113m un vardarb\u012bbas \u0123imen\u0113 nov\u0113r\u0161anu un apkaro\u0161anu, kas pla\u0161\u0101k paz\u012bstama k\u0101 Stambulas konvencija, Latvij\u0101 st\u0101j\u0101s sp\u0113k\u0101 2024. gada 1. maij\u0101. T\u0101 ir starptautisks l\u012bgums, kura galvenais m\u0113r\u0137is ir nov\u0113rst vardarb\u012bbu pret sieviet\u0113m un vardarb\u012bbu \u0123imen\u0113, aizsarg\u0101t upurus un izbeigt vain\u012bgo nesod\u0101m\u012bbu. Konvencija paredz dal\u012bbvalst\u012bm izstr\u0101d\u0101t saska\u0146otu politiku, lai nodro\u0161in\u0101tu vispus\u012bgu pal\u012bdz\u012bbu un aizsardz\u012bbu vardarb\u012bbas upuriem, tostarp kr\u012bzes centrus un diennakts kr\u012bzes t\u0101lru\u0146us. T\u0101 ar\u012b uzsver nepiecie\u0161am\u012bbu veicin\u0101t sabiedr\u012bbas inform\u0113t\u012bbu un speci\u0101listu izgl\u012bto\u0161anu par da\u017e\u0101d\u0101m vardarb\u012bbas form\u0101m.<\/p>\n<p>Tom\u0113r konvencija ir rad\u012bjusi ar\u012b diskusijas un sa\u0161\u0137\u0113lusi politisko vidi Latvij\u0101. Da\u013ca sabiedr\u012bbas un politi\u0137u pau\u017e ba\u017eas par t\u0101s iesp\u0113jamo ideolo\u0123isko ietekmi un uzsver nepiecie\u0161am\u012bbu saglab\u0101t nacion\u0101l\u0101s likumdo\u0161anas neatkar\u012bbu. \u0160\u012bs domstarp\u012bbas ir rad\u012bju\u0161as spriedzi valdo\u0161aj\u0101 koal\u012bcij\u0101, \u012bpa\u0161i \u0146emot v\u0113r\u0101 ZZS balsojumu par izst\u0101\u0161anos, kas apdraud vald\u012bbas stabilit\u0101ti.<\/p>\n<p>T\u0101l\u0101kie so\u013ci un iesp\u0113jam\u0101s sekas<\/p>\n<p>Saeimas l\u0113mums virz\u012bt izst\u0101\u0161anos no Stambulas konvencijas steidzam\u012bbas k\u0101rt\u0101 noz\u012bm\u0113, ka gal\u012bgais balsojums var\u0113tu notikt jau n\u0101kamaj\u0101 ned\u0113\u013c\u0101. \u0160is process ir saist\u012bts ar potenci\u0101l\u0101m juridisk\u0101m un politisk\u0101m sek\u0101m. \u0100rvalstu investoru padome ir br\u012bdin\u0101jusi, ka izst\u0101\u0161an\u0101s no konvencijas var\u0113tu negat\u012bvi ietekm\u0113t Latvijas reput\u0101ciju starptautisk\u0101 m\u0113rog\u0101. Valsts prezidents Edgars Rink\u0113vi\u010ds ir paudis attur\u012bgu nost\u0101ju, nor\u0101dot, ka vi\u0146\u0161 v\u0113rt\u0113s likumprojektu atbilsto\u0161i Satversmei, ja tas non\u0101ks vi\u0146a skat\u012bjum\u0101. Politisko partiju &#8220;Progres\u012bvie&#8221; jau ir izteiku\u0161as gatav\u012bbu apstr\u012bd\u0113t l\u0113mumu, ja tas tiks pie\u0146emts gal\u012bgaj\u0101 las\u012bjum\u0101. \u0160\u012b situ\u0101cija uzskat\u0101ma par spilgtu piem\u0113ru tam, cik ideolo\u0123iski jaut\u0101jumi var sa\u0161\u0137elt politisko vidi un ietekm\u0113t vald\u012bbas darbu.<\/p>\n","protected":false},"excerpt":{"rendered":"Saeima steidzam\u012bbas k\u0101rt\u0101 lemj par izst\u0101\u0161anos no Stambulas konvencijas Saeimas deput\u0101tu vair\u0101kums ceturtdien, 23. oktobr\u012b, atbalst\u012bja likumprojekta par&hellip;\n","protected":false},"author":2,"featured_media":31831,"comment_status":"","ping_status":"","sticky":false,"template":"","format":"standard","meta":{"footnotes":""},"categories":[5],"tags":[23,28,29,32,33,22,5635,30,31,35,39,38,36,37,34,40,20,26,27,141,2023,9570,24,25,2736,21],"class_list":{"0":"post-31830","1":"post","2":"type-post","3":"status-publish","4":"format-standard","5":"has-post-thumbnail","7":"category-aktualitates","8":"tag-aktualitates","9":"tag-breaking-news","10":"tag-breakingnews","11":"tag-featured-news","12":"tag-featurednews","13":"tag-headlines","14":"tag-izstasanas","15":"tag-latest-news","16":"tag-latestnews","17":"tag-latvia","18":"tag-latvian","19":"tag-latviesu","20":"tag-latviesu-valoda","21":"tag-latviesuvaloda","22":"tag-latvija","23":"tag-lv","24":"tag-news","25":"tag-popularakas-zinas","26":"tag-popularakaszinas","27":"tag-saeima","28":"tag-stambulas-konvencija","29":"tag-steidzamibas-karta","30":"tag-top-stories","31":"tag-topstories","32":"tag-vardarbiba-gimene","33":"tag-zinas"},"share_on_mastodon":{"url":"https:\/\/pubeurope.com\/@lv\/115442303901940999","error":""},"_links":{"self":[{"href":"https:\/\/www.europesays.com\/lv\/wp-json\/wp\/v2\/posts\/31830","targetHints":{"allow":["GET"]}}],"collection":[{"href":"https:\/\/www.europesays.com\/lv\/wp-json\/wp\/v2\/posts"}],"about":[{"href":"https:\/\/www.europesays.com\/lv\/wp-json\/wp\/v2\/types\/post"}],"author":[{"embeddable":true,"href":"https:\/\/www.europesays.com\/lv\/wp-json\/wp\/v2\/users\/2"}],"replies":[{"embeddable":true,"href":"https:\/\/www.europesays.com\/lv\/wp-json\/wp\/v2\/comments?post=31830"}],"version-history":[{"count":0,"href":"https:\/\/www.europesays.com\/lv\/wp-json\/wp\/v2\/posts\/31830\/revisions"}],"wp:featuredmedia":[{"embeddable":true,"href":"https:\/\/www.europesays.com\/lv\/wp-json\/wp\/v2\/media\/31831"}],"wp:attachment":[{"href":"https:\/\/www.europesays.com\/lv\/wp-json\/wp\/v2\/media?parent=31830"}],"wp:term":[{"taxonomy":"category","embeddable":true,"href":"https:\/\/www.europesays.com\/lv\/wp-json\/wp\/v2\/categories?post=31830"},{"taxonomy":"post_tag","embeddable":true,"href":"https:\/\/www.europesays.com\/lv\/wp-json\/wp\/v2\/tags?post=31830"}],"curies":[{"name":"wp","href":"https:\/\/api.w.org\/{rel}","templated":true}]}}