{"id":31852,"date":"2025-10-26T20:44:09","date_gmt":"2025-10-26T20:44:09","guid":{"rendered":"https:\/\/www.europesays.com\/lv\/31852\/"},"modified":"2025-10-26T20:44:09","modified_gmt":"2025-10-26T20:44:09","slug":"vairums-ridzinieku-iebilst-pret-elektroauto-privilegijam-rigas-autostavvietas-rigas-domes-satiksmes-komitejas-vaditaja-sola-ka-risinajums-busot","status":"publish","type":"post","link":"https:\/\/www.europesays.com\/lv\/31852\/","title":{"rendered":"Vairums r\u012bdzinieku iebilst pret elektroauto privil\u0113\u0123ij\u0101m R\u012bgas autost\u0101vviet\u0101s. R\u012bgas domes Satiksmes komitejas vad\u012bt\u0101ja sola, ka risin\u0101jums b\u016b\u0161ot"},"content":{"rendered":"<p>\u201cM\u0113s noteikti esam gatavi atbalst\u012bt risin\u0101jumus, bet es teiktu, ka tiem risin\u0101jumiem ir j\u0101n\u0101k no jaun\u0101s politisk\u0101s vad\u012bbas satiksmes jom\u0101. Tas, kas tika apspriests k\u0101 iesp\u0113jamie varianti bija k\u0101 numur viens &#8211; visp\u0101r uzs\u0101kt uzskaiti, lai \u0146emtu t\u0101du nosac\u012btu nulles bi\u013ceti, ja t\u0101 var\u0113tu teikt, lai visp\u0101r b\u016btu dati, jo tie dati \u012bsten\u012bb\u0101 t\u0101di\u00a0 reprezentat\u012bvi nav &#8211; kaut k\u0101di ir, bet cik vi\u0146i prec\u012bzi? Un t\u0101 otra lieta bija, \u0146emot v\u0113r\u0101, ka t\u0101s ir \u012bslaic\u012bgas apst\u0101\u0161an\u0101s st\u0101vvietas ielu mal\u0101s,\u00a0 tad varb\u016bt iet uz to \u012bslaic\u012bgumu, teiksim, noteikt kaut k\u0101du minim\u0101lo stundu vai divas, ko var atst\u0101t,\u201d saka R\u012bgas vicem\u0113rs Vilnis \u0136irsis (JV).<\/p>\n","protected":false},"excerpt":{"rendered":"\u201cM\u0113s noteikti esam gatavi atbalst\u012bt risin\u0101jumus, bet es teiktu, ka tiem risin\u0101jumiem ir j\u0101n\u0101k no jaun\u0101s politisk\u0101s vad\u012bbas&hellip;\n","protected":false},"author":2,"featured_media":31853,"comment_status":"","ping_status":"","sticky":false,"template":"","format":"standard","meta":{"footnotes":""},"categories":[5],"tags":[23,28,29,32,33,22,30,31,35,39,38,36,37,34,40,20,26,27,24,25,21],"class_list":{"0":"post-31852","1":"post","2":"type-post","3":"status-publish","4":"format-standard","5":"has-post-thumbnail","7":"category-aktualitates","8":"tag-aktualitates","9":"tag-breaking-news","10":"tag-breakingnews","11":"tag-featured-news","12":"tag-featurednews","13":"tag-headlines","14":"tag-latest-news","15":"tag-latestnews","16":"tag-latvia","17":"tag-latvian","18":"tag-latviesu","19":"tag-latviesu-valoda","20":"tag-latviesuvaloda","21":"tag-latvija","22":"tag-lv","23":"tag-news","24":"tag-popularakas-zinas","25":"tag-popularakaszinas","26":"tag-top-stories","27":"tag-topstories","28":"tag-zinas"},"share_on_mastodon":{"url":"https:\/\/pubeurope.com\/@lv\/115442421870654578","error":""},"_links":{"self":[{"href":"https:\/\/www.europesays.com\/lv\/wp-json\/wp\/v2\/posts\/31852","targetHints":{"allow":["GET"]}}],"collection":[{"href":"https:\/\/www.europesays.com\/lv\/wp-json\/wp\/v2\/posts"}],"about":[{"href":"https:\/\/www.europesays.com\/lv\/wp-json\/wp\/v2\/types\/post"}],"author":[{"embeddable":true,"href":"https:\/\/www.europesays.com\/lv\/wp-json\/wp\/v2\/users\/2"}],"replies":[{"embeddable":true,"href":"https:\/\/www.europesays.com\/lv\/wp-json\/wp\/v2\/comments?post=31852"}],"version-history":[{"count":0,"href":"https:\/\/www.europesays.com\/lv\/wp-json\/wp\/v2\/posts\/31852\/revisions"}],"wp:featuredmedia":[{"embeddable":true,"href":"https:\/\/www.europesays.com\/lv\/wp-json\/wp\/v2\/media\/31853"}],"wp:attachment":[{"href":"https:\/\/www.europesays.com\/lv\/wp-json\/wp\/v2\/media?parent=31852"}],"wp:term":[{"taxonomy":"category","embeddable":true,"href":"https:\/\/www.europesays.com\/lv\/wp-json\/wp\/v2\/categories?post=31852"},{"taxonomy":"post_tag","embeddable":true,"href":"https:\/\/www.europesays.com\/lv\/wp-json\/wp\/v2\/tags?post=31852"}],"curies":[{"name":"wp","href":"https:\/\/api.w.org\/{rel}","templated":true}]}}