{"id":31858,"date":"2025-10-26T20:48:11","date_gmt":"2025-10-26T20:48:11","guid":{"rendered":"https:\/\/www.europesays.com\/lv\/31858\/"},"modified":"2025-10-26T20:48:11","modified_gmt":"2025-10-26T20:48:11","slug":"aizdomas-par-saistibu-ar-zadzibu-no-luvras-divi-aizturetie","status":"publish","type":"post","link":"https:\/\/www.europesays.com\/lv\/31858\/","title":{"rendered":"Aizdom\u0101s par saist\u012bbu ar z\u0101dz\u012bbu no Luvras divi aiztur\u0113tie"},"content":{"rendered":"<p class=\"lead\">\n                                Saist\u012bb\u0101 ar d\u0101rglietu z\u0101dz\u012bbu no Luvras aiztur\u0113tas divas personas, sv\u0113tdien apstiprin\u0101ja prokurat\u016bra.\n                            <\/p>\n<p style=\"margin-left:0px;\">Vienu no person\u0101m aiztur\u0113ja Par\u012bzes \u0160ala de Golla lidost\u0101, kad vi\u0146\u0161 m\u0113\u0123in\u0101ja iek\u0101pt reisa uz Al\u017e\u012briju lidma\u0161\u012bn\u0101, izskan\u0113jis viet\u0113jos medijos.<\/p>\n<p style=\"margin-left:0px;\">Otra persona aiztur\u0113ta S\u0113nas-Senden\u012b departament\u0101.<\/p>\n<p style=\"margin-left:0px;\">Jau v\u0113st\u012bts, ka pasaulslavenaj\u0101 muzej\u0101 pirms ned\u0113\u013cas notika evaku\u0101cija un to uz vair\u0101k\u0101m dien\u0101m sl\u0113dza p\u0113c tam, kad \u010detri cilv\u0113ki mask\u0101s ielauz\u0101s Luvras Apollo galerij\u0101, nozaga d\u0101rglietas un aizb\u0113ga, izmantojot motorollerus. Z\u0101dz\u012bba ilga vien da\u017eas min\u016btes un notika gai\u0161\u0101 dienas laik\u0101, kad muzej\u0101 jau atrad\u0101s pirmie apmekl\u0113t\u0101ji.<\/p>\n<p style=\"margin-left:0px;\">No Luvras tika nozagti devi\u0146i priek\u0161meti, no kuriem viens &#8211; imperatores Ei\u017eenijas kronis &#8211; v\u0113l\u0101k tika atrasts net\u0101lu no muzeja. Zag\u013ci ac\u012bmredzot to pazaud\u0113ja b\u0113g\u0161anas laik\u0101. Kronis, ko rot\u0101 1354 dimanti un 56 smaragdi, z\u0101dz\u012bbas laik\u0101 tika boj\u0101ts.<\/p>\n<p style=\"margin-left:0px;\">Zag\u013ciem izdev\u0101s aizb\u0113gt ar asto\u0146iem priek\u0161metiem, kas dat\u0113ti ar 19. gadsimtu, tai skait\u0101 smaragdu un dimantu kaklarotu, ko Napoleons d\u0101vin\u0101ja savai otrajai sievai Marijai Lu\u012bzei.<\/p>\n<p style=\"margin-left:0px;\">Nozagto Francijas monarhu d\u0101rglietu v\u0113rt\u012bba tiek l\u0113sta 88 miljonu eiro apm\u0113r\u0101.<\/p>\n<p style=\"margin-left:0px;\">Piektdien prokurat\u016bra pazi\u0146oja, ka izmekl\u0113t\u0101ji nozieguma viet\u0101 ir ieguvu\u0161i vair\u0101k nek\u0101 150 DNS paraugu, pirkstu nospiedumu un citu pavedienu.<\/p>\n<p class=\"paragraph-muted\">Izv\u0113lies savu soct\u012bklu platformu, lai sekotu LASI.LV: <a href=\"https:\/\/www.facebook.com\/portals.lasi.lv\" target=\"_blank\" rel=\"noopener noreferrer nofollow\">Facebook<\/a>, <a href=\"https:\/\/twitter.com\/lasilvportals\" target=\"_blank\" rel=\"noopener noreferrer nofollow\">X<\/a>, <a href=\"https:\/\/bsky.app\/profile\/lasilv.bsky.social\" target=\"_blank\" rel=\"noopener noreferrer nofollow\">Bluesky<\/a>, <a href=\"https:\/\/www.draugiem.lv\/lasilv\/?pg=4\" target=\"_blank\" rel=\"noopener noreferrer nofollow\">Draugiem<\/a> vai ar\u012b <a href=\"https:\/\/www.instagram.com\/lasilv_zinas\/\" target=\"_blank\" rel=\"noopener noreferrer nofollow\">Instagram<\/a>. Pievienojies m\u016bsu las\u012bt\u0101ju pulkam, lai sa\u0146emtu \u012bpa\u0161i tev atlas\u012btu noder\u012bgu, praktisku un aktu\u0101lu saturu.\u00a0<\/p>\n<p><a href=\"https:\/\/lasi.lv\/abonesana\" rel=\"nofollow noopener\" target=\"_blank\">Abon\u0113<\/a>\u00a0LASI.LV gadam\u00a0vai k\u0101du no\u00a0&#8220;Latvijas Mediju&#8221; periodiskajiem izdevumiem 2026. gadam, un laim\u0113 1500 eiro vai Philips kafijas autom\u0101tu. Loterijas at\u013caujas nr. 8744.<\/p>\n<p><img decoding=\"async\" src=\"https:\/\/www.europesays.com\/lv\/wp-content\/uploads\/2025\/10\/1760568371_496_2025100311425268df8c8c1572e.jpg\" alt=\"\" loading=\"lazy\"\/><\/p>\n<p style=\"margin-left:auto;\">Pieraksties LASI.LV redaktora v\u0113stkopai <a href=\"https:\/\/lasi.lv\/vestkopa\/lasi-lv-galvena-redaktora-vestkopa\" rel=\"nofollow noopener\" target=\"_blank\">\u0161eit<\/a>.<\/p>\n<p>Pieraksties v\u0113stkopai un divas reizes ned\u0113\u013c\u0101 sa\u0146em padzi\u013cin\u0101tu LASI.LV galven\u0101 redaktora aktu\u0101lo zi\u0146u, kompetentu viedok\u013cu un interesant\u0101ko interviju apkopojumu.<\/p>\n<p>Ko tu sa\u0146emsi:<\/p>\n<ul>\n<li>Daudzveid\u012bgus koment\u0101rus un kompetentus Latvijas Mediju \u017eurn\u0101listu un autoru viedok\u013cus par aktu\u0101lo<\/li>\n<li>Ekspertu koment\u0101rus par da\u017e\u0101diem praktiskiem, noder\u012bgiem tematiem<\/li>\n<li>Aizraujo\u0161us materi\u0101lus par v\u0113sturi, psiholo\u0123iju, kult\u016bru<\/li>\n<li>Gata \u0160\u013c\u016bkas karikat\u016bru<\/li>\n<li>Tav\u0101 e-pasta kast\u012bt\u0113 katru ceturtdienu<\/li>\n<\/ul>\n<p style=\"margin-left:auto;\">\u00a0<\/p>\n<p><script async src=\"https:\/\/platform.twitter.com\/widgets.js\" charset=\"utf-8\"><\/script><script async src=\"\/\/www.instagram.com\/embed.js\"><\/script><\/p>\n","protected":false},"excerpt":{"rendered":"Saist\u012bb\u0101 ar d\u0101rglietu z\u0101dz\u012bbu no Luvras aiztur\u0113tas divas personas, sv\u0113tdien apstiprin\u0101ja prokurat\u016bra. Vienu no person\u0101m aiztur\u0113ja Par\u012bzes \u0160ala&hellip;\n","protected":false},"author":2,"featured_media":31859,"comment_status":"","ping_status":"","sticky":false,"template":"","format":"standard","meta":{"footnotes":""},"categories":[14],"tags":[23,57,28,29,32,33,22,30,31,35,39,38,36,37,34,40,20,26,27,24,25,54,55,56,21,58],"class_list":{"0":"post-31858","1":"post","2":"type-post","3":"status-publish","4":"format-standard","5":"has-post-thumbnail","7":"category-zinas-no-arvalstim","8":"tag-aktualitates","9":"tag-arvalstim","10":"tag-breaking-news","11":"tag-breakingnews","12":"tag-featured-news","13":"tag-featurednews","14":"tag-headlines","15":"tag-latest-news","16":"tag-latestnews","17":"tag-latvia","18":"tag-latvian","19":"tag-latviesu","20":"tag-latviesu-valoda","21":"tag-latviesuvaloda","22":"tag-latvija","23":"tag-lv","24":"tag-news","25":"tag-popularakas-zinas","26":"tag-popularakaszinas","27":"tag-top-stories","28":"tag-topstories","29":"tag-world","30":"tag-world-news","31":"tag-worldnews","32":"tag-zinas","33":"tag-zinas-no-arvalstim"},"share_on_mastodon":{"url":"https:\/\/pubeurope.com\/@lv\/115442437645672534","error":""},"_links":{"self":[{"href":"https:\/\/www.europesays.com\/lv\/wp-json\/wp\/v2\/posts\/31858","targetHints":{"allow":["GET"]}}],"collection":[{"href":"https:\/\/www.europesays.com\/lv\/wp-json\/wp\/v2\/posts"}],"about":[{"href":"https:\/\/www.europesays.com\/lv\/wp-json\/wp\/v2\/types\/post"}],"author":[{"embeddable":true,"href":"https:\/\/www.europesays.com\/lv\/wp-json\/wp\/v2\/users\/2"}],"replies":[{"embeddable":true,"href":"https:\/\/www.europesays.com\/lv\/wp-json\/wp\/v2\/comments?post=31858"}],"version-history":[{"count":0,"href":"https:\/\/www.europesays.com\/lv\/wp-json\/wp\/v2\/posts\/31858\/revisions"}],"wp:featuredmedia":[{"embeddable":true,"href":"https:\/\/www.europesays.com\/lv\/wp-json\/wp\/v2\/media\/31859"}],"wp:attachment":[{"href":"https:\/\/www.europesays.com\/lv\/wp-json\/wp\/v2\/media?parent=31858"}],"wp:term":[{"taxonomy":"category","embeddable":true,"href":"https:\/\/www.europesays.com\/lv\/wp-json\/wp\/v2\/categories?post=31858"},{"taxonomy":"post_tag","embeddable":true,"href":"https:\/\/www.europesays.com\/lv\/wp-json\/wp\/v2\/tags?post=31858"}],"curies":[{"name":"wp","href":"https:\/\/api.w.org\/{rel}","templated":true}]}}